{"id":28128,"date":"2020-12-01T14:10:28","date_gmt":"2020-12-01T14:10:28","guid":{"rendered":"https:\/\/armstrongyregion.com.ar\/diario\/?p=28128"},"modified":"2020-12-01T14:10:31","modified_gmt":"2020-12-01T14:10:31","slug":"canada-de-gomez-celebramos-la-llegada-de-una-nueva-ambulancia-en-beneficio-de-la-ciudad-y-la-region","status":"publish","type":"post","link":"https:\/\/armstrongyregion.com.ar\/diario\/canada-de-gomez-celebramos-la-llegada-de-una-nueva-ambulancia-en-beneficio-de-la-ciudad-y-la-region\/","title":{"rendered":"Ca\u00f1ada de G\u00f3mez. \u00abCelebramos la llegada de una nueva ambulancia en beneficio de la ciudad y la regi\u00f3n\u00bb"},"content":{"rendered":"\n<figure class=\"wp-block-image size-large\"><img loading=\"lazy\" decoding=\"async\" width=\"537\" height=\"361\" src=\"http:\/\/armstrongyregion.com.ar\/diario\/wp-content\/uploads\/2020\/12\/WhatsApp-Image-2020-12-01-at-07.38.24.jpg\" alt=\"\" class=\"wp-image-28129\" srcset=\"https:\/\/armstrongyregion.com.ar\/diario\/wp-content\/uploads\/2020\/12\/WhatsApp-Image-2020-12-01-at-07.38.24.jpg 537w, https:\/\/armstrongyregion.com.ar\/diario\/wp-content\/uploads\/2020\/12\/WhatsApp-Image-2020-12-01-at-07.38.24-300x202.jpg 300w\" sizes=\"auto, (max-width: 537px) 100vw, 537px\" \/><\/figure>\n\n\n\n<p>Lo expres\u00f3 el director del Hospital San Jos\u00e9 luego de que el Gobierno de Santa Fe transfiriera los fondos al Municipio de Ca\u00f1ada de G\u00f3mez para que realice la compra de la unidad que luego ser\u00e1 cedida al efector de salud.<\/p>\n\n\n\n<p>En la jornada de ayer se confirm\u00f3 que el Gobierno de Santa Fe, como parte del \u00abPrograma Atenci\u00f3n Gobiernos Locales Emergencia Covid-19\u00bb, envi\u00f3 a la Municipalidad de Ca\u00f1ada de G\u00f3mez los fondos para la compra de la ambulancia y su equipamiento para el Hospital San Jos\u00e9.<\/p>\n\n\n\n<p>Se trata de una inversi\u00f3n de cuatro millones quinientos mil pesos y la unidad ser\u00e1 afectada al uso por parte del efector de salud. \u201cCelebramos la llegada de una nueva ambulancia en beneficio de la ciudad y la regi\u00f3n, a partir del trabajo conjunto\u201d, expres\u00f3 el director del Hospital San Jos\u00e9, Dr. Gonzalo Rodr\u00edguez.<\/p>\n\n\n\n<p>\u201cAgradecemos al gobernador, la ministra de Salud y la intendenta Cl\u00e9rici por concluir estas gestiones iniciadas desde el Comit\u00e9 Departamental Iriondo. Nos pone muy contentos porque es una unidad muy importante, que se suma a nuestro Hospital\u201d, concluy\u00f3 Rodr\u00edguez.&nbsp;<br><\/p>\n","protected":false},"excerpt":{"rendered":"<p>Lo expres\u00f3 el director del Hospital San Jos\u00e9 luego de que el Gobierno de Santa Fe transfiriera los fondos al Municipio de Ca\u00f1ada de G\u00f3mez para que realice la compra de la unidad que luego ser\u00e1 cedida al efector de salud. En la jornada de ayer se confirm\u00f3 que el Gobierno de Santa Fe, como <a href=\"https:\/\/armstrongyregion.com.ar\/diario\/canada-de-gomez-celebramos-la-llegada-de-una-nueva-ambulancia-en-beneficio-de-la-ciudad-y-la-region\/\" title=\"Read more\" >&#8230;<\/a><\/p>\n","protected":false},"author":1,"featured_media":28129,"comment_status":"open","ping_status":"open","sticky":false,"template":"","format":"image","meta":{"_jetpack_memberships_contains_paid_content":false,"footnotes":"","jetpack_publicize_message":"","jetpack_publicize_feature_enabled":true,"jetpack_social_post_already_shared":true,"jetpack_social_options":{"image_generator_settings":{"template":"highway","default_image_id":0,"enabled":false},"version":2}},"categories":[8,1,7,4,3],"tags":[],"class_list":["post-28128","post","type-post","status-publish","format-image","has-post-thumbnail","hentry","category-deliberando","category-diario-armstrong","category-politica","category-prevencion-salud","category-region","post_format-post-format-image"],"jetpack_publicize_connections":[],"jetpack_featured_media_url":"https:\/\/armstrongyregion.com.ar\/diario\/wp-content\/uploads\/2020\/12\/WhatsApp-Image-2020-12-01-at-07.38.24.jpg","jetpack_shortlink":"https:\/\/wp.me\/p62QDO-7jG","jetpack_sharing_enabled":true,"amp_enabled":true,"_links":{"self":[{"href":"https:\/\/armstrongyregion.com.ar\/diario\/wp-json\/wp\/v2\/posts\/28128","targetHints":{"allow":["GET"]}}],"collection":[{"href":"https:\/\/armstrongyregion.com.ar\/diario\/wp-json\/wp\/v2\/posts"}],"about":[{"href":"https:\/\/armstrongyregion.com.ar\/diario\/wp-json\/wp\/v2\/types\/post"}],"author":[{"embeddable":true,"href":"https:\/\/armstrongyregion.com.ar\/diario\/wp-json\/wp\/v2\/users\/1"}],"replies":[{"embeddable":true,"href":"https:\/\/armstrongyregion.com.ar\/diario\/wp-json\/wp\/v2\/comments?post=28128"}],"version-history":[{"count":1,"href":"https:\/\/armstrongyregion.com.ar\/diario\/wp-json\/wp\/v2\/posts\/28128\/revisions"}],"predecessor-version":[{"id":28130,"href":"https:\/\/armstrongyregion.com.ar\/diario\/wp-json\/wp\/v2\/posts\/28128\/revisions\/28130"}],"wp:featuredmedia":[{"embeddable":true,"href":"https:\/\/armstrongyregion.com.ar\/diario\/wp-json\/wp\/v2\/media\/28129"}],"wp:attachment":[{"href":"https:\/\/armstrongyregion.com.ar\/diario\/wp-json\/wp\/v2\/media?parent=28128"}],"wp:term":[{"taxonomy":"category","embeddable":true,"href":"https:\/\/armstrongyregion.com.ar\/diario\/wp-json\/wp\/v2\/categories?post=28128"},{"taxonomy":"post_tag","embeddable":true,"href":"https:\/\/armstrongyregion.com.ar\/diario\/wp-json\/wp\/v2\/tags?post=28128"}],"curies":[{"name":"wp","href":"https:\/\/api.w.org\/{rel}","templated":true}]}}