{"id":28105,"date":"2020-11-29T00:50:46","date_gmt":"2020-11-29T00:50:46","guid":{"rendered":"https:\/\/armstrongyregion.com.ar\/diario\/?p=28105"},"modified":"2020-11-29T00:50:49","modified_gmt":"2020-11-29T00:50:49","slug":"canada-de-gomez-clerici-reinauguro-la-calesita-catalino","status":"publish","type":"post","link":"https:\/\/armstrongyregion.com.ar\/diario\/canada-de-gomez-clerici-reinauguro-la-calesita-catalino\/","title":{"rendered":"Ca\u00f1ada de G\u00f3mez. Cl\u00e9rici reinaugur\u00f3 la \u00abCalesita Catalino\u00bb."},"content":{"rendered":"\n<figure class=\"wp-block-image size-large\"><img loading=\"lazy\" decoding=\"async\" width=\"576\" height=\"432\" src=\"http:\/\/armstrongyregion.com.ar\/diario\/wp-content\/uploads\/2020\/11\/clerici-calesita-1-.jpg\" alt=\"\" class=\"wp-image-28106\" srcset=\"https:\/\/armstrongyregion.com.ar\/diario\/wp-content\/uploads\/2020\/11\/clerici-calesita-1-.jpg 576w, https:\/\/armstrongyregion.com.ar\/diario\/wp-content\/uploads\/2020\/11\/clerici-calesita-1--300x225.jpg 300w\" sizes=\"auto, (max-width: 576px) 100vw, 576px\" \/><\/figure>\n\n\n\n<p>Fue restaurada por personal municipal mientras estuvo cerrada por la pandemia. Funcionar\u00e1 s\u00e1bados y domingos de 18.30 a 20.30 hs.<\/p>\n\n\n\n<p>La intendenta Stella Cl\u00e9rici reinaugur\u00f3 esta tarde la tradicional \u201cCalesita Catalino\u201d, luego de estar cerrada en el marco de la pandemia y aprovechar ese tiempo para reparar sus juegos y su sistema de funcionamiento.<\/p>\n\n\n\n<figure class=\"wp-block-image size-large\"><img loading=\"lazy\" decoding=\"async\" width=\"576\" height=\"432\" src=\"http:\/\/armstrongyregion.com.ar\/diario\/wp-content\/uploads\/2020\/11\/clerici-calesita-2-.jpg\" alt=\"\" class=\"wp-image-28107\" srcset=\"https:\/\/armstrongyregion.com.ar\/diario\/wp-content\/uploads\/2020\/11\/clerici-calesita-2-.jpg 576w, https:\/\/armstrongyregion.com.ar\/diario\/wp-content\/uploads\/2020\/11\/clerici-calesita-2--300x225.jpg 300w\" sizes=\"auto, (max-width: 576px) 100vw, 576px\" \/><\/figure>\n\n\n\n<p>En el acto, Cl\u00e9rici reconoci\u00f3 el trabajo de los empleados municipales que tuvieron a cargo la restauraci\u00f3n, y especialmente record\u00f3 uno de los trabajadores que falleci\u00f3 hace unas semanas. A partir de hoy funcionar\u00e1 s\u00e1bados y domingos de 18.30 a 20.30 hs. con todas las medidas de higiene y distanciamiento necesarias.<\/p>\n\n\n\n<p>\u201cReinauguramos nuestra querida calesita Catalino, totalmente restaurada y m\u00e1s hermosa que nunca. Gracias al personal de carpinter\u00eda de la Muni, por el trabajo realizado con tanto amor y dedicaci\u00f3n. Especialmente a V\u00edctor, un gran compa\u00f1ero que ya no est\u00e1 entre nosotros\u201d, expres\u00f3.&nbsp;<br><\/p>\n","protected":false},"excerpt":{"rendered":"<p>Fue restaurada por personal municipal mientras estuvo cerrada por la pandemia. Funcionar\u00e1 s\u00e1bados y domingos de 18.30 a 20.30 hs. La intendenta Stella Cl\u00e9rici reinaugur\u00f3 esta tarde la tradicional \u201cCalesita Catalino\u201d, luego de estar cerrada en el marco de la pandemia y aprovechar ese tiempo para reparar sus juegos y su sistema de funcionamiento. En <a href=\"https:\/\/armstrongyregion.com.ar\/diario\/canada-de-gomez-clerici-reinauguro-la-calesita-catalino\/\" title=\"Read more\" >&#8230;<\/a><\/p>\n","protected":false},"author":1,"featured_media":28106,"comment_status":"open","ping_status":"open","sticky":false,"template":"","format":"image","meta":{"_jetpack_memberships_contains_paid_content":false,"footnotes":"","jetpack_publicize_message":"","jetpack_publicize_feature_enabled":true,"jetpack_social_post_already_shared":true,"jetpack_social_options":{"image_generator_settings":{"template":"highway","default_image_id":0,"enabled":false},"version":2}},"categories":[8,1,3],"tags":[],"class_list":["post-28105","post","type-post","status-publish","format-image","has-post-thumbnail","hentry","category-deliberando","category-diario-armstrong","category-region","post_format-post-format-image"],"jetpack_publicize_connections":[],"jetpack_featured_media_url":"https:\/\/armstrongyregion.com.ar\/diario\/wp-content\/uploads\/2020\/11\/clerici-calesita-1-.jpg","jetpack_shortlink":"https:\/\/wp.me\/p62QDO-7jj","jetpack_sharing_enabled":true,"amp_enabled":true,"_links":{"self":[{"href":"https:\/\/armstrongyregion.com.ar\/diario\/wp-json\/wp\/v2\/posts\/28105","targetHints":{"allow":["GET"]}}],"collection":[{"href":"https:\/\/armstrongyregion.com.ar\/diario\/wp-json\/wp\/v2\/posts"}],"about":[{"href":"https:\/\/armstrongyregion.com.ar\/diario\/wp-json\/wp\/v2\/types\/post"}],"author":[{"embeddable":true,"href":"https:\/\/armstrongyregion.com.ar\/diario\/wp-json\/wp\/v2\/users\/1"}],"replies":[{"embeddable":true,"href":"https:\/\/armstrongyregion.com.ar\/diario\/wp-json\/wp\/v2\/comments?post=28105"}],"version-history":[{"count":1,"href":"https:\/\/armstrongyregion.com.ar\/diario\/wp-json\/wp\/v2\/posts\/28105\/revisions"}],"predecessor-version":[{"id":28108,"href":"https:\/\/armstrongyregion.com.ar\/diario\/wp-json\/wp\/v2\/posts\/28105\/revisions\/28108"}],"wp:featuredmedia":[{"embeddable":true,"href":"https:\/\/armstrongyregion.com.ar\/diario\/wp-json\/wp\/v2\/media\/28106"}],"wp:attachment":[{"href":"https:\/\/armstrongyregion.com.ar\/diario\/wp-json\/wp\/v2\/media?parent=28105"}],"wp:term":[{"taxonomy":"category","embeddable":true,"href":"https:\/\/armstrongyregion.com.ar\/diario\/wp-json\/wp\/v2\/categories?post=28105"},{"taxonomy":"post_tag","embeddable":true,"href":"https:\/\/armstrongyregion.com.ar\/diario\/wp-json\/wp\/v2\/tags?post=28105"}],"curies":[{"name":"wp","href":"https:\/\/api.w.org\/{rel}","templated":true}]}}