{"id":28070,"date":"2020-11-26T10:21:43","date_gmt":"2020-11-26T10:21:43","guid":{"rendered":"https:\/\/armstrongyregion.com.ar\/diario\/?p=28070"},"modified":"2020-11-26T10:21:47","modified_gmt":"2020-11-26T10:21:47","slug":"santa-fe-adhiere-al-duelo-nacional-por-el-fallecimiento-de-diego-maradona","status":"publish","type":"post","link":"https:\/\/armstrongyregion.com.ar\/diario\/santa-fe-adhiere-al-duelo-nacional-por-el-fallecimiento-de-diego-maradona\/","title":{"rendered":"Santa Fe adhiere al duelo nacional por el fallecimiento de Diego Maradona."},"content":{"rendered":"\n<figure class=\"wp-block-image size-large\"><img loading=\"lazy\" decoding=\"async\" width=\"840\" height=\"473\" src=\"http:\/\/armstrongyregion.com.ar\/diario\/wp-content\/uploads\/2020\/11\/Diego-Maradona-.jpg\" alt=\"\" class=\"wp-image-28071\" srcset=\"https:\/\/armstrongyregion.com.ar\/diario\/wp-content\/uploads\/2020\/11\/Diego-Maradona-.jpg 840w, https:\/\/armstrongyregion.com.ar\/diario\/wp-content\/uploads\/2020\/11\/Diego-Maradona--300x169.jpg 300w, https:\/\/armstrongyregion.com.ar\/diario\/wp-content\/uploads\/2020\/11\/Diego-Maradona--768x432.jpg 768w\" sizes=\"auto, (max-width: 840px) 100vw, 840px\" \/><\/figure>\n\n\n\n<h2 class=\"wp-block-heading\">El gobierno de la provincia de Santa Fe adhiri\u00f3, a trav\u00e9s del decreto N\u00b0 1496, al duelo de 72 horas por el fallecimiento de Diego Armando Maradona. En los fundamentos se hace un reconocimiento de la trayectoria deportiva del mejor futbolista del siglo XX.<\/h2>\n\n\n\n<p>\n\nEl gobierno de la provincia de Santa Fe adhiri\u00f3, a trav\u00e9s del decreto N\u00b0 1496, al duelo de 72 horas por el fallecimiento de Diego Armando Maradona, que fue dispuesto por el Poder Ejecutivo Nacional en todo el \u00e1mbito de la Rep\u00fablica Argentina.<\/p>\n\n\n\n<p>El decreto destaca la trayectoria deportiva de Maradona, tanto en equipos nacionales como internacionales; as\u00ed como en la Selecci\u00f3n Argentina, obteniendo los t\u00edtulos de Campe\u00f3n Mundial Juvenil en 1979, Campe\u00f3n Mundial en 1986 y Subcampe\u00f3n Mundial en 1990 con la Selecci\u00f3n Argentina.<\/p>\n\n\n\n<p>Entre los fundamentos se se\u00f1ala que el futbolista fallecido, supo despertar enormes alegr\u00edas y sentimientos colectivos que lo hicieron acreedor del reconocimiento y gratitud de los argentinos. El merecido homenaje&nbsp;al m\u00e1s grande futbolista de la historia.&nbsp;<\/p>\n\n\n\n<h2 class=\"wp-block-heading\"><br>\u00a0<\/h2>\n","protected":false},"excerpt":{"rendered":"<p>El gobierno de la provincia de Santa Fe adhiri\u00f3, a trav\u00e9s del decreto N\u00b0 1496, al duelo de 72 horas por el fallecimiento de Diego Armando Maradona. En los fundamentos se hace un reconocimiento de la trayectoria deportiva del mejor futbolista del siglo XX. El gobierno de la provincia de Santa Fe adhiri\u00f3, a trav\u00e9s <a href=\"https:\/\/armstrongyregion.com.ar\/diario\/santa-fe-adhiere-al-duelo-nacional-por-el-fallecimiento-de-diego-maradona\/\" title=\"Read more\" >&#8230;<\/a><\/p>\n","protected":false},"author":1,"featured_media":28071,"comment_status":"open","ping_status":"open","sticky":false,"template":"","format":"image","meta":{"_jetpack_memberships_contains_paid_content":false,"footnotes":"","jetpack_publicize_message":"","jetpack_publicize_feature_enabled":true,"jetpack_social_post_already_shared":true,"jetpack_social_options":{"image_generator_settings":{"template":"highway","default_image_id":0,"enabled":false},"version":2}},"categories":[8,1,2,7,3],"tags":[],"class_list":["post-28070","post","type-post","status-publish","format-image","has-post-thumbnail","hentry","category-deliberando","category-diario-armstrong","category-locales","category-politica","category-region","post_format-post-format-image"],"jetpack_publicize_connections":[],"jetpack_featured_media_url":"https:\/\/armstrongyregion.com.ar\/diario\/wp-content\/uploads\/2020\/11\/Diego-Maradona-.jpg","jetpack_shortlink":"https:\/\/wp.me\/p62QDO-7iK","jetpack_sharing_enabled":true,"amp_enabled":true,"_links":{"self":[{"href":"https:\/\/armstrongyregion.com.ar\/diario\/wp-json\/wp\/v2\/posts\/28070","targetHints":{"allow":["GET"]}}],"collection":[{"href":"https:\/\/armstrongyregion.com.ar\/diario\/wp-json\/wp\/v2\/posts"}],"about":[{"href":"https:\/\/armstrongyregion.com.ar\/diario\/wp-json\/wp\/v2\/types\/post"}],"author":[{"embeddable":true,"href":"https:\/\/armstrongyregion.com.ar\/diario\/wp-json\/wp\/v2\/users\/1"}],"replies":[{"embeddable":true,"href":"https:\/\/armstrongyregion.com.ar\/diario\/wp-json\/wp\/v2\/comments?post=28070"}],"version-history":[{"count":1,"href":"https:\/\/armstrongyregion.com.ar\/diario\/wp-json\/wp\/v2\/posts\/28070\/revisions"}],"predecessor-version":[{"id":28072,"href":"https:\/\/armstrongyregion.com.ar\/diario\/wp-json\/wp\/v2\/posts\/28070\/revisions\/28072"}],"wp:featuredmedia":[{"embeddable":true,"href":"https:\/\/armstrongyregion.com.ar\/diario\/wp-json\/wp\/v2\/media\/28071"}],"wp:attachment":[{"href":"https:\/\/armstrongyregion.com.ar\/diario\/wp-json\/wp\/v2\/media?parent=28070"}],"wp:term":[{"taxonomy":"category","embeddable":true,"href":"https:\/\/armstrongyregion.com.ar\/diario\/wp-json\/wp\/v2\/categories?post=28070"},{"taxonomy":"post_tag","embeddable":true,"href":"https:\/\/armstrongyregion.com.ar\/diario\/wp-json\/wp\/v2\/tags?post=28070"}],"curies":[{"name":"wp","href":"https:\/\/api.w.org\/{rel}","templated":true}]}}