{"id":28041,"date":"2020-11-21T23:40:52","date_gmt":"2020-11-21T23:40:52","guid":{"rendered":"https:\/\/armstrongyregion.com.ar\/diario\/?p=28041"},"modified":"2020-11-21T23:40:57","modified_gmt":"2020-11-21T23:40:57","slug":"la-provincia-avanza-hacia-el-regreso-a-las-clases-presenciales","status":"publish","type":"post","link":"https:\/\/armstrongyregion.com.ar\/diario\/la-provincia-avanza-hacia-el-regreso-a-las-clases-presenciales\/","title":{"rendered":"La provincia avanza hacia el regreso a las clases presenciales."},"content":{"rendered":"\n<figure class=\"wp-block-image size-large\"><img loading=\"lazy\" decoding=\"async\" width=\"720\" height=\"405\" src=\"http:\/\/armstrongyregion.com.ar\/diario\/wp-content\/uploads\/2020\/11\/1601156985_148176_1601157532_noticia_normal_recorte1.jpg\" alt=\"\" class=\"wp-image-28042\" srcset=\"https:\/\/armstrongyregion.com.ar\/diario\/wp-content\/uploads\/2020\/11\/1601156985_148176_1601157532_noticia_normal_recorte1.jpg 720w, https:\/\/armstrongyregion.com.ar\/diario\/wp-content\/uploads\/2020\/11\/1601156985_148176_1601157532_noticia_normal_recorte1-300x169.jpg 300w\" sizes=\"auto, (max-width: 720px) 100vw, 720px\" \/><\/figure>\n\n\n\n<h2 class=\"wp-block-heading\"> El Ministerio de Educaci\u00f3n planificar\u00e1 los primeros encuentros propiciatorios de la vuelta a la presencialidad. En las escuelas habilitadas, los alumnos recibir\u00e1n los cuadernillos de apoyo escolar durante la primera quincena del mes de diciembre. <\/h2>\n\n\n\n<p>\n\nEl gobierno de la provincia instruy\u00f3 al Ministerio de Educaci\u00f3n a trav\u00e9s del decreto 1446 a la planificaci\u00f3n de encuentros que propicien la vuelta a la presencialidad, mediante la organizaci\u00f3n de grupos de estudiantes, a fin de que concurran a la escuela la primera quincena del mes de diciembre.<\/p>\n\n\n\n<p>En la oportunidad recibir\u00e1n los cuadernos de trabajo que forman parte del acompa\u00f1amiento de trayectorias escolares, compartiendo consignas de seguimiento y al mismo tiempo, fortaleciendo la convocatoria a la continuidad prevista en el ciclo 2021.<\/p>\n\n\n\n<p>Cabe se\u00f1alar que las acciones que se habilitan, ser\u00e1n llevadas adelante en esta primera etapa en las escuelas habilitadas (la mayor\u00eda de ellas rurales o en zonas con baja incidencia del Covid) con la conformaci\u00f3n de grupos peque\u00f1os, atenidos a un estricto cumplimiento de los protocolos aprobados para el sector y las recomendaciones establecidas por las autoridades sanitarias.<\/p>\n\n\n\n<p>Por \u00faltimo, estas decisiones se enmarcan en los acuerdos federales para el regreso progresivo al dispositivo presencial en las escuelas habiendo sido aprobado el plan oportunamente presentado por la provincia de Santa Fe y debidamente comunicado a las instituciones educativas de la jurisdicci\u00f3n. Para ello, se han habilitado las refacciones edilicias y la provisi\u00f3n de insumos para estas experiencias protocolizadas.<\/p>\n","protected":false},"excerpt":{"rendered":"<p>El Ministerio de Educaci\u00f3n planificar\u00e1 los primeros encuentros propiciatorios de la vuelta a la presencialidad. En las escuelas habilitadas, los alumnos recibir\u00e1n los cuadernillos de apoyo escolar durante la primera quincena del mes de diciembre. El gobierno de la provincia instruy\u00f3 al Ministerio de Educaci\u00f3n a trav\u00e9s del decreto 1446 a la planificaci\u00f3n de encuentros <a href=\"https:\/\/armstrongyregion.com.ar\/diario\/la-provincia-avanza-hacia-el-regreso-a-las-clases-presenciales\/\" title=\"Read more\" >&#8230;<\/a><\/p>\n","protected":false},"author":1,"featured_media":28042,"comment_status":"open","ping_status":"open","sticky":false,"template":"","format":"image","meta":{"_jetpack_memberships_contains_paid_content":false,"footnotes":"","jetpack_publicize_message":"","jetpack_publicize_feature_enabled":true,"jetpack_social_post_already_shared":true,"jetpack_social_options":{"image_generator_settings":{"template":"highway","default_image_id":0,"enabled":false},"version":2}},"categories":[6,8,1,2,7,3],"tags":[],"class_list":["post-28041","post","type-post","status-publish","format-image","has-post-thumbnail","hentry","category-cultura-entretenimiento","category-deliberando","category-diario-armstrong","category-locales","category-politica","category-region","post_format-post-format-image"],"jetpack_publicize_connections":[],"jetpack_featured_media_url":"https:\/\/armstrongyregion.com.ar\/diario\/wp-content\/uploads\/2020\/11\/1601156985_148176_1601157532_noticia_normal_recorte1.jpg","jetpack_shortlink":"https:\/\/wp.me\/p62QDO-7ih","jetpack_sharing_enabled":true,"amp_enabled":true,"_links":{"self":[{"href":"https:\/\/armstrongyregion.com.ar\/diario\/wp-json\/wp\/v2\/posts\/28041","targetHints":{"allow":["GET"]}}],"collection":[{"href":"https:\/\/armstrongyregion.com.ar\/diario\/wp-json\/wp\/v2\/posts"}],"about":[{"href":"https:\/\/armstrongyregion.com.ar\/diario\/wp-json\/wp\/v2\/types\/post"}],"author":[{"embeddable":true,"href":"https:\/\/armstrongyregion.com.ar\/diario\/wp-json\/wp\/v2\/users\/1"}],"replies":[{"embeddable":true,"href":"https:\/\/armstrongyregion.com.ar\/diario\/wp-json\/wp\/v2\/comments?post=28041"}],"version-history":[{"count":1,"href":"https:\/\/armstrongyregion.com.ar\/diario\/wp-json\/wp\/v2\/posts\/28041\/revisions"}],"predecessor-version":[{"id":28043,"href":"https:\/\/armstrongyregion.com.ar\/diario\/wp-json\/wp\/v2\/posts\/28041\/revisions\/28043"}],"wp:featuredmedia":[{"embeddable":true,"href":"https:\/\/armstrongyregion.com.ar\/diario\/wp-json\/wp\/v2\/media\/28042"}],"wp:attachment":[{"href":"https:\/\/armstrongyregion.com.ar\/diario\/wp-json\/wp\/v2\/media?parent=28041"}],"wp:term":[{"taxonomy":"category","embeddable":true,"href":"https:\/\/armstrongyregion.com.ar\/diario\/wp-json\/wp\/v2\/categories?post=28041"},{"taxonomy":"post_tag","embeddable":true,"href":"https:\/\/armstrongyregion.com.ar\/diario\/wp-json\/wp\/v2\/tags?post=28041"}],"curies":[{"name":"wp","href":"https:\/\/api.w.org\/{rel}","templated":true}]}}