{"id":27992,"date":"2020-11-17T14:05:30","date_gmt":"2020-11-17T14:05:30","guid":{"rendered":"https:\/\/armstrongyregion.com.ar\/diario\/?p=27992"},"modified":"2020-11-17T14:05:34","modified_gmt":"2020-11-17T14:05:34","slug":"la-municipalidad-de-canada-de-gomez-se-suma-al-santa-fe-mas","status":"publish","type":"post","link":"https:\/\/armstrongyregion.com.ar\/diario\/la-municipalidad-de-canada-de-gomez-se-suma-al-santa-fe-mas\/","title":{"rendered":"La Municipalidad de Ca\u00f1ada de G\u00f3mez se suma al Santa Fe Mas."},"content":{"rendered":"\n<figure class=\"wp-block-image size-large\"><img loading=\"lazy\" decoding=\"async\" width=\"438\" height=\"640\" src=\"http:\/\/armstrongyregion.com.ar\/diario\/wp-content\/uploads\/2020\/11\/WhatsApp-Image-2020-11-16-at-12.20.33.jpg\" alt=\"\" class=\"wp-image-27993\" srcset=\"https:\/\/armstrongyregion.com.ar\/diario\/wp-content\/uploads\/2020\/11\/WhatsApp-Image-2020-11-16-at-12.20.33.jpg 438w, https:\/\/armstrongyregion.com.ar\/diario\/wp-content\/uploads\/2020\/11\/WhatsApp-Image-2020-11-16-at-12.20.33-205x300.jpg 205w\" sizes=\"auto, (max-width: 438px) 100vw, 438px\" \/><\/figure>\n\n\n\n<p>Se trata de un programa provincial de capacitaci\u00f3n en servicios, construcci\u00f3n y producci\u00f3n de bienes. Est\u00e1 dirigido a j\u00f3venes de 16 a 30 a\u00f1os que no estudien ni trabajen.<\/p>\n\n\n\n<p>La Municipalidad de Ca\u00f1ada de G\u00f3mez se suma al programa Santa Fe M\u00e1s, una iniciativa del Gobierno provincial que brinda herramientas para la inserci\u00f3n en el mundo del trabajo, capacitando en servicios, construcci\u00f3n y producci\u00f3n de bienes.<\/p>\n\n\n\n<p>La propuesta est\u00e1 dirigida a j\u00f3venes de 16 a 30 a\u00f1os que no estudien ni trabajen. La inscripci\u00f3n se realiza mi\u00e9rcoles 18, jueves 19 y viernes 20 de noviembre de 8 a 12 hs en Casa del Bicentenario y es necesario concurrir con DNI.&nbsp;<br><\/p>\n","protected":false},"excerpt":{"rendered":"<p>Se trata de un programa provincial de capacitaci\u00f3n en servicios, construcci\u00f3n y producci\u00f3n de bienes. Est\u00e1 dirigido a j\u00f3venes de 16 a 30 a\u00f1os que no estudien ni trabajen. La Municipalidad de Ca\u00f1ada de G\u00f3mez se suma al programa Santa Fe M\u00e1s, una iniciativa del Gobierno provincial que brinda herramientas para la inserci\u00f3n en el <a href=\"https:\/\/armstrongyregion.com.ar\/diario\/la-municipalidad-de-canada-de-gomez-se-suma-al-santa-fe-mas\/\" title=\"Read more\" >&#8230;<\/a><\/p>\n","protected":false},"author":1,"featured_media":27993,"comment_status":"open","ping_status":"open","sticky":false,"template":"","format":"image","meta":{"_jetpack_memberships_contains_paid_content":false,"footnotes":"","jetpack_publicize_message":"","jetpack_publicize_feature_enabled":true,"jetpack_social_post_already_shared":true,"jetpack_social_options":{"image_generator_settings":{"template":"highway","default_image_id":0,"enabled":false},"version":2}},"categories":[8,1,3],"tags":[],"class_list":["post-27992","post","type-post","status-publish","format-image","has-post-thumbnail","hentry","category-deliberando","category-diario-armstrong","category-region","post_format-post-format-image"],"jetpack_publicize_connections":[],"jetpack_featured_media_url":"https:\/\/armstrongyregion.com.ar\/diario\/wp-content\/uploads\/2020\/11\/WhatsApp-Image-2020-11-16-at-12.20.33.jpg","jetpack_shortlink":"https:\/\/wp.me\/p62QDO-7hu","jetpack_sharing_enabled":true,"amp_enabled":true,"_links":{"self":[{"href":"https:\/\/armstrongyregion.com.ar\/diario\/wp-json\/wp\/v2\/posts\/27992","targetHints":{"allow":["GET"]}}],"collection":[{"href":"https:\/\/armstrongyregion.com.ar\/diario\/wp-json\/wp\/v2\/posts"}],"about":[{"href":"https:\/\/armstrongyregion.com.ar\/diario\/wp-json\/wp\/v2\/types\/post"}],"author":[{"embeddable":true,"href":"https:\/\/armstrongyregion.com.ar\/diario\/wp-json\/wp\/v2\/users\/1"}],"replies":[{"embeddable":true,"href":"https:\/\/armstrongyregion.com.ar\/diario\/wp-json\/wp\/v2\/comments?post=27992"}],"version-history":[{"count":1,"href":"https:\/\/armstrongyregion.com.ar\/diario\/wp-json\/wp\/v2\/posts\/27992\/revisions"}],"predecessor-version":[{"id":27994,"href":"https:\/\/armstrongyregion.com.ar\/diario\/wp-json\/wp\/v2\/posts\/27992\/revisions\/27994"}],"wp:featuredmedia":[{"embeddable":true,"href":"https:\/\/armstrongyregion.com.ar\/diario\/wp-json\/wp\/v2\/media\/27993"}],"wp:attachment":[{"href":"https:\/\/armstrongyregion.com.ar\/diario\/wp-json\/wp\/v2\/media?parent=27992"}],"wp:term":[{"taxonomy":"category","embeddable":true,"href":"https:\/\/armstrongyregion.com.ar\/diario\/wp-json\/wp\/v2\/categories?post=27992"},{"taxonomy":"post_tag","embeddable":true,"href":"https:\/\/armstrongyregion.com.ar\/diario\/wp-json\/wp\/v2\/tags?post=27992"}],"curies":[{"name":"wp","href":"https:\/\/api.w.org\/{rel}","templated":true}]}}