{"id":27941,"date":"2020-11-12T13:34:54","date_gmt":"2020-11-12T13:34:54","guid":{"rendered":"https:\/\/armstrongyregion.com.ar\/diario\/?p=27941"},"modified":"2020-11-12T13:34:58","modified_gmt":"2020-11-12T13:34:58","slug":"armstrong-festejos-en-el-dia-de-la-tradicion","status":"publish","type":"post","link":"https:\/\/armstrongyregion.com.ar\/diario\/armstrong-festejos-en-el-dia-de-la-tradicion\/","title":{"rendered":"Armstrong. Festejos en el d\u00eda de la Tradici\u00f3n."},"content":{"rendered":"\n<figure class=\"wp-block-image size-large\"><img loading=\"lazy\" decoding=\"async\" width=\"596\" height=\"413\" src=\"http:\/\/armstrongyregion.com.ar\/diario\/wp-content\/uploads\/2020\/11\/foto_nota_acto_de_la_trad_1.jpg\" alt=\"\" class=\"wp-image-27942\" srcset=\"https:\/\/armstrongyregion.com.ar\/diario\/wp-content\/uploads\/2020\/11\/foto_nota_acto_de_la_trad_1.jpg 596w, https:\/\/armstrongyregion.com.ar\/diario\/wp-content\/uploads\/2020\/11\/foto_nota_acto_de_la_trad_1-300x208.jpg 300w\" sizes=\"auto, (max-width: 596px) 100vw, 596px\" \/><\/figure>\n\n\n\n<p>Con la presencia de autoridades, integrantes del centro tradicionalista, colaboradores de la parroquia local y p\u00fablico se realiz\u00f3 un acto celebrando el d\u00eda de la tradici\u00f3n. Fue el 10 de noviembre, en el predio de El Tropero.<\/p>\n\n\n\n<p>Autoridades municipales hicieron entrega de banderas de flameo de Argentina y de la Provincia de Santa Fea la instituci\u00f3n anfitriona y, una vez izadas se entonaron las estrofas de nuestro himno nacional.<\/p>\n\n\n\n<figure class=\"wp-block-image\"><img decoding=\"async\" src=\"http:\/\/www.armstrong.gov.ar\/2020\/images\/articulos2020\/foto_nota_acto_de_la_trad_2.jpg\" alt=\"foto nota acto de la trad 2\"\/><\/figure>\n\n\n\n<p>En recuerdo del nacimiento de Jos\u00e9 Hern\u00e1ndez, en 1834, poeta gauchesco, pol\u00edtico y hombre de campo, y sus valores plasmados en el \u201cMart\u00edn Fierro\u201d, el Sr. Adri\u00e1n Monti, integrante de la comisi\u00f3n directiva y el Intendente Dr. Pablo Verdecchia hicieron uso de la palabra.<\/p>\n\n\n\n<p>Una vez finalizado el acto protocolar, se celebr\u00f3 una misa presidida por la imagen del Cura Gaucho, el Santo Cura Brochero instalada desde hace un a\u00f1o en el ingreso del lugar.<\/p>\n\n\n\n<figure class=\"wp-block-image\"><img decoding=\"async\" src=\"http:\/\/www.armstrong.gov.ar\/2020\/images\/articulos2020\/foto_acto_dia_de_la_trad_3.jpg\" alt=\"foto acto dia de la trad 3\"\/><\/figure>\n","protected":false},"excerpt":{"rendered":"<p>Con la presencia de autoridades, integrantes del centro tradicionalista, colaboradores de la parroquia local y p\u00fablico se realiz\u00f3 un acto celebrando el d\u00eda de la tradici\u00f3n. Fue el 10 de noviembre, en el predio de El Tropero. Autoridades municipales hicieron entrega de banderas de flameo de Argentina y de la Provincia de Santa Fea la <a href=\"https:\/\/armstrongyregion.com.ar\/diario\/armstrong-festejos-en-el-dia-de-la-tradicion\/\" title=\"Read more\" >&#8230;<\/a><\/p>\n","protected":false},"author":1,"featured_media":27942,"comment_status":"open","ping_status":"open","sticky":false,"template":"","format":"image","meta":{"_jetpack_memberships_contains_paid_content":false,"footnotes":"","jetpack_publicize_message":"","jetpack_publicize_feature_enabled":true,"jetpack_social_post_already_shared":true,"jetpack_social_options":{"image_generator_settings":{"template":"highway","default_image_id":0,"enabled":false},"version":2}},"categories":[8,1,2],"tags":[],"class_list":["post-27941","post","type-post","status-publish","format-image","has-post-thumbnail","hentry","category-deliberando","category-diario-armstrong","category-locales","post_format-post-format-image"],"jetpack_publicize_connections":[],"jetpack_featured_media_url":"https:\/\/armstrongyregion.com.ar\/diario\/wp-content\/uploads\/2020\/11\/foto_nota_acto_de_la_trad_1.jpg","jetpack_shortlink":"https:\/\/wp.me\/p62QDO-7gF","jetpack_sharing_enabled":true,"amp_enabled":true,"_links":{"self":[{"href":"https:\/\/armstrongyregion.com.ar\/diario\/wp-json\/wp\/v2\/posts\/27941","targetHints":{"allow":["GET"]}}],"collection":[{"href":"https:\/\/armstrongyregion.com.ar\/diario\/wp-json\/wp\/v2\/posts"}],"about":[{"href":"https:\/\/armstrongyregion.com.ar\/diario\/wp-json\/wp\/v2\/types\/post"}],"author":[{"embeddable":true,"href":"https:\/\/armstrongyregion.com.ar\/diario\/wp-json\/wp\/v2\/users\/1"}],"replies":[{"embeddable":true,"href":"https:\/\/armstrongyregion.com.ar\/diario\/wp-json\/wp\/v2\/comments?post=27941"}],"version-history":[{"count":1,"href":"https:\/\/armstrongyregion.com.ar\/diario\/wp-json\/wp\/v2\/posts\/27941\/revisions"}],"predecessor-version":[{"id":27943,"href":"https:\/\/armstrongyregion.com.ar\/diario\/wp-json\/wp\/v2\/posts\/27941\/revisions\/27943"}],"wp:featuredmedia":[{"embeddable":true,"href":"https:\/\/armstrongyregion.com.ar\/diario\/wp-json\/wp\/v2\/media\/27942"}],"wp:attachment":[{"href":"https:\/\/armstrongyregion.com.ar\/diario\/wp-json\/wp\/v2\/media?parent=27941"}],"wp:term":[{"taxonomy":"category","embeddable":true,"href":"https:\/\/armstrongyregion.com.ar\/diario\/wp-json\/wp\/v2\/categories?post=27941"},{"taxonomy":"post_tag","embeddable":true,"href":"https:\/\/armstrongyregion.com.ar\/diario\/wp-json\/wp\/v2\/tags?post=27941"}],"curies":[{"name":"wp","href":"https:\/\/api.w.org\/{rel}","templated":true}]}}