{"id":27926,"date":"2020-11-10T22:53:48","date_gmt":"2020-11-10T22:53:48","guid":{"rendered":"https:\/\/armstrongyregion.com.ar\/diario\/?p=27926"},"modified":"2020-11-10T22:53:52","modified_gmt":"2020-11-10T22:53:52","slug":"clerici-participo-de-la-llegada-de-dos-moviles-policiales-para-la-ciudad","status":"publish","type":"post","link":"https:\/\/armstrongyregion.com.ar\/diario\/clerici-participo-de-la-llegada-de-dos-moviles-policiales-para-la-ciudad\/","title":{"rendered":"Clerici particip\u00f3 de la llegada de dos m\u00f3viles policiales para la ciudad."},"content":{"rendered":"\n<figure class=\"wp-block-image size-large\"><img loading=\"lazy\" decoding=\"async\" width=\"640\" height=\"361\" src=\"http:\/\/armstrongyregion.com.ar\/diario\/wp-content\/uploads\/2020\/11\/WhatsApp-Image-2020-11-10-at-11.37.12.jpg\" alt=\"\" class=\"wp-image-27927\" srcset=\"https:\/\/armstrongyregion.com.ar\/diario\/wp-content\/uploads\/2020\/11\/WhatsApp-Image-2020-11-10-at-11.37.12.jpg 640w, https:\/\/armstrongyregion.com.ar\/diario\/wp-content\/uploads\/2020\/11\/WhatsApp-Image-2020-11-10-at-11.37.12-300x169.jpg 300w\" sizes=\"auto, (max-width: 640px) 100vw, 640px\" \/><\/figure>\n\n\n\n<p>Luego de las gestiones acompa\u00f1adas desde el Municipio, particip\u00f3 del acto junto a&nbsp;Francisco Fern\u00e1ndez,&nbsp;jefe de la Unidad Regional X, en el que se presentaron las unidades. Adem\u00e1s, se hizo entrega de dos m\u00f3viles para otras localidades del departamento Iriondo.<\/p>\n\n\n\n<p>La intendenta Stella Cl\u00e9rici particip\u00f3 esta ma\u00f1ana del acto de presentaci\u00f3n de dos nuevos m\u00f3viles policiales que llegan a la ciudad, por parte del Ministerio de Seguridad de Santa Fe, en un acto encabezado por el jefe de la Unidad Regional X, Francisco Fern\u00e1ndez, y el secretario de Gesti\u00f3n Social de la Seguridad provincial, Jorge Lagna.<\/p>\n\n\n\n<p>Las nuevas unidades, dos camionetas Volkswagen Amarok, ser\u00e1n destinadas al comando radioel\u00e9ctrico. \u201cCelebramos la llegada de estos m\u00f3viles y continuamos trabajando junto a la Unidad Regional X y Ministerio de Seguridad\u201d, expres\u00f3 Cl\u00e9rici, destacando adem\u00e1s el acompa\u00f1amiento del Municipio en diferentes trabajos que se realizaron en Jefatura.&nbsp;<br><\/p>\n","protected":false},"excerpt":{"rendered":"<p>Luego de las gestiones acompa\u00f1adas desde el Municipio, particip\u00f3 del acto junto a&nbsp;Francisco Fern\u00e1ndez,&nbsp;jefe de la Unidad Regional X, en el que se presentaron las unidades. Adem\u00e1s, se hizo entrega de dos m\u00f3viles para otras localidades del departamento Iriondo. La intendenta Stella Cl\u00e9rici particip\u00f3 esta ma\u00f1ana del acto de presentaci\u00f3n de dos nuevos m\u00f3viles policiales <a href=\"https:\/\/armstrongyregion.com.ar\/diario\/clerici-participo-de-la-llegada-de-dos-moviles-policiales-para-la-ciudad\/\" title=\"Read more\" >&#8230;<\/a><\/p>\n","protected":false},"author":1,"featured_media":27927,"comment_status":"open","ping_status":"open","sticky":false,"template":"","format":"image","meta":{"_jetpack_memberships_contains_paid_content":false,"footnotes":"","jetpack_publicize_message":"","jetpack_publicize_feature_enabled":true,"jetpack_social_post_already_shared":true,"jetpack_social_options":{"image_generator_settings":{"template":"highway","default_image_id":0,"enabled":false},"version":2}},"categories":[8,1,7,3],"tags":[],"class_list":["post-27926","post","type-post","status-publish","format-image","has-post-thumbnail","hentry","category-deliberando","category-diario-armstrong","category-politica","category-region","post_format-post-format-image"],"jetpack_publicize_connections":[],"jetpack_featured_media_url":"https:\/\/armstrongyregion.com.ar\/diario\/wp-content\/uploads\/2020\/11\/WhatsApp-Image-2020-11-10-at-11.37.12.jpg","jetpack_shortlink":"https:\/\/wp.me\/p62QDO-7gq","jetpack_sharing_enabled":true,"amp_enabled":true,"_links":{"self":[{"href":"https:\/\/armstrongyregion.com.ar\/diario\/wp-json\/wp\/v2\/posts\/27926","targetHints":{"allow":["GET"]}}],"collection":[{"href":"https:\/\/armstrongyregion.com.ar\/diario\/wp-json\/wp\/v2\/posts"}],"about":[{"href":"https:\/\/armstrongyregion.com.ar\/diario\/wp-json\/wp\/v2\/types\/post"}],"author":[{"embeddable":true,"href":"https:\/\/armstrongyregion.com.ar\/diario\/wp-json\/wp\/v2\/users\/1"}],"replies":[{"embeddable":true,"href":"https:\/\/armstrongyregion.com.ar\/diario\/wp-json\/wp\/v2\/comments?post=27926"}],"version-history":[{"count":1,"href":"https:\/\/armstrongyregion.com.ar\/diario\/wp-json\/wp\/v2\/posts\/27926\/revisions"}],"predecessor-version":[{"id":27928,"href":"https:\/\/armstrongyregion.com.ar\/diario\/wp-json\/wp\/v2\/posts\/27926\/revisions\/27928"}],"wp:featuredmedia":[{"embeddable":true,"href":"https:\/\/armstrongyregion.com.ar\/diario\/wp-json\/wp\/v2\/media\/27927"}],"wp:attachment":[{"href":"https:\/\/armstrongyregion.com.ar\/diario\/wp-json\/wp\/v2\/media?parent=27926"}],"wp:term":[{"taxonomy":"category","embeddable":true,"href":"https:\/\/armstrongyregion.com.ar\/diario\/wp-json\/wp\/v2\/categories?post=27926"},{"taxonomy":"post_tag","embeddable":true,"href":"https:\/\/armstrongyregion.com.ar\/diario\/wp-json\/wp\/v2\/tags?post=27926"}],"curies":[{"name":"wp","href":"https:\/\/api.w.org\/{rel}","templated":true}]}}