{"id":27887,"date":"2020-11-09T14:07:42","date_gmt":"2020-11-09T14:07:42","guid":{"rendered":"https:\/\/armstrongyregion.com.ar\/diario\/?p=27887"},"modified":"2020-11-09T14:07:47","modified_gmt":"2020-11-09T14:07:47","slug":"8n-nueva-marcha-contra-el-gobierno-nacional-con-rebote-en-el-sur-de-santa-fe","status":"publish","type":"post","link":"https:\/\/armstrongyregion.com.ar\/diario\/8n-nueva-marcha-contra-el-gobierno-nacional-con-rebote-en-el-sur-de-santa-fe\/","title":{"rendered":"#8N: Nueva marcha contra el Gobierno nacional con rebote en el sur de Santa Fe."},"content":{"rendered":"\n<figure class=\"wp-block-image size-large\"><img loading=\"lazy\" decoding=\"async\" width=\"960\" height=\"466\" src=\"http:\/\/armstrongyregion.com.ar\/diario\/wp-content\/uploads\/2020\/11\/se-puede-2-.jpg\" alt=\"\" class=\"wp-image-27888\" srcset=\"https:\/\/armstrongyregion.com.ar\/diario\/wp-content\/uploads\/2020\/11\/se-puede-2-.jpg 960w, https:\/\/armstrongyregion.com.ar\/diario\/wp-content\/uploads\/2020\/11\/se-puede-2--300x146.jpg 300w, https:\/\/armstrongyregion.com.ar\/diario\/wp-content\/uploads\/2020\/11\/se-puede-2--768x373.jpg 768w\" sizes=\"auto, (max-width: 960px) 100vw, 960px\" \/><\/figure>\n\n\n\n<h2 class=\"wp-block-heading\">La movilizaci\u00f3n, en distintas ciudades del pa\u00eds, se inici\u00f3 como estaba prevista el domingo por la tarde\u00a0con referentes de la oposici\u00f3n como impulsores. <\/h2>\n\n\n\n<h2 class=\"wp-block-heading\">Los manifestantes de Armstrong y la region se concentraron en el cruce de las rutas 9 y 178.<\/h2>\n\n\n\n<p> Con consigas como \u201cmovilizados para poner l\u00edmites a los abusos del poder\u201d y por \u201cuna Argentina con Justicia verdadera\u201d,\u00a0<strong>este domingo se convoc\u00f3 a trav\u00e9s de espacios opositores y redes sociales a una nueva marcha<\/strong>\u00a0para protestar por las\u00a0<strong>pol\u00edticas del Gobierno nacional<\/strong>. <\/p>\n\n\n\n<p> El llamado se organiz\u00f3 con los hashtags\u00a0<strong>#8NTodosALasCalles<\/strong>\u00a0y\u00a0<strong>#8N\u00a0<\/strong>ten\u00eda al\u00a0<strong>Movimiento Campo+Ciudad\u00a0<\/strong>como\u00a0uno de sus impulsores. <\/p>\n\n\n\n<p>En Armstrong, el punto de encuentro se\u00f1alado era\u00a0el Cruce de las rutas 9 y 178 a las 17hs donde se concentraron con banderas argentinas y pancartas no solamente ciudadanos armstronenses sino que asistieron vecinos de toda la regi\u00f3n.<\/p>\n\n\n\n<p><a href=\"mailto:?subject=Te%20recomiendo%20esta%20nota%20de%20Rosario3&amp;body=Lee%20esta%20nota%20de%20Rosario3:%20https:\/\/www.rosario3.com\/informaciongeneral\/8N-convocan-a-una-nueva-marcha-contra-el-Gobierno-nacional-para-este-domingo-20201108-0029.html\"><\/a><\/p>\n\n\n\n<figure class=\"wp-block-image\"><img decoding=\"async\" src=\"https:\/\/www.rosario3.com\/__export\/1555330252000\/sites\/rosario3\/arte\/v2\/slider-white-arrow.png\" alt=\"Anterior\"\/><\/figure>\n","protected":false},"excerpt":{"rendered":"<p>La movilizaci\u00f3n, en distintas ciudades del pa\u00eds, se inici\u00f3 como estaba prevista el domingo por la tarde\u00a0con referentes de la oposici\u00f3n como impulsores. Los manifestantes de Armstrong y la region se concentraron en el cruce de las rutas 9 y 178. Con consigas como \u201cmovilizados para poner l\u00edmites a los abusos del poder\u201d y por <a href=\"https:\/\/armstrongyregion.com.ar\/diario\/8n-nueva-marcha-contra-el-gobierno-nacional-con-rebote-en-el-sur-de-santa-fe\/\" title=\"Read more\" >&#8230;<\/a><\/p>\n","protected":false},"author":1,"featured_media":27888,"comment_status":"open","ping_status":"open","sticky":false,"template":"","format":"image","meta":{"_jetpack_memberships_contains_paid_content":false,"footnotes":"","jetpack_publicize_message":"","jetpack_publicize_feature_enabled":true,"jetpack_social_post_already_shared":true,"jetpack_social_options":{"image_generator_settings":{"template":"highway","default_image_id":0,"enabled":false},"version":2}},"categories":[8,1,2,3],"tags":[],"class_list":["post-27887","post","type-post","status-publish","format-image","has-post-thumbnail","hentry","category-deliberando","category-diario-armstrong","category-locales","category-region","post_format-post-format-image"],"jetpack_publicize_connections":[],"jetpack_featured_media_url":"https:\/\/armstrongyregion.com.ar\/diario\/wp-content\/uploads\/2020\/11\/se-puede-2-.jpg","jetpack_shortlink":"https:\/\/wp.me\/p62QDO-7fN","jetpack_sharing_enabled":true,"amp_enabled":true,"_links":{"self":[{"href":"https:\/\/armstrongyregion.com.ar\/diario\/wp-json\/wp\/v2\/posts\/27887","targetHints":{"allow":["GET"]}}],"collection":[{"href":"https:\/\/armstrongyregion.com.ar\/diario\/wp-json\/wp\/v2\/posts"}],"about":[{"href":"https:\/\/armstrongyregion.com.ar\/diario\/wp-json\/wp\/v2\/types\/post"}],"author":[{"embeddable":true,"href":"https:\/\/armstrongyregion.com.ar\/diario\/wp-json\/wp\/v2\/users\/1"}],"replies":[{"embeddable":true,"href":"https:\/\/armstrongyregion.com.ar\/diario\/wp-json\/wp\/v2\/comments?post=27887"}],"version-history":[{"count":1,"href":"https:\/\/armstrongyregion.com.ar\/diario\/wp-json\/wp\/v2\/posts\/27887\/revisions"}],"predecessor-version":[{"id":27889,"href":"https:\/\/armstrongyregion.com.ar\/diario\/wp-json\/wp\/v2\/posts\/27887\/revisions\/27889"}],"wp:featuredmedia":[{"embeddable":true,"href":"https:\/\/armstrongyregion.com.ar\/diario\/wp-json\/wp\/v2\/media\/27888"}],"wp:attachment":[{"href":"https:\/\/armstrongyregion.com.ar\/diario\/wp-json\/wp\/v2\/media?parent=27887"}],"wp:term":[{"taxonomy":"category","embeddable":true,"href":"https:\/\/armstrongyregion.com.ar\/diario\/wp-json\/wp\/v2\/categories?post=27887"},{"taxonomy":"post_tag","embeddable":true,"href":"https:\/\/armstrongyregion.com.ar\/diario\/wp-json\/wp\/v2\/tags?post=27887"}],"curies":[{"name":"wp","href":"https:\/\/api.w.org\/{rel}","templated":true}]}}