{"id":27882,"date":"2020-11-09T13:28:35","date_gmt":"2020-11-09T13:28:35","guid":{"rendered":"https:\/\/armstrongyregion.com.ar\/diario\/?p=27882"},"modified":"2020-11-09T13:28:38","modified_gmt":"2020-11-09T13:28:38","slug":"una-nueva-edicion-del-premio-provincial-julio-migno-se-pone-en-marcha","status":"publish","type":"post","link":"https:\/\/armstrongyregion.com.ar\/diario\/una-nueva-edicion-del-premio-provincial-julio-migno-se-pone-en-marcha\/","title":{"rendered":"Una nueva edici\u00f3n del Premio Provincial Julio Migno se pone en marcha."},"content":{"rendered":"\n<figure class=\"wp-block-image size-large\"><img loading=\"lazy\" decoding=\"async\" width=\"1280\" height=\"1280\" src=\"https:\/\/i2.wp.com\/armstrongyregion.com.ar\/diario\/wp-content\/uploads\/2020\/11\/multimedia.normal.8037b4fc8786c4fe.7072656d696f206a756c69616e206d69676e6f5f6e6f726d616c2e6a7067.jpg?fit=800%2C800&amp;ssl=1\" alt=\"\" class=\"wp-image-27883\" srcset=\"https:\/\/armstrongyregion.com.ar\/diario\/wp-content\/uploads\/2020\/11\/multimedia.normal.8037b4fc8786c4fe.7072656d696f206a756c69616e206d69676e6f5f6e6f726d616c2e6a7067.jpg 1280w, https:\/\/armstrongyregion.com.ar\/diario\/wp-content\/uploads\/2020\/11\/multimedia.normal.8037b4fc8786c4fe.7072656d696f206a756c69616e206d69676e6f5f6e6f726d616c2e6a7067-300x300.jpg 300w, https:\/\/armstrongyregion.com.ar\/diario\/wp-content\/uploads\/2020\/11\/multimedia.normal.8037b4fc8786c4fe.7072656d696f206a756c69616e206d69676e6f5f6e6f726d616c2e6a7067-1024x1024.jpg 1024w, https:\/\/armstrongyregion.com.ar\/diario\/wp-content\/uploads\/2020\/11\/multimedia.normal.8037b4fc8786c4fe.7072656d696f206a756c69616e206d69676e6f5f6e6f726d616c2e6a7067-150x150.jpg 150w, https:\/\/armstrongyregion.com.ar\/diario\/wp-content\/uploads\/2020\/11\/multimedia.normal.8037b4fc8786c4fe.7072656d696f206a756c69616e206d69676e6f5f6e6f726d616c2e6a7067-768x768.jpg 768w\" sizes=\"auto, (max-width: 1280px) 100vw, 1280px\" \/><\/figure>\n\n\n\n<h2 class=\"wp-block-heading\"> Desde el a\u00f1o 2015 los premiados fueron: Cacique Alfredo Salte\u00f1o (Colonia Dolores), el Prof. Juan A. Kluczkiewicz (Gessler), Omar Fiordelmondo, Julian Ratti y Claudia Giaccone. <\/h2>\n\n\n\n<p>La imagen del sacerdote Florian Paucke abrazando a un ni\u00f1o mocov\u00ed, que corporiza al premio, fue elaborada en barro por el artesano N\u00e9stor Lanche (San Javier). El mismo es entregado anualmente en la \u201cFiesta de los Pueblos\u201d a todas aquellas personas que se destaquen en el \u00e1mbito cultural y social.<\/p>\n\n\n\n<p><em>\u201cA trav\u00e9s de cada referente cultural local, se propone a los candidatos, los cuales ser\u00e1n presentados en cada Usina, para representar a su regi\u00f3n e iniciar la etapa de selecci\u00f3n final en b\u00fasqueda de dicha distinci\u00f3n provincial\u201d<\/em>, expres\u00f3 Franco Pietrani \u2013 Presidente del Ente Cultural Santafesino.<\/p>\n\n\n\n<p>El Premio Provincial Julio Migno surgi\u00f3 de una idea del sanjavierino Alejandro Vivas la cual fue viabilizada por la Diputada Provincial M.C. Claudia Giaccone, quien junto al Ente Cultural Santafesino lo difundieron en cada rinc\u00f3n de nuestro territorio provincial.<\/p>\n\n\n\n<p>A partir de las pr\u00f3ximas semanas se comenzar\u00e1 a difundir desde las redes del Ente Cultural a cada postulante el cual ser\u00e1 promovido por cada Usina Cultural.<\/p>\n\n\n\n<p>Desde el a\u00f1os 2015 los premios fueron entregados a: Cacique Alfredo Salte\u00f1o (Colonia Dolores), el Prof. Juan A. Kluczkiewicz (Gessler), Omar Fiordelmondo, Julian Ratti y Claudia Giaccone.<\/p>\n","protected":false},"excerpt":{"rendered":"<p>Desde el a\u00f1o 2015 los premiados fueron: Cacique Alfredo Salte\u00f1o (Colonia Dolores), el Prof. Juan A. Kluczkiewicz (Gessler), Omar Fiordelmondo, Julian Ratti y Claudia Giaccone. La imagen del sacerdote Florian Paucke abrazando a un ni\u00f1o mocov\u00ed, que corporiza al premio, fue elaborada en barro por el artesano N\u00e9stor Lanche (San Javier). El mismo es entregado <a href=\"https:\/\/armstrongyregion.com.ar\/diario\/una-nueva-edicion-del-premio-provincial-julio-migno-se-pone-en-marcha\/\" title=\"Read more\" >&#8230;<\/a><\/p>\n","protected":false},"author":1,"featured_media":27883,"comment_status":"open","ping_status":"open","sticky":false,"template":"","format":"image","meta":{"_jetpack_memberships_contains_paid_content":false,"footnotes":"","jetpack_publicize_message":"","jetpack_publicize_feature_enabled":true,"jetpack_social_post_already_shared":true,"jetpack_social_options":{"image_generator_settings":{"template":"highway","default_image_id":0,"enabled":false},"version":2}},"categories":[6,8,1,2,3],"tags":[],"class_list":["post-27882","post","type-post","status-publish","format-image","has-post-thumbnail","hentry","category-cultura-entretenimiento","category-deliberando","category-diario-armstrong","category-locales","category-region","post_format-post-format-image"],"jetpack_publicize_connections":[],"jetpack_featured_media_url":"https:\/\/armstrongyregion.com.ar\/diario\/wp-content\/uploads\/2020\/11\/multimedia.normal.8037b4fc8786c4fe.7072656d696f206a756c69616e206d69676e6f5f6e6f726d616c2e6a7067.jpg","jetpack_shortlink":"https:\/\/wp.me\/p62QDO-7fI","jetpack_sharing_enabled":true,"amp_enabled":true,"_links":{"self":[{"href":"https:\/\/armstrongyregion.com.ar\/diario\/wp-json\/wp\/v2\/posts\/27882","targetHints":{"allow":["GET"]}}],"collection":[{"href":"https:\/\/armstrongyregion.com.ar\/diario\/wp-json\/wp\/v2\/posts"}],"about":[{"href":"https:\/\/armstrongyregion.com.ar\/diario\/wp-json\/wp\/v2\/types\/post"}],"author":[{"embeddable":true,"href":"https:\/\/armstrongyregion.com.ar\/diario\/wp-json\/wp\/v2\/users\/1"}],"replies":[{"embeddable":true,"href":"https:\/\/armstrongyregion.com.ar\/diario\/wp-json\/wp\/v2\/comments?post=27882"}],"version-history":[{"count":1,"href":"https:\/\/armstrongyregion.com.ar\/diario\/wp-json\/wp\/v2\/posts\/27882\/revisions"}],"predecessor-version":[{"id":27884,"href":"https:\/\/armstrongyregion.com.ar\/diario\/wp-json\/wp\/v2\/posts\/27882\/revisions\/27884"}],"wp:featuredmedia":[{"embeddable":true,"href":"https:\/\/armstrongyregion.com.ar\/diario\/wp-json\/wp\/v2\/media\/27883"}],"wp:attachment":[{"href":"https:\/\/armstrongyregion.com.ar\/diario\/wp-json\/wp\/v2\/media?parent=27882"}],"wp:term":[{"taxonomy":"category","embeddable":true,"href":"https:\/\/armstrongyregion.com.ar\/diario\/wp-json\/wp\/v2\/categories?post=27882"},{"taxonomy":"post_tag","embeddable":true,"href":"https:\/\/armstrongyregion.com.ar\/diario\/wp-json\/wp\/v2\/tags?post=27882"}],"curies":[{"name":"wp","href":"https:\/\/api.w.org\/{rel}","templated":true}]}}