{"id":27873,"date":"2020-11-08T19:01:58","date_gmt":"2020-11-08T19:01:58","guid":{"rendered":"https:\/\/armstrongyregion.com.ar\/diario\/?p=27873"},"modified":"2020-11-08T19:04:23","modified_gmt":"2020-11-08T19:04:23","slug":"el-intendente-verdecchia-saludo-a-sus-empleados-municipales-en-su-dia","status":"publish","type":"post","link":"https:\/\/armstrongyregion.com.ar\/diario\/el-intendente-verdecchia-saludo-a-sus-empleados-municipales-en-su-dia\/","title":{"rendered":"El intendente Verdecchia saludo a los empleados municipales en su d\u00eda."},"content":{"rendered":"\n<figure class=\"wp-block-image size-large\"><img loading=\"lazy\" decoding=\"async\" width=\"960\" height=\"720\" src=\"http:\/\/armstrongyregion.com.ar\/diario\/wp-content\/uploads\/2020\/11\/empleados-municipales-1-.jpg\" alt=\"\" class=\"wp-image-27874\" srcset=\"https:\/\/armstrongyregion.com.ar\/diario\/wp-content\/uploads\/2020\/11\/empleados-municipales-1-.jpg 960w, https:\/\/armstrongyregion.com.ar\/diario\/wp-content\/uploads\/2020\/11\/empleados-municipales-1--300x225.jpg 300w, https:\/\/armstrongyregion.com.ar\/diario\/wp-content\/uploads\/2020\/11\/empleados-municipales-1--768x576.jpg 768w\" sizes=\"auto, (max-width: 960px) 100vw, 960px\" \/><\/figure>\n\n\n\n<p>En un a\u00f1o at\u00edpico y sin el tradicional almuerzo  debido a la pandemia por covid 19, el intendente Dr. Pablo Verdecchia saludo a los empleados municipales en su d\u00eda a trav\u00e9s de las redes sociales.<\/p>\n\n\n\n<figure class=\"wp-block-image size-large\"><img loading=\"lazy\" decoding=\"async\" width=\"480\" height=\"270\" src=\"http:\/\/armstrongyregion.com.ar\/diario\/wp-content\/uploads\/2020\/11\/empleados-municipales-2-.jpg\" alt=\"\" class=\"wp-image-27875\" srcset=\"https:\/\/armstrongyregion.com.ar\/diario\/wp-content\/uploads\/2020\/11\/empleados-municipales-2-.jpg 480w, https:\/\/armstrongyregion.com.ar\/diario\/wp-content\/uploads\/2020\/11\/empleados-municipales-2--300x169.jpg 300w\" sizes=\"auto, (max-width: 480px) 100vw, 480px\" \/><\/figure>\n\n\n\n<p><a href=\"https:\/\/www.facebook.com\/hashtag\/diaempleadomunicipal?__eep__=6&amp;__cft__[0]=AZXIZjEqhQj1aIuPk63lcZlTKpfBrneUSbnxBwAPrQ7F_b8ujw6BnqWCpSSBgosEXj0MapyWAYrGlHmDoq205_DoCORxr0mC-rPamCYFck92RyvhB8mr7Jq9Zd35tt78eEwcqyNWLL2gGqfpgmTV5ha9&amp;__tn__=*NK-R\">#DiaEmpleadoMunicipal<\/a><\/p>\n\n\n\n<p>*En un a\u00f1o at\u00edpico, donde debimos adaptarnos a protocolos y distintas circunstancias, el esfuerzo de cada uno de ellos fue fundamental en el funcionamiento del engranaje de esta gran familia. Desde los que recogen los residuos, barren nuestras calles, cortan el c\u00e9sped, riegan tu barrio,  controlan el tr\u00e1nsito y cumplimiento de protocolos, quien te recibe en mesa de entradas del municipio, o te ayuda o asesora en alg\u00fan tr\u00e1mite administrativo,  te hacen el carnet, escuchan tu reclamo en el juzgado de faltas, a todos ellos! Feliz d\u00eda!*<\/p>\n\n\n\n<figure class=\"wp-block-image size-large\"><img loading=\"lazy\" decoding=\"async\" width=\"480\" height=\"360\" src=\"http:\/\/armstrongyregion.com.ar\/diario\/wp-content\/uploads\/2020\/11\/empleados-municipales-3-.jpg\" alt=\"\" class=\"wp-image-27876\" srcset=\"https:\/\/armstrongyregion.com.ar\/diario\/wp-content\/uploads\/2020\/11\/empleados-municipales-3-.jpg 480w, https:\/\/armstrongyregion.com.ar\/diario\/wp-content\/uploads\/2020\/11\/empleados-municipales-3--300x225.jpg 300w\" sizes=\"auto, (max-width: 480px) 100vw, 480px\" \/><\/figure>\n\n\n\n<p><\/p>\n\n\n\n<p><\/p>\n","protected":false},"excerpt":{"rendered":"<p>En un a\u00f1o at\u00edpico y sin el tradicional almuerzo debido a la pandemia por covid 19, el intendente Dr. Pablo Verdecchia saludo a los empleados municipales en su d\u00eda a trav\u00e9s de las redes sociales. #DiaEmpleadoMunicipal *En un a\u00f1o at\u00edpico, donde debimos adaptarnos a protocolos y distintas circunstancias, el esfuerzo de cada uno de ellos <a href=\"https:\/\/armstrongyregion.com.ar\/diario\/el-intendente-verdecchia-saludo-a-sus-empleados-municipales-en-su-dia\/\" title=\"Read more\" >&#8230;<\/a><\/p>\n","protected":false},"author":1,"featured_media":27874,"comment_status":"open","ping_status":"open","sticky":false,"template":"","format":"image","meta":{"_jetpack_memberships_contains_paid_content":false,"footnotes":"","jetpack_publicize_message":"","jetpack_publicize_feature_enabled":true,"jetpack_social_post_already_shared":true,"jetpack_social_options":{"image_generator_settings":{"template":"highway","default_image_id":0,"enabled":false},"version":2}},"categories":[1],"tags":[],"class_list":["post-27873","post","type-post","status-publish","format-image","has-post-thumbnail","hentry","category-diario-armstrong","post_format-post-format-image"],"jetpack_publicize_connections":[],"jetpack_featured_media_url":"https:\/\/armstrongyregion.com.ar\/diario\/wp-content\/uploads\/2020\/11\/empleados-municipales-1-.jpg","jetpack_shortlink":"https:\/\/wp.me\/p62QDO-7fz","jetpack_sharing_enabled":true,"amp_enabled":true,"_links":{"self":[{"href":"https:\/\/armstrongyregion.com.ar\/diario\/wp-json\/wp\/v2\/posts\/27873","targetHints":{"allow":["GET"]}}],"collection":[{"href":"https:\/\/armstrongyregion.com.ar\/diario\/wp-json\/wp\/v2\/posts"}],"about":[{"href":"https:\/\/armstrongyregion.com.ar\/diario\/wp-json\/wp\/v2\/types\/post"}],"author":[{"embeddable":true,"href":"https:\/\/armstrongyregion.com.ar\/diario\/wp-json\/wp\/v2\/users\/1"}],"replies":[{"embeddable":true,"href":"https:\/\/armstrongyregion.com.ar\/diario\/wp-json\/wp\/v2\/comments?post=27873"}],"version-history":[{"count":5,"href":"https:\/\/armstrongyregion.com.ar\/diario\/wp-json\/wp\/v2\/posts\/27873\/revisions"}],"predecessor-version":[{"id":27881,"href":"https:\/\/armstrongyregion.com.ar\/diario\/wp-json\/wp\/v2\/posts\/27873\/revisions\/27881"}],"wp:featuredmedia":[{"embeddable":true,"href":"https:\/\/armstrongyregion.com.ar\/diario\/wp-json\/wp\/v2\/media\/27874"}],"wp:attachment":[{"href":"https:\/\/armstrongyregion.com.ar\/diario\/wp-json\/wp\/v2\/media?parent=27873"}],"wp:term":[{"taxonomy":"category","embeddable":true,"href":"https:\/\/armstrongyregion.com.ar\/diario\/wp-json\/wp\/v2\/categories?post=27873"},{"taxonomy":"post_tag","embeddable":true,"href":"https:\/\/armstrongyregion.com.ar\/diario\/wp-json\/wp\/v2\/tags?post=27873"}],"curies":[{"name":"wp","href":"https:\/\/api.w.org\/{rel}","templated":true}]}}