{"id":2786,"date":"2015-06-26T02:40:17","date_gmt":"2015-06-26T02:40:17","guid":{"rendered":"https:\/\/armstrongyregion.com.ar\/diario\/?p=2786"},"modified":"2015-06-26T02:40:17","modified_gmt":"2015-06-26T02:40:17","slug":"se-pondra-en-funcionamiento-el-juego-de-ajedrez-gigante-emplazado-en-el-bracito-fuerte","status":"publish","type":"post","link":"https:\/\/armstrongyregion.com.ar\/diario\/se-pondra-en-funcionamiento-el-juego-de-ajedrez-gigante-emplazado-en-el-bracito-fuerte\/","title":{"rendered":"Se pondr\u00e1 en funcionamiento el juego de ajedrez gigante emplazado en el \u201cBracito Fuerte\u201d."},"content":{"rendered":"<p><a href=\"http:\/\/armstrongyregion.com.ar\/diario\/wp-content\/uploads\/2015\/06\/2015-05-30NID_213371O_3.jpeg\"><img loading=\"lazy\" decoding=\"async\" class=\"alignnone size-medium wp-image-2787\" src=\"http:\/\/armstrongyregion.com.ar\/diario\/wp-content\/uploads\/2015\/06\/2015-05-30NID_213371O_3-300x187.jpeg\" alt=\"Ajedrez Gigante\" width=\"300\" height=\"187\" srcset=\"https:\/\/armstrongyregion.com.ar\/diario\/wp-content\/uploads\/2015\/06\/2015-05-30NID_213371O_3-300x187.jpeg 300w, https:\/\/armstrongyregion.com.ar\/diario\/wp-content\/uploads\/2015\/06\/2015-05-30NID_213371O_3.jpeg 620w\" sizes=\"auto, (max-width: 300px) 100vw, 300px\" \/><\/a>En la ma\u00f1ana del jueves Rosana Siri, Coordinadora de Gabinete, nos dec\u00eda que, \u201c a partir de ma\u00f1ana viernes y todos los viernes se empezara a implementar el uso del tablero de ajedrez gigante emplazado en el Bracito Fuerte, a partir de las 14,hs hasta las 16hs seguramente en la \u00e9poca de verano estaremos cambiando el horario\u201d.<\/p>\n<p>La funcionaria aclar\u00f3 que esto no ser\u00e1 un taller de ajedrez sino es una actividad recreativa al aire libre que brinda el municipio con la coordinaci\u00f3n de Gustavo Borini.<\/p>\n<p>Recordamos que este ajedrez gigante fue entregado a fines de mayo por el gobernador Antonio Bonfatti y la ministra de Desarrollo Social, M\u00f3nica Bifarello, a Armstrong , siendo una de las 82 localidades de la provincia que lo recibi\u00f3 como legado de la segunda edici\u00f3n de las Olimp\u00edadas Santafesinas.<\/p>\n<p>&nbsp;<\/p>\n","protected":false},"excerpt":{"rendered":"<p>En la ma\u00f1ana del jueves Rosana Siri, Coordinadora de Gabinete, nos dec\u00eda que, \u201c a partir de ma\u00f1ana viernes y todos los viernes se empezara a implementar el uso del tablero de ajedrez gigante emplazado en el Bracito Fuerte, a partir de las 14,hs hasta las 16hs seguramente en la \u00e9poca de verano estaremos cambiando <a href=\"https:\/\/armstrongyregion.com.ar\/diario\/se-pondra-en-funcionamiento-el-juego-de-ajedrez-gigante-emplazado-en-el-bracito-fuerte\/\" title=\"Read more\" >&#8230;<\/a><\/p>\n","protected":false},"author":2,"featured_media":2787,"comment_status":"open","ping_status":"open","sticky":false,"template":"","format":"standard","meta":{"_jetpack_memberships_contains_paid_content":false,"footnotes":"","jetpack_publicize_message":"","jetpack_publicize_feature_enabled":true,"jetpack_social_post_already_shared":false,"jetpack_social_options":{"image_generator_settings":{"template":"highway","default_image_id":0,"enabled":false},"version":2}},"categories":[6,1,2],"tags":[2087,1133,19,16,2089,15,1134,1455,2088,2086,2085,86],"class_list":["post-2786","post","type-post","status-publish","format-standard","has-post-thumbnail","hentry","category-cultura-entretenimiento","category-diario-armstrong","category-locales","tag-ajedrez","tag-bracito","tag-de","tag-el","tag-emplazado","tag-en","tag-fuerte","tag-funcionamiento","tag-gigante","tag-juego","tag-pondra","tag-se"],"jetpack_publicize_connections":[],"jetpack_featured_media_url":"https:\/\/armstrongyregion.com.ar\/diario\/wp-content\/uploads\/2015\/06\/2015-05-30NID_213371O_3.jpeg","jetpack_shortlink":"https:\/\/wp.me\/p62QDO-IW","jetpack_sharing_enabled":true,"amp_enabled":true,"_links":{"self":[{"href":"https:\/\/armstrongyregion.com.ar\/diario\/wp-json\/wp\/v2\/posts\/2786","targetHints":{"allow":["GET"]}}],"collection":[{"href":"https:\/\/armstrongyregion.com.ar\/diario\/wp-json\/wp\/v2\/posts"}],"about":[{"href":"https:\/\/armstrongyregion.com.ar\/diario\/wp-json\/wp\/v2\/types\/post"}],"author":[{"embeddable":true,"href":"https:\/\/armstrongyregion.com.ar\/diario\/wp-json\/wp\/v2\/users\/2"}],"replies":[{"embeddable":true,"href":"https:\/\/armstrongyregion.com.ar\/diario\/wp-json\/wp\/v2\/comments?post=2786"}],"version-history":[{"count":0,"href":"https:\/\/armstrongyregion.com.ar\/diario\/wp-json\/wp\/v2\/posts\/2786\/revisions"}],"wp:featuredmedia":[{"embeddable":true,"href":"https:\/\/armstrongyregion.com.ar\/diario\/wp-json\/wp\/v2\/media\/2787"}],"wp:attachment":[{"href":"https:\/\/armstrongyregion.com.ar\/diario\/wp-json\/wp\/v2\/media?parent=2786"}],"wp:term":[{"taxonomy":"category","embeddable":true,"href":"https:\/\/armstrongyregion.com.ar\/diario\/wp-json\/wp\/v2\/categories?post=2786"},{"taxonomy":"post_tag","embeddable":true,"href":"https:\/\/armstrongyregion.com.ar\/diario\/wp-json\/wp\/v2\/tags?post=2786"}],"curies":[{"name":"wp","href":"https:\/\/api.w.org\/{rel}","templated":true}]}}