{"id":27845,"date":"2020-11-06T00:35:19","date_gmt":"2020-11-06T00:35:19","guid":{"rendered":"https:\/\/armstrongyregion.com.ar\/diario\/?p=27845"},"modified":"2020-11-06T00:35:22","modified_gmt":"2020-11-06T00:35:22","slug":"lifschitz-necesitamos-una-justicia-mas-rapida-y-eficaz-para-atender-la-fuerte-demanda-social","status":"publish","type":"post","link":"https:\/\/armstrongyregion.com.ar\/diario\/lifschitz-necesitamos-una-justicia-mas-rapida-y-eficaz-para-atender-la-fuerte-demanda-social\/","title":{"rendered":"Lifschitz: \u00abNecesitamos una justicia m\u00e1s r\u00e1pida y eficaz para atender la fuerte demanda social\u00bb."},"content":{"rendered":"\n<figure class=\"wp-block-image size-large\"><img loading=\"lazy\" decoding=\"async\" width=\"640\" height=\"360\" src=\"http:\/\/armstrongyregion.com.ar\/diario\/wp-content\/uploads\/2020\/11\/IMG-20201105-WA0208.jpg\" alt=\"\" class=\"wp-image-27846\" srcset=\"https:\/\/armstrongyregion.com.ar\/diario\/wp-content\/uploads\/2020\/11\/IMG-20201105-WA0208.jpg 640w, https:\/\/armstrongyregion.com.ar\/diario\/wp-content\/uploads\/2020\/11\/IMG-20201105-WA0208-300x169.jpg 300w\" sizes=\"auto, (max-width: 640px) 100vw, 640px\" \/><\/figure>\n\n\n\n<p>\n\nEl presidente de la C\u00e1mara de Diputadas y Diputados present\u00f3 un proyecto de reforma al C\u00f3digo Procesal Civil y Comercial de Santa Fe. La iniciativa ya hab\u00eda sido enviada a la Legislatura en 2018 y perdi\u00f3 estado parlamentario._<br>El presidente de la C\u00e1mara de Diputadas y Diputados, Miguel Lifschitz, present\u00f3 un proyecto de reforma al C\u00f3digo Procesal Civil y Comercial de la provincia de Santa Fe. La iniciativa hab\u00eda sido elaborada en el marco de una comisi\u00f3n t\u00e9cnica especializada y enviada a la Legislatura en 2018, pero perdi\u00f3 estado parlamentario.&nbsp;<br>\u201cEs importante avanzar con cambios profundos en el sistema judicial de nuestra provincia para lograr una justicia m\u00e1s r\u00e1pida, eficaz, oportuna, y acercar la justicia a los ciudadanos; para atender la fuerte demanda social que existe en relaci\u00f3n a esta materia que, a veces apunta exclusivamente a los asuntos penales, pero se extiende a todos los fueros del Poder Judicial\u201d, se\u00f1al\u00f3 Lifschitz durante el acto realizado en la sede de la Legislatura, en la ciudad de Santa Fe, donde estuvo acompa\u00f1ado por los diputados Pablo Far\u00edas y Joaqu\u00edn Blanco, las diputadas Lionella Cattalini y Gisel Mahmud; el ex ministro de Justicia Ricardo Silberstein, y Mat\u00edas Figueroa Escauriza. V\u00eda remota siguieron la presentaci\u00f3n el diputado Esteban Lenci y la diputada Rosana Bellatti, as\u00ed como tambi\u00e9n autoridades de los colegios de abogados, escribanos, martilleros y agrimensores de la provincia.&nbsp;<br>El titular de la C\u00e1mara baja tambi\u00e9n hizo hincapi\u00e9 en que este&nbsp; tipo de&nbsp; cambios \u201cdeben hacerse de manera muy conversada y discutida, teniendo en cuenta todas perspectivas y miradas, involucrando al Poder Judicial, la visi\u00f3n del Ejecutivo y la Legislatura, y la opini\u00f3n de los actores que participan de los procesos\u201d.&nbsp;<br>Al respecto, record\u00f3 que \u201cla elaboraci\u00f3n de este proyecto llev\u00f3 m\u00e1s de dos a\u00f1os y cont\u00f3 con la participaci\u00f3n activa de Poder Judicial, a trav\u00e9s de sus ministros, en particular de Roberto Falistocco; los colegios de magistrados, abogados y profesiones afines, las universidades. Todos tuvieron la oportunidad de aportar su visi\u00f3n a un texto que fue enviado por primera vez a la Legislatura durante la gesti\u00f3n anterior, pero no tuvo tratamiento en ninguna de las dos c\u00e1maras\u201d.&nbsp;<br>\u201cEsperamos un tiempo prudencial para ver si hab\u00eda alguna presentaci\u00f3n por parte del actual gobierno \u2013aclar\u00f3 Lifschitz-, pero ya cerca de terminar el per\u00edodo ordinario de sesiones, tomamos la decisi\u00f3n de ingresarlo nuevamente para que tenga estado parlamentario y podamos avanzar en su tratamiento y su debate porque nos parece fundamental para la provincia de Santa Fe. No es un proyecto cerrado sino que se trata de abrir el debate en comisiones y convocar a nuevos actores que quieran participar\u201d, afirm\u00f3.&nbsp; &nbsp; &nbsp;<br>Durante la presentaci\u00f3n, tambi\u00e9n destac\u00f3 las reformas del sistema judicial santafesino en los \u00faltimos a\u00f1os. \u201cHemos avanzado en una reforma que todos valoramos, como fue la del C\u00f3digo Procesal Penal; la sanci\u00f3n del nuevo C\u00f3digo Procesal Laboral, pendiente de ser implementada; el nuevo C\u00f3digo de Faltas; el nuevo C\u00f3digo Procesal Penal Juvenil, aunque a\u00fan no tiene sanci\u00f3n definitiva. Y queda pendiente el C\u00f3digo Procesal Civil y Comercial, que involucra a gran parte de las personas que demandan justicia y de la gran cantidad de&nbsp;profesionales que act\u00faan en este fuero\u201d, enumer\u00f3.&nbsp;<br>Participaron de la presentaci\u00f3n los presidentes de los colegios de Escribanos 1\u00b0 Circunsc. (Santa Fe), Carolina Culzoni; 2\u00b0 Circunsc. (Rosario), Marcelo De Laurentis; de Abog. 1\u00b0 Circunsc. (Santa Fe), Andr\u00e9s Abramovich; 2\u00b0 Circunsc. (Rosario), Carlos Ensinck; 3\u00b0 Circunsc. (Venado Tuerto): Alberto Turcato; 4\u00b0 Circunsc. (Reconquista), Julio C\u00e9sar Pagano; 5\u00b0 Circunsc. (Rafaela), Mabel Eusebio; de Agrimensores 1\u00b0 Circunsc. (Santa Fe), Wilfredo Pozzi; 2\u00b0 Circunsc. (Rosario), Ra\u00fal Alvarez; y de Martilleros 1\u00b0 Circunsc. (Santa Fe), Ram\u00f3n Moreira; 2\u00b0 Circunsc. (Rosario), Miriam Liliana Seery.\n\n<\/p>\n","protected":false},"excerpt":{"rendered":"<p>El presidente de la C\u00e1mara de Diputadas y Diputados present\u00f3 un proyecto de reforma al C\u00f3digo Procesal Civil y Comercial de Santa Fe. La iniciativa ya hab\u00eda sido enviada a la Legislatura en 2018 y perdi\u00f3 estado parlamentario._El presidente de la C\u00e1mara de Diputadas y Diputados, Miguel Lifschitz, present\u00f3 un proyecto de reforma al C\u00f3digo <a href=\"https:\/\/armstrongyregion.com.ar\/diario\/lifschitz-necesitamos-una-justicia-mas-rapida-y-eficaz-para-atender-la-fuerte-demanda-social\/\" title=\"Read more\" >&#8230;<\/a><\/p>\n","protected":false},"author":1,"featured_media":27846,"comment_status":"open","ping_status":"open","sticky":false,"template":"","format":"image","meta":{"_jetpack_memberships_contains_paid_content":false,"footnotes":"","jetpack_publicize_message":"","jetpack_publicize_feature_enabled":true,"jetpack_social_post_already_shared":true,"jetpack_social_options":{"image_generator_settings":{"template":"highway","default_image_id":0,"enabled":false},"version":2}},"categories":[8,1,2,7,3],"tags":[],"class_list":["post-27845","post","type-post","status-publish","format-image","has-post-thumbnail","hentry","category-deliberando","category-diario-armstrong","category-locales","category-politica","category-region","post_format-post-format-image"],"jetpack_publicize_connections":[],"jetpack_featured_media_url":"https:\/\/armstrongyregion.com.ar\/diario\/wp-content\/uploads\/2020\/11\/IMG-20201105-WA0208.jpg","jetpack_shortlink":"https:\/\/wp.me\/p62QDO-7f7","jetpack_sharing_enabled":true,"amp_enabled":true,"_links":{"self":[{"href":"https:\/\/armstrongyregion.com.ar\/diario\/wp-json\/wp\/v2\/posts\/27845","targetHints":{"allow":["GET"]}}],"collection":[{"href":"https:\/\/armstrongyregion.com.ar\/diario\/wp-json\/wp\/v2\/posts"}],"about":[{"href":"https:\/\/armstrongyregion.com.ar\/diario\/wp-json\/wp\/v2\/types\/post"}],"author":[{"embeddable":true,"href":"https:\/\/armstrongyregion.com.ar\/diario\/wp-json\/wp\/v2\/users\/1"}],"replies":[{"embeddable":true,"href":"https:\/\/armstrongyregion.com.ar\/diario\/wp-json\/wp\/v2\/comments?post=27845"}],"version-history":[{"count":1,"href":"https:\/\/armstrongyregion.com.ar\/diario\/wp-json\/wp\/v2\/posts\/27845\/revisions"}],"predecessor-version":[{"id":27847,"href":"https:\/\/armstrongyregion.com.ar\/diario\/wp-json\/wp\/v2\/posts\/27845\/revisions\/27847"}],"wp:featuredmedia":[{"embeddable":true,"href":"https:\/\/armstrongyregion.com.ar\/diario\/wp-json\/wp\/v2\/media\/27846"}],"wp:attachment":[{"href":"https:\/\/armstrongyregion.com.ar\/diario\/wp-json\/wp\/v2\/media?parent=27845"}],"wp:term":[{"taxonomy":"category","embeddable":true,"href":"https:\/\/armstrongyregion.com.ar\/diario\/wp-json\/wp\/v2\/categories?post=27845"},{"taxonomy":"post_tag","embeddable":true,"href":"https:\/\/armstrongyregion.com.ar\/diario\/wp-json\/wp\/v2\/tags?post=27845"}],"curies":[{"name":"wp","href":"https:\/\/api.w.org\/{rel}","templated":true}]}}