{"id":27830,"date":"2020-11-04T19:33:30","date_gmt":"2020-11-04T19:33:30","guid":{"rendered":"https:\/\/armstrongyregion.com.ar\/diario\/?p=27830"},"modified":"2020-11-04T19:33:34","modified_gmt":"2020-11-04T19:33:34","slug":"canada-de-gomez-convenio-entre-municipalidad-y-provincia-para-fortalecer-area-de-la-mujer","status":"publish","type":"post","link":"https:\/\/armstrongyregion.com.ar\/diario\/canada-de-gomez-convenio-entre-municipalidad-y-provincia-para-fortalecer-area-de-la-mujer\/","title":{"rendered":"Ca\u00f1ada de G\u00f3mez. Convenio entre Municipalidad y Provincia para fortalecer \u00c1rea de la Mujer."},"content":{"rendered":"\n<figure class=\"wp-block-image size-large\"><img loading=\"lazy\" decoding=\"async\" width=\"640\" height=\"480\" src=\"http:\/\/armstrongyregion.com.ar\/diario\/wp-content\/uploads\/2020\/11\/WhatsApp-Image-2020-11-03-at-10.55.09-1.jpg\" alt=\"\" class=\"wp-image-27831\" srcset=\"https:\/\/armstrongyregion.com.ar\/diario\/wp-content\/uploads\/2020\/11\/WhatsApp-Image-2020-11-03-at-10.55.09-1.jpg 640w, https:\/\/armstrongyregion.com.ar\/diario\/wp-content\/uploads\/2020\/11\/WhatsApp-Image-2020-11-03-at-10.55.09-1-300x225.jpg 300w\" sizes=\"auto, (max-width: 640px) 100vw, 640px\" \/><\/figure>\n\n\n\n<p>\n\nLo firm\u00f3 la intendenta con la Secretar\u00eda de Estado de Igualdad y G\u00e9nero para reforzar la atenci\u00f3n integral y garantizar los derechos de las mujeres. Por otro lado, se avanz\u00f3 en capacitar sobre Ley Micaela en diferentes instituciones, como ya se hizo con los trabajadores municipales.<\/p>\n\n\n\n<p>La Municipalidad de Ca\u00f1ada de G\u00f3mez y la Secretar\u00eda de Estado de Igualdad y G\u00e9nero de Santa Fe firmaron este martes un convenio de colaboraci\u00f3n con la finalidad de fortalecer el \u00c1rea de la Mujer del Municipio.<br>De esta manera, como parte del trabajo para para reforzar la atenci\u00f3n integral y garantizar los derechos de las mujeres, tambi\u00e9n se avanz\u00f3 en la organizaci\u00f3n de capacitaciones sobre Ley Micaela en instituciones de la ciudad, de la misma manera que se hizo con los trabajadores municipales. &nbsp;<br>\u201cEl objetivo de este convenio es continuar trabajando rec\u00edprocamente en iniciativas, proyectos y acciones para la asistencia t\u00e9cnica, investigaci\u00f3n y capacitaci\u00f3n que se orienten a la problem\u00e1tica de g\u00e9nero\u201d, explic\u00f3 Cl\u00e9rici. El acuerdo tambi\u00e9n permitir\u00e1 el acceso a materiales y capacitaciones que se desarrollen en el \u00e1mbito de la secretar\u00eda provincial.\n\n<\/p>\n","protected":false},"excerpt":{"rendered":"<p>Lo firm\u00f3 la intendenta con la Secretar\u00eda de Estado de Igualdad y G\u00e9nero para reforzar la atenci\u00f3n integral y garantizar los derechos de las mujeres. Por otro lado, se avanz\u00f3 en capacitar sobre Ley Micaela en diferentes instituciones, como ya se hizo con los trabajadores municipales. La Municipalidad de Ca\u00f1ada de G\u00f3mez y la Secretar\u00eda <a href=\"https:\/\/armstrongyregion.com.ar\/diario\/canada-de-gomez-convenio-entre-municipalidad-y-provincia-para-fortalecer-area-de-la-mujer\/\" title=\"Read more\" >&#8230;<\/a><\/p>\n","protected":false},"author":1,"featured_media":27831,"comment_status":"open","ping_status":"open","sticky":false,"template":"","format":"image","meta":{"_jetpack_memberships_contains_paid_content":false,"footnotes":"","jetpack_publicize_message":"","jetpack_publicize_feature_enabled":true,"jetpack_social_post_already_shared":true,"jetpack_social_options":{"image_generator_settings":{"template":"highway","default_image_id":0,"enabled":false},"version":2}},"categories":[8,1,7,3],"tags":[],"class_list":["post-27830","post","type-post","status-publish","format-image","has-post-thumbnail","hentry","category-deliberando","category-diario-armstrong","category-politica","category-region","post_format-post-format-image"],"jetpack_publicize_connections":[],"jetpack_featured_media_url":"https:\/\/armstrongyregion.com.ar\/diario\/wp-content\/uploads\/2020\/11\/WhatsApp-Image-2020-11-03-at-10.55.09-1.jpg","jetpack_shortlink":"https:\/\/wp.me\/p62QDO-7eS","jetpack_sharing_enabled":true,"amp_enabled":true,"_links":{"self":[{"href":"https:\/\/armstrongyregion.com.ar\/diario\/wp-json\/wp\/v2\/posts\/27830","targetHints":{"allow":["GET"]}}],"collection":[{"href":"https:\/\/armstrongyregion.com.ar\/diario\/wp-json\/wp\/v2\/posts"}],"about":[{"href":"https:\/\/armstrongyregion.com.ar\/diario\/wp-json\/wp\/v2\/types\/post"}],"author":[{"embeddable":true,"href":"https:\/\/armstrongyregion.com.ar\/diario\/wp-json\/wp\/v2\/users\/1"}],"replies":[{"embeddable":true,"href":"https:\/\/armstrongyregion.com.ar\/diario\/wp-json\/wp\/v2\/comments?post=27830"}],"version-history":[{"count":1,"href":"https:\/\/armstrongyregion.com.ar\/diario\/wp-json\/wp\/v2\/posts\/27830\/revisions"}],"predecessor-version":[{"id":27832,"href":"https:\/\/armstrongyregion.com.ar\/diario\/wp-json\/wp\/v2\/posts\/27830\/revisions\/27832"}],"wp:featuredmedia":[{"embeddable":true,"href":"https:\/\/armstrongyregion.com.ar\/diario\/wp-json\/wp\/v2\/media\/27831"}],"wp:attachment":[{"href":"https:\/\/armstrongyregion.com.ar\/diario\/wp-json\/wp\/v2\/media?parent=27830"}],"wp:term":[{"taxonomy":"category","embeddable":true,"href":"https:\/\/armstrongyregion.com.ar\/diario\/wp-json\/wp\/v2\/categories?post=27830"},{"taxonomy":"post_tag","embeddable":true,"href":"https:\/\/armstrongyregion.com.ar\/diario\/wp-json\/wp\/v2\/tags?post=27830"}],"curies":[{"name":"wp","href":"https:\/\/api.w.org\/{rel}","templated":true}]}}