{"id":27826,"date":"2020-11-03T23:39:11","date_gmt":"2020-11-03T23:39:11","guid":{"rendered":"https:\/\/armstrongyregion.com.ar\/diario\/?p=27826"},"modified":"2020-11-03T23:39:16","modified_gmt":"2020-11-03T23:39:16","slug":"cuidarte-llego-a-montes-de-oca-iniciando-la-gira-en-la-usina-i","status":"publish","type":"post","link":"https:\/\/armstrongyregion.com.ar\/diario\/cuidarte-llego-a-montes-de-oca-iniciando-la-gira-en-la-usina-i\/","title":{"rendered":"\u00abCuidARTE\u00bb lleg\u00f3 a Montes de Oca iniciando la gira en la Usina I."},"content":{"rendered":"\n<figure class=\"wp-block-image size-large\"><img loading=\"lazy\" decoding=\"async\" width=\"500\" height=\"500\" src=\"http:\/\/armstrongyregion.com.ar\/diario\/wp-content\/uploads\/2020\/11\/Mtes-Oca-Cultura.jpg\" alt=\"\" class=\"wp-image-27827\" srcset=\"https:\/\/armstrongyregion.com.ar\/diario\/wp-content\/uploads\/2020\/11\/Mtes-Oca-Cultura.jpg 500w, https:\/\/armstrongyregion.com.ar\/diario\/wp-content\/uploads\/2020\/11\/Mtes-Oca-Cultura-300x300.jpg 300w, https:\/\/armstrongyregion.com.ar\/diario\/wp-content\/uploads\/2020\/11\/Mtes-Oca-Cultura-150x150.jpg 150w\" sizes=\"auto, (max-width: 500px) 100vw, 500px\" \/><\/figure>\n\n\n\n<p>El&nbsp;<strong>Ente Cultural Santafesino<\/strong>&nbsp;junto a la&nbsp;<strong>Comuna de Montes de Oca<\/strong>, en el marco de los&nbsp;<strong>programas \u201cCompartiendo Cultura\u201d<\/strong>&nbsp;y&nbsp;<strong>#EnteNosotros&nbsp;<\/strong>el cual se desarrolla dentro del contexto de aislamiento preventivo y obligatorio por el Covid-19; presentan la muestra&nbsp;<strong>\u00abCuidARTE\u00bb<\/strong>&nbsp;la cual lleg\u00f3 a la&nbsp;<strong>Usina I<\/strong>&nbsp;iniciando su gira en la localidad perteneciente al dpto Belgrano.<\/p>\n\n\n\n<p>La misma estar\u00e1 disponible al p\u00fablico desde el&nbsp;<strong>martes 3 de noviembre&nbsp;<\/strong>de&nbsp;<strong>14:30 a 18.30 hs.&nbsp;<\/strong>en la&nbsp;<strong>Biblioteca Popular \u201cBernardino Rivadavia<\/strong><\/p>\n\n\n\n<p>&nbsp;<strong>\u00abCuidARTE\u00bb<\/strong><\/p>\n\n\n\n<p>La misma posee el objetivo de difundir y concientizar a trav\u00e9s del Arte las medidas de prevenci\u00f3n:<\/p>\n\n\n\n<ul class=\"wp-block-list\"><li>Distanciamiento social<\/li><li>Qu\u00e9date en casa<\/li><li>Lavarse las manos con frecuencia.<\/li><\/ul>\n\n\n\n<p>Esta exposici\u00f3n tiene como objeto reflejar la tem\u00e1tica relacionada a la pandemia, expresada en los trazos de talentosos artistas pl\u00e1sticos que se ir\u00e1n sumando en cada una de las comunidades adheridas al&nbsp;<strong>Ente Cultural Santafesino<\/strong>.<\/p>\n\n\n\n<p>El&nbsp;<strong>Presidente del ECS Franco Pietrani&nbsp;<\/strong>manifest\u00f3 su satisfacci\u00f3n de enriquecer y llenar de arte el camino trazado por el Ente Cultural Santafesino.<\/p>\n\n\n\n<p><em>\u00abEsta muestra no solo nos permite promover el talento de nuestros artistas pl\u00e1sticos sino tambi\u00e9n refleja el momento hist\u00f3rico que nos encontramos viviendo a nivel mundial\u00bb.<\/em><\/p>\n\n\n\n<p><em>\u00abCuidARTE\u00bb inicia su gira desde Arroyo Seco con siete obras de los siguientes artistas:<\/em>&nbsp;<em>Mar\u00eda Bel\u00e9n de Rienzo, Silvina Patricia Ruberto, Olga Giannico, Vanina Brancatto, Franco Ganuza y Karen de Gi\u00e1como<\/em>;&nbsp;<em>siendo el disparador de una nueva iniciativa que finalizar\u00e1 a fin de a\u00f1o con un total de 150 obras\u00bb.<\/em><\/p>\n\n\n\n<p><em><strong>\u201cCompartiendo Cultura\u201d<\/strong><\/em><\/p>\n\n\n\n<p>Dicho programa que posee la finalidad de intercambiar e interaccionar propuestas art\u00edsticas pertenecientes a las comunidades que integran dicho espacio cultural; jerarquizando y promoviendo la red social, cultural y de inclusi\u00f3n de los m\u00faltiples artistas santafesinos.<\/p>\n\n\n\n<p><strong>Ente Cultural Santafesino<\/strong><strong>|<\/strong>&nbsp;Juntos, m\u00e1s y mejor!|&nbsp;<a href=\"http:\/\/enteculturalsantafesino.com\/\" target=\"_blank\" rel=\"noreferrer noopener\">enteculturalsantafesino.com<\/a><\/p>\n\n\n\n<p><\/p>\n","protected":false},"excerpt":{"rendered":"<p>El&nbsp;Ente Cultural Santafesino&nbsp;junto a la&nbsp;Comuna de Montes de Oca, en el marco de los&nbsp;programas \u201cCompartiendo Cultura\u201d&nbsp;y&nbsp;#EnteNosotros&nbsp;el cual se desarrolla dentro del contexto de aislamiento preventivo y obligatorio por el Covid-19; presentan la muestra&nbsp;\u00abCuidARTE\u00bb&nbsp;la cual lleg\u00f3 a la&nbsp;Usina I&nbsp;iniciando su gira en la localidad perteneciente al dpto Belgrano. La misma estar\u00e1 disponible al p\u00fablico desde el&nbsp;martes <a href=\"https:\/\/armstrongyregion.com.ar\/diario\/cuidarte-llego-a-montes-de-oca-iniciando-la-gira-en-la-usina-i\/\" title=\"Read more\" >&#8230;<\/a><\/p>\n","protected":false},"author":1,"featured_media":27827,"comment_status":"open","ping_status":"open","sticky":false,"template":"","format":"image","meta":{"_jetpack_memberships_contains_paid_content":false,"footnotes":"","jetpack_publicize_message":"","jetpack_publicize_feature_enabled":true,"jetpack_social_post_already_shared":true,"jetpack_social_options":{"image_generator_settings":{"template":"highway","default_image_id":0,"enabled":false},"version":2}},"categories":[6,8,1,3],"tags":[],"class_list":["post-27826","post","type-post","status-publish","format-image","has-post-thumbnail","hentry","category-cultura-entretenimiento","category-deliberando","category-diario-armstrong","category-region","post_format-post-format-image"],"jetpack_publicize_connections":[],"jetpack_featured_media_url":"https:\/\/armstrongyregion.com.ar\/diario\/wp-content\/uploads\/2020\/11\/Mtes-Oca-Cultura.jpg","jetpack_shortlink":"https:\/\/wp.me\/p62QDO-7eO","jetpack_sharing_enabled":true,"amp_enabled":true,"_links":{"self":[{"href":"https:\/\/armstrongyregion.com.ar\/diario\/wp-json\/wp\/v2\/posts\/27826","targetHints":{"allow":["GET"]}}],"collection":[{"href":"https:\/\/armstrongyregion.com.ar\/diario\/wp-json\/wp\/v2\/posts"}],"about":[{"href":"https:\/\/armstrongyregion.com.ar\/diario\/wp-json\/wp\/v2\/types\/post"}],"author":[{"embeddable":true,"href":"https:\/\/armstrongyregion.com.ar\/diario\/wp-json\/wp\/v2\/users\/1"}],"replies":[{"embeddable":true,"href":"https:\/\/armstrongyregion.com.ar\/diario\/wp-json\/wp\/v2\/comments?post=27826"}],"version-history":[{"count":1,"href":"https:\/\/armstrongyregion.com.ar\/diario\/wp-json\/wp\/v2\/posts\/27826\/revisions"}],"predecessor-version":[{"id":27828,"href":"https:\/\/armstrongyregion.com.ar\/diario\/wp-json\/wp\/v2\/posts\/27826\/revisions\/27828"}],"wp:featuredmedia":[{"embeddable":true,"href":"https:\/\/armstrongyregion.com.ar\/diario\/wp-json\/wp\/v2\/media\/27827"}],"wp:attachment":[{"href":"https:\/\/armstrongyregion.com.ar\/diario\/wp-json\/wp\/v2\/media?parent=27826"}],"wp:term":[{"taxonomy":"category","embeddable":true,"href":"https:\/\/armstrongyregion.com.ar\/diario\/wp-json\/wp\/v2\/categories?post=27826"},{"taxonomy":"post_tag","embeddable":true,"href":"https:\/\/armstrongyregion.com.ar\/diario\/wp-json\/wp\/v2\/tags?post=27826"}],"curies":[{"name":"wp","href":"https:\/\/api.w.org\/{rel}","templated":true}]}}