{"id":27801,"date":"2020-11-02T12:48:50","date_gmt":"2020-11-02T12:48:50","guid":{"rendered":"https:\/\/armstrongyregion.com.ar\/diario\/?p=27801"},"modified":"2020-11-02T12:48:54","modified_gmt":"2020-11-02T12:48:54","slug":"la-ministra-de-educacion-evaluo-los-alcances-del-regreso-presencial-a-las-aulas-en-la-provincia","status":"publish","type":"post","link":"https:\/\/armstrongyregion.com.ar\/diario\/la-ministra-de-educacion-evaluo-los-alcances-del-regreso-presencial-a-las-aulas-en-la-provincia\/","title":{"rendered":"La Ministra de Educaci\u00f3n evalu\u00f3 los alcances del regreso presencial a las aulas en la provincia."},"content":{"rendered":"\n<figure class=\"wp-block-image size-large\"><img loading=\"lazy\" decoding=\"async\" width=\"570\" height=\"320\" src=\"http:\/\/armstrongyregion.com.ar\/diario\/wp-content\/uploads\/2020\/11\/2020-11-01NID_268971O_1.jpg\" alt=\"\" class=\"wp-image-27802\" srcset=\"https:\/\/armstrongyregion.com.ar\/diario\/wp-content\/uploads\/2020\/11\/2020-11-01NID_268971O_1.jpg 570w, https:\/\/armstrongyregion.com.ar\/diario\/wp-content\/uploads\/2020\/11\/2020-11-01NID_268971O_1-300x168.jpg 300w\" sizes=\"auto, (max-width: 570px) 100vw, 570px\" \/><\/figure>\n\n\n\n<h2 class=\"wp-block-heading\"> <em>Adriana Cantero realiz\u00f3 un an\u00e1lisis de la vuelta a las aulas en escuelas de 33 localidades del centro provincial.<\/em> <\/h2>\n\n\n\n<p>La titular de la cartera educativa, Adriana Cantero realiz\u00f3 un an\u00e1lisis del regreso a las aulas en escuelas de 33 localidades del centro provincial. En la oportunidad, la ministra precis\u00f3 que \u201cen el monitoreo que vamos haciendo se verifica la alegr\u00eda que significa volver al espacio presencial, el encuentro entre estudiantes y docentes, la posibilidad de planificar de otra manera la ense\u00f1anza y este aprendizaje de habitar una escuela pospandemia, que est\u00e1n haciendo tanto las chicas y los chicos como sus docentes\u201d.<\/p>\n\n\n\n<p>En esta oportunidad, Cantero sostuvo que \u201cla escuela es un gran organizador social y altamente convocante para la vida comunitaria, por eso el desaf\u00edo es aprender a trabajar con el dinamismo que impone la pandemia, a&nbsp;veces podemos abrir las aulas y en otros casos&nbsp;es necesario cerrarlas para cuidar la vida. En ese ciclo de flexibilidad transitaremos el tiempo que nos toca vivir. Es por eso que estamos iniciando en esas localidades preservadas, la vuelta de las secundarias porque es el turno de los adolescentes en la recuperaci\u00f3n de la presencialidad escolar.\u201d<\/p>\n\n\n\n<p>Respecto de&nbsp;la posibilidad de volver a las escuelas en las ciudades m\u00e1s importantes del territorio provincial la ministra expres\u00f3 que \u201ccon la foto de hoy es imposible habilitar la presencialidad en las ciudades como Santa Fe, donde se exige un m\u00e1ximo control de la circulaci\u00f3n de personas para evitar riesgos sanitarios. No obstante, estamos preparando las escuelas para el momento en que los indicadores de salud planteen que es posible recuperar&nbsp;la presencialidad en las escuelas, lo podamos a hacer aunque sea por pocos d\u00edas\u201d.<\/p>\n\n\n\n<p>En ese sentido la funcionaria manifest\u00f3 tambi\u00e9n, que \u201cestamos trabajando e invirtiendo en los edificios escolares,&nbsp; en la adquisici\u00f3n de equipamiento, en capacitaciones, en la producci\u00f3n de cuadernillos para las actividades escolares, en asegurar la vacunaci\u00f3n de los ni\u00f1os y ni\u00f1as porque esa es tambi\u00e9n una condici\u00f3n que mejora perspectivas de espacios compartidos con menos riesgo, en la presentaci\u00f3n al ministerio nacional de los formatos elegidos en Santa Fe para garantizar dispositivos de presencialidad y de ense\u00f1anza en la distancia . Se trata de habilitar formas de educaci\u00f3n en un tiempo excepcional con los cuidados y protocolos que se requieren para habitar escuelas seguras cuando las autoridades sanitarias indiquen que es posible el regreso a las aulas\u201d.<\/p>\n\n\n\n<p><strong>CIERRE CICLO EDUCATIVO<\/strong><br>Para referirse al avance del presente ciclo lectivo, la ministra dijo que se est\u00e1 avanzando hacia marzo del a\u00f1o 2021 y aclar\u00f3 que \u201cahora seguiremos con el calendario previsto para el 2020 hasta diciembre y el per\u00edodo febrero-marzo, que se utiliza normalmente para la recuperaci\u00f3n de aprendizajes y ex\u00e1menes, va a ser tomado para un trabajo intensivo con los grupos prioritarios, es decir los 7\u00b0 de la educaci\u00f3n primaria y los 5\u00b0 y 6\u00b0 de la educaci\u00f3n secundaria orientada o t\u00e9cnica. Asimismo, estar\u00edamos mirando si es posible trabajar con los primeros grados para completar la idea de trabajar con los que inician o terminan los ciclos por nivel\u201d.<\/p>\n\n\n\n<p>Finalmente indic\u00f3 que el inicio del ciclo lectivo 2021 a\u00fan no ha sido resuelto por el Consejo Federal de Educaci\u00f3n y en el pr\u00f3ximo encuentro, que se realizar\u00e1 la semana entrante, se va a iniciar esa discusi\u00f3n.<\/p>\n","protected":false},"excerpt":{"rendered":"<p>Adriana Cantero realiz\u00f3 un an\u00e1lisis de la vuelta a las aulas en escuelas de 33 localidades del centro provincial. La titular de la cartera educativa, Adriana Cantero realiz\u00f3 un an\u00e1lisis del regreso a las aulas en escuelas de 33 localidades del centro provincial. En la oportunidad, la ministra precis\u00f3 que \u201cen el monitoreo que vamos <a href=\"https:\/\/armstrongyregion.com.ar\/diario\/la-ministra-de-educacion-evaluo-los-alcances-del-regreso-presencial-a-las-aulas-en-la-provincia\/\" title=\"Read more\" >&#8230;<\/a><\/p>\n","protected":false},"author":1,"featured_media":27802,"comment_status":"open","ping_status":"open","sticky":false,"template":"","format":"image","meta":{"_jetpack_memberships_contains_paid_content":false,"footnotes":"","jetpack_publicize_message":"","jetpack_publicize_feature_enabled":true,"jetpack_social_post_already_shared":true,"jetpack_social_options":{"image_generator_settings":{"template":"highway","default_image_id":0,"enabled":false},"version":2}},"categories":[6,8,1,7,3],"tags":[],"class_list":["post-27801","post","type-post","status-publish","format-image","has-post-thumbnail","hentry","category-cultura-entretenimiento","category-deliberando","category-diario-armstrong","category-politica","category-region","post_format-post-format-image"],"jetpack_publicize_connections":[],"jetpack_featured_media_url":"https:\/\/armstrongyregion.com.ar\/diario\/wp-content\/uploads\/2020\/11\/2020-11-01NID_268971O_1.jpg","jetpack_shortlink":"https:\/\/wp.me\/p62QDO-7ep","jetpack_sharing_enabled":true,"amp_enabled":true,"_links":{"self":[{"href":"https:\/\/armstrongyregion.com.ar\/diario\/wp-json\/wp\/v2\/posts\/27801","targetHints":{"allow":["GET"]}}],"collection":[{"href":"https:\/\/armstrongyregion.com.ar\/diario\/wp-json\/wp\/v2\/posts"}],"about":[{"href":"https:\/\/armstrongyregion.com.ar\/diario\/wp-json\/wp\/v2\/types\/post"}],"author":[{"embeddable":true,"href":"https:\/\/armstrongyregion.com.ar\/diario\/wp-json\/wp\/v2\/users\/1"}],"replies":[{"embeddable":true,"href":"https:\/\/armstrongyregion.com.ar\/diario\/wp-json\/wp\/v2\/comments?post=27801"}],"version-history":[{"count":1,"href":"https:\/\/armstrongyregion.com.ar\/diario\/wp-json\/wp\/v2\/posts\/27801\/revisions"}],"predecessor-version":[{"id":27803,"href":"https:\/\/armstrongyregion.com.ar\/diario\/wp-json\/wp\/v2\/posts\/27801\/revisions\/27803"}],"wp:featuredmedia":[{"embeddable":true,"href":"https:\/\/armstrongyregion.com.ar\/diario\/wp-json\/wp\/v2\/media\/27802"}],"wp:attachment":[{"href":"https:\/\/armstrongyregion.com.ar\/diario\/wp-json\/wp\/v2\/media?parent=27801"}],"wp:term":[{"taxonomy":"category","embeddable":true,"href":"https:\/\/armstrongyregion.com.ar\/diario\/wp-json\/wp\/v2\/categories?post=27801"},{"taxonomy":"post_tag","embeddable":true,"href":"https:\/\/armstrongyregion.com.ar\/diario\/wp-json\/wp\/v2\/tags?post=27801"}],"curies":[{"name":"wp","href":"https:\/\/api.w.org\/{rel}","templated":true}]}}