{"id":27787,"date":"2020-10-31T13:53:49","date_gmt":"2020-10-31T13:53:49","guid":{"rendered":"https:\/\/armstrongyregion.com.ar\/diario\/?p=27787"},"modified":"2020-10-31T13:53:51","modified_gmt":"2020-10-31T13:53:51","slug":"trabajo-infantil-en-santa-fe-diputados-y-diputadas-dieron-un-gran-paso-para-erradicarlo","status":"publish","type":"post","link":"https:\/\/armstrongyregion.com.ar\/diario\/trabajo-infantil-en-santa-fe-diputados-y-diputadas-dieron-un-gran-paso-para-erradicarlo\/","title":{"rendered":"*Trabajo Infantil en Santa Fe: Diputados y diputadas dieron un gran paso para erradicarlo*"},"content":{"rendered":"\n<figure class=\"wp-block-image size-large\"><img loading=\"lazy\" decoding=\"async\" width=\"570\" height=\"320\" src=\"http:\/\/armstrongyregion.com.ar\/diario\/wp-content\/uploads\/2020\/10\/IMG-20201030-WA0196.jpg\" alt=\"\" class=\"wp-image-27788\" srcset=\"https:\/\/armstrongyregion.com.ar\/diario\/wp-content\/uploads\/2020\/10\/IMG-20201030-WA0196.jpg 570w, https:\/\/armstrongyregion.com.ar\/diario\/wp-content\/uploads\/2020\/10\/IMG-20201030-WA0196-300x168.jpg 300w\" sizes=\"auto, (max-width: 570px) 100vw, 570px\" \/><\/figure>\n\n\n\n<p>\n\nLa C\u00e1mara baja di\u00f3 media sanci\u00f3n a la iniciativa impulsada por la diputada socialista Lorena Ulieldin que busca prevenir y erradicar el trabajo infantil en nuestra provincia. \u00abEl Estado debe protegerlos, el trabajo no es cosa de chicos\u00bb, insisti\u00f3 la legisladora.<br>En Argentina, cerca de 764 mil ni\u00f1as y ni\u00f1os de entre 5 y 15 a\u00f1os realizan al menos una actividad productiva, lo que representa al 10% de los ni\u00f1os y ni\u00f1as del pa\u00eds. Estos datos corresponden a una encuesta del Ministerio de Trabajo de la Naci\u00f3n.&nbsp;<br>Tambi\u00e9n se conoci\u00f3 que los departamentos santafesinos con mayor riesgo de trabajo infantil son 9 de Julio, Garay y San Javier (8,8%), y con riesgo medio: San Mart\u00edn, San Cristobal, Vera, San Justo, San Jer\u00f3nimo e Iriondo (6,54%). Esto es de acuerdo a un informe de Riesgo de Trabajo Infantil y Adolescente elaborado por la OIT, la Naci\u00f3n y la CEPAL, a fines de 2019.<br>\u00abPara prevenir y erradicar el trabajo infantil, se necesita que el Gobierno de la provincia establezca pol\u00edticas p\u00fablicas concretas. Por eso proponemos que por ley se lleven a cabo estas acciones\u00bb, expres\u00f3 la diputada.<br>En este sentido a\u00f1adi\u00f3 que \u00abnuestra provincia tiene una experiencia muy rica, con programas que se llevaron adelante en los \u00faltimos a\u00f1os con muy buenos resultados. Sin embargo, en diciembre se volvi\u00f3 a foja cero. Por eso buscamos que a trav\u00e9s de esta ley los ni\u00f1os, ni\u00f1as y adolescentes puedan estar protegidos\u00bb, expres\u00f3 la legisladora.&nbsp;&nbsp;<br>*QU\u00c9 PROPONE EL PROYECTO*<br>La iniciativa -que ya cuenta con media sanci\u00f3n- propone crear la Comisi\u00f3n Provincial para la Prevenci\u00f3n y Erradicaci\u00f3n del Trabajo lnfantil -C.O.P.R.E.T.I.-, que sea la que dise\u00f1e estas acciones, otorg\u00e1ndole mayor institucionalidad a este \u00e1mbito.&nbsp;<br>Asimismo, se busca crear el Programa Centros de Cuidado lnfantil que pueda brindar atenci\u00f3n integral para la protecci\u00f3n social de ni\u00f1os y ni\u00f1as de 0 a 6 a\u00f1os y de ni\u00f1os escolarizados con trayectorias escolares discontinuas (repitencia, inasistencia reiterada, abandono escolar, entre otras).&nbsp;&nbsp;<br>Cabe destacar que este proyecto viene siendo trabajado desde hace varios meses, y fue enriquecido con los aportes que hicieron los sectores involucrados en la problem\u00e1tica del trabajo infantil, como representantes de los gremios, de la Organizaci\u00f3n Internacional del Trabajo, de la Defensoria de la Ni\u00f1ez, referentes de los CCI de toda la provincia, y por funcionarios del Ministerio de Trabajo y de Desarrollo Social del Gobierno provincial.<br>*ANTECEDENTES*<br>Si bien el trabajo infantil est\u00e1 prohibido en nuestro pa\u00eds (Ley 26.390) y en nuestra provincia a trav\u00e9s de la Ley de Promoci\u00f3n y Protecci\u00f3n Integral de los Derechos de los Ni\u00f1os, Ni\u00f1as y Adolescentes de 2009, a\u00fan existe una gran deuda pendiente.&nbsp;<br>Cabe destacar que la erradicaci\u00f3n del trabajo infantil es uno de los objetivos de la Organizaci\u00f3n de Naciones Unidas (ONU) que qued\u00f3 plasmado en la Agenda 2030 para el Desarrollo Sostenible. Se trata de un plan de acci\u00f3n a favor de las personas, el planeta y la prosperidad, que tambi\u00e9n tiene la intenci\u00f3n de fortalecer la paz universal y el acceso a la justicia. \u00abDesde Santa Fe podemos aportar para que este objetivo empiece a ser posible\u00bb, indic\u00f3 Ulieldin.<br>*EXPERIENCIAS ANTERIORES*<br>En los \u00faltimos a\u00f1os, se comenz\u00f3 a dar respuesta a la problem\u00e1tica del trabajo de menores a trav\u00e9s del funcionamiento de Centros de Cuidado Infantil. Y mientras sus padres cumpl\u00edan sus jornadas de trabajo, ten\u00edan la tranquilidad de que sus hijos quedaran en un lugar seguro. Llegaron a funcionar 37 en toda la provincia, atendiendo a m\u00e1s de 1400 ni\u00f1os y ni\u00f1as. Hoy la mayor\u00eda no est\u00e1n funcionando.\n\n<\/p>\n","protected":false},"excerpt":{"rendered":"<p>La C\u00e1mara baja di\u00f3 media sanci\u00f3n a la iniciativa impulsada por la diputada socialista Lorena Ulieldin que busca prevenir y erradicar el trabajo infantil en nuestra provincia. \u00abEl Estado debe protegerlos, el trabajo no es cosa de chicos\u00bb, insisti\u00f3 la legisladora.En Argentina, cerca de 764 mil ni\u00f1as y ni\u00f1os de entre 5 y 15 a\u00f1os <a href=\"https:\/\/armstrongyregion.com.ar\/diario\/trabajo-infantil-en-santa-fe-diputados-y-diputadas-dieron-un-gran-paso-para-erradicarlo\/\" title=\"Read more\" >&#8230;<\/a><\/p>\n","protected":false},"author":1,"featured_media":27788,"comment_status":"open","ping_status":"open","sticky":false,"template":"","format":"image","meta":{"_jetpack_memberships_contains_paid_content":false,"footnotes":"","jetpack_publicize_message":"","jetpack_publicize_feature_enabled":true,"jetpack_social_post_already_shared":true,"jetpack_social_options":{"image_generator_settings":{"template":"highway","default_image_id":0,"enabled":false},"version":2}},"categories":[8,1,2,3],"tags":[],"class_list":["post-27787","post","type-post","status-publish","format-image","has-post-thumbnail","hentry","category-deliberando","category-diario-armstrong","category-locales","category-region","post_format-post-format-image"],"jetpack_publicize_connections":[],"jetpack_featured_media_url":"https:\/\/armstrongyregion.com.ar\/diario\/wp-content\/uploads\/2020\/10\/IMG-20201030-WA0196.jpg","jetpack_shortlink":"https:\/\/wp.me\/p62QDO-7eb","jetpack_sharing_enabled":true,"amp_enabled":true,"_links":{"self":[{"href":"https:\/\/armstrongyregion.com.ar\/diario\/wp-json\/wp\/v2\/posts\/27787","targetHints":{"allow":["GET"]}}],"collection":[{"href":"https:\/\/armstrongyregion.com.ar\/diario\/wp-json\/wp\/v2\/posts"}],"about":[{"href":"https:\/\/armstrongyregion.com.ar\/diario\/wp-json\/wp\/v2\/types\/post"}],"author":[{"embeddable":true,"href":"https:\/\/armstrongyregion.com.ar\/diario\/wp-json\/wp\/v2\/users\/1"}],"replies":[{"embeddable":true,"href":"https:\/\/armstrongyregion.com.ar\/diario\/wp-json\/wp\/v2\/comments?post=27787"}],"version-history":[{"count":1,"href":"https:\/\/armstrongyregion.com.ar\/diario\/wp-json\/wp\/v2\/posts\/27787\/revisions"}],"predecessor-version":[{"id":27789,"href":"https:\/\/armstrongyregion.com.ar\/diario\/wp-json\/wp\/v2\/posts\/27787\/revisions\/27789"}],"wp:featuredmedia":[{"embeddable":true,"href":"https:\/\/armstrongyregion.com.ar\/diario\/wp-json\/wp\/v2\/media\/27788"}],"wp:attachment":[{"href":"https:\/\/armstrongyregion.com.ar\/diario\/wp-json\/wp\/v2\/media?parent=27787"}],"wp:term":[{"taxonomy":"category","embeddable":true,"href":"https:\/\/armstrongyregion.com.ar\/diario\/wp-json\/wp\/v2\/categories?post=27787"},{"taxonomy":"post_tag","embeddable":true,"href":"https:\/\/armstrongyregion.com.ar\/diario\/wp-json\/wp\/v2\/tags?post=27787"}],"curies":[{"name":"wp","href":"https:\/\/api.w.org\/{rel}","templated":true}]}}