{"id":27781,"date":"2020-10-31T13:42:24","date_gmt":"2020-10-31T13:42:24","guid":{"rendered":"https:\/\/armstrongyregion.com.ar\/diario\/?p=27781"},"modified":"2020-10-31T14:04:18","modified_gmt":"2020-10-31T14:04:18","slug":"es-un-nuevo-avance-hacia-la-reconstruccion-definitiva-de-la-ex-ruta-9","status":"publish","type":"post","link":"https:\/\/armstrongyregion.com.ar\/diario\/es-un-nuevo-avance-hacia-la-reconstruccion-definitiva-de-la-ex-ruta-9\/","title":{"rendered":"Es un nuevo avance hacia la reconstrucci\u00f3n definitiva de la Ex- Ruta 9."},"content":{"rendered":"\n<figure class=\"wp-block-image size-large\"><img loading=\"lazy\" decoding=\"async\" width=\"640\" height=\"480\" src=\"http:\/\/armstrongyregion.com.ar\/diario\/wp-content\/uploads\/2020\/10\/WhatsApp-Image-2020-10-31-at-08.43.38.jpg\" alt=\"\" class=\"wp-image-27782\" srcset=\"https:\/\/armstrongyregion.com.ar\/diario\/wp-content\/uploads\/2020\/10\/WhatsApp-Image-2020-10-31-at-08.43.38.jpg 640w, https:\/\/armstrongyregion.com.ar\/diario\/wp-content\/uploads\/2020\/10\/WhatsApp-Image-2020-10-31-at-08.43.38-300x225.jpg 300w\" sizes=\"auto, (max-width: 640px) 100vw, 640px\" \/><\/figure>\n\n\n\n<p>As\u00ed lo expres\u00f3 la intendenta luego de participar junto a otros presidentes comunales en una nueva audiencia. Vialidad Nacional deber\u00e1 presentar antes de fin de a\u00f1o el proyecto de reconstrucci\u00f3n del tramo Roldan \u2013 Bell Ville. El martes se adjudica la obra de reconstrucci\u00f3n&nbsp; en las zonas semaforizadas de nuestra ciudad.<\/p>\n\n\n\n<p>En el mediod\u00eda de ayer, la intendenta Stella Cl\u00e9rici junto a presidentes comunales de Correa y San Jer\u00f3nimo, particip\u00f3 de una audiencia por la reconstrucci\u00f3n de la ruta 9, que tuvo lugar en el Juzgado Federal de Rosario.<\/p>\n\n\n\n<p>Tras la misma, Vialidad Nacional deber\u00e1 presentar antes de fin de a\u00f1o el proyecto definitivo de reconstrucci\u00f3n de lo que es el tramo Rold\u00e1n \u2013Bell Ville, conocido t\u00e9cnicamente como el malla crema 235. \u201cRecordemos que interpusimos un amparo en 2018 con informes t\u00e9cnicos, acompa\u00f1amiento de instituciones junto a la adhesi\u00f3n de las localidades; ante eso Vialidad ahora debe `presentar un proyecto de obra definitivo\u201d.<\/p>\n\n\n\n<p>En este sentido, destac\u00f3 que la el pr\u00f3ximo martes se adjudica la obra de reconstrucci\u00f3n de ochocientos metros de cinta asf\u00e1ltica y banquinas sobre el tramo urbano de nuestra ciudad de la ex Ruta Nacional N\u00b0 9, con una inversi\u00f3n que supera los 75 millones de pesos y un plazo de ejecuci\u00f3n aproximado de diez meses.<\/p>\n\n\n\n<p>\u00abEste es un reclamo leg\u00edtimo que venimos haciendo hace much\u00edsimo. Ca\u00f1ada y la regi\u00f3n aportan mucho y merecen que esos recursos vuelvan en obras tan necesarias como esta\u201d, concluy\u00f3 Cl\u00e9rici.<\/p>\n","protected":false},"excerpt":{"rendered":"<p>As\u00ed lo expres\u00f3 la intendenta luego de participar junto a otros presidentes comunales en una nueva audiencia. Vialidad Nacional deber\u00e1 presentar antes de fin de a\u00f1o el proyecto de reconstrucci\u00f3n del tramo Roldan \u2013 Bell Ville. El martes se adjudica la obra de reconstrucci\u00f3n&nbsp; en las zonas semaforizadas de nuestra ciudad. En el mediod\u00eda de <a href=\"https:\/\/armstrongyregion.com.ar\/diario\/es-un-nuevo-avance-hacia-la-reconstruccion-definitiva-de-la-ex-ruta-9\/\" title=\"Read more\" >&#8230;<\/a><\/p>\n","protected":false},"author":1,"featured_media":27782,"comment_status":"open","ping_status":"open","sticky":false,"template":"","format":"image","meta":{"_jetpack_memberships_contains_paid_content":false,"footnotes":"","jetpack_publicize_message":"","jetpack_publicize_feature_enabled":true,"jetpack_social_post_already_shared":true,"jetpack_social_options":{"image_generator_settings":{"template":"highway","default_image_id":0,"enabled":false},"version":2}},"categories":[8,1,2,7,3],"tags":[],"class_list":["post-27781","post","type-post","status-publish","format-image","has-post-thumbnail","hentry","category-deliberando","category-diario-armstrong","category-locales","category-politica","category-region","post_format-post-format-image"],"jetpack_publicize_connections":[],"jetpack_featured_media_url":"https:\/\/armstrongyregion.com.ar\/diario\/wp-content\/uploads\/2020\/10\/WhatsApp-Image-2020-10-31-at-08.43.38.jpg","jetpack_shortlink":"https:\/\/wp.me\/p62QDO-7e5","jetpack_sharing_enabled":true,"amp_enabled":true,"_links":{"self":[{"href":"https:\/\/armstrongyregion.com.ar\/diario\/wp-json\/wp\/v2\/posts\/27781","targetHints":{"allow":["GET"]}}],"collection":[{"href":"https:\/\/armstrongyregion.com.ar\/diario\/wp-json\/wp\/v2\/posts"}],"about":[{"href":"https:\/\/armstrongyregion.com.ar\/diario\/wp-json\/wp\/v2\/types\/post"}],"author":[{"embeddable":true,"href":"https:\/\/armstrongyregion.com.ar\/diario\/wp-json\/wp\/v2\/users\/1"}],"replies":[{"embeddable":true,"href":"https:\/\/armstrongyregion.com.ar\/diario\/wp-json\/wp\/v2\/comments?post=27781"}],"version-history":[{"count":2,"href":"https:\/\/armstrongyregion.com.ar\/diario\/wp-json\/wp\/v2\/posts\/27781\/revisions"}],"predecessor-version":[{"id":27793,"href":"https:\/\/armstrongyregion.com.ar\/diario\/wp-json\/wp\/v2\/posts\/27781\/revisions\/27793"}],"wp:featuredmedia":[{"embeddable":true,"href":"https:\/\/armstrongyregion.com.ar\/diario\/wp-json\/wp\/v2\/media\/27782"}],"wp:attachment":[{"href":"https:\/\/armstrongyregion.com.ar\/diario\/wp-json\/wp\/v2\/media?parent=27781"}],"wp:term":[{"taxonomy":"category","embeddable":true,"href":"https:\/\/armstrongyregion.com.ar\/diario\/wp-json\/wp\/v2\/categories?post=27781"},{"taxonomy":"post_tag","embeddable":true,"href":"https:\/\/armstrongyregion.com.ar\/diario\/wp-json\/wp\/v2\/tags?post=27781"}],"curies":[{"name":"wp","href":"https:\/\/api.w.org\/{rel}","templated":true}]}}