{"id":27773,"date":"2020-10-30T21:56:04","date_gmt":"2020-10-30T21:56:04","guid":{"rendered":"https:\/\/armstrongyregion.com.ar\/diario\/?p=27773"},"modified":"2020-10-30T21:56:07","modified_gmt":"2020-10-30T21:56:07","slug":"nuevo-plan-de-obras-viales-en-armstrong","status":"publish","type":"post","link":"https:\/\/armstrongyregion.com.ar\/diario\/nuevo-plan-de-obras-viales-en-armstrong\/","title":{"rendered":"Nuevo plan de obras viales en Armstrong."},"content":{"rendered":"\n<figure class=\"wp-block-image size-large\"><img loading=\"lazy\" decoding=\"async\" width=\"512\" height=\"508\" src=\"http:\/\/armstrongyregion.com.ar\/diario\/wp-content\/uploads\/2020\/10\/IMG-20201030-WA0013.jpg\" alt=\"\" class=\"wp-image-27774\" srcset=\"https:\/\/armstrongyregion.com.ar\/diario\/wp-content\/uploads\/2020\/10\/IMG-20201030-WA0013.jpg 512w, https:\/\/armstrongyregion.com.ar\/diario\/wp-content\/uploads\/2020\/10\/IMG-20201030-WA0013-300x298.jpg 300w, https:\/\/armstrongyregion.com.ar\/diario\/wp-content\/uploads\/2020\/10\/IMG-20201030-WA0013-150x150.jpg 150w\" sizes=\"auto, (max-width: 512px) 100vw, 512px\" \/><\/figure>\n\n\n\n<p>\nLa Municipalidad de Armstrong pone en marcha un nuevo conjunto de\nobras para mejorar la nivelaci\u00f3n y la infraestructura vial en la\nzona noreste de Armstrong, priorizando que las obras sigan avanzando\nen los barrios donde hacen falta, a pesar de la compleja situaci\u00f3n\necon\u00f3mica que vivimos.<\/p>\n\n\n\n<figure class=\"wp-block-image size-large\"><img loading=\"lazy\" decoding=\"async\" width=\"508\" height=\"512\" src=\"http:\/\/armstrongyregion.com.ar\/diario\/wp-content\/uploads\/2020\/10\/plan-o-v2.jpg\" alt=\"\" class=\"wp-image-27775\" srcset=\"https:\/\/armstrongyregion.com.ar\/diario\/wp-content\/uploads\/2020\/10\/plan-o-v2.jpg 508w, https:\/\/armstrongyregion.com.ar\/diario\/wp-content\/uploads\/2020\/10\/plan-o-v2-298x300.jpg 298w, https:\/\/armstrongyregion.com.ar\/diario\/wp-content\/uploads\/2020\/10\/plan-o-v2-150x150.jpg 150w\" sizes=\"auto, (max-width: 508px) 100vw, 508px\" \/><\/figure>\n\n\n\n<p>Esta inversi\u00f3n de fondos municipales, contempla 15 nuevas cuadras de cord\u00f3n cuenta, estabilizado de la calzada e iluminaci\u00f3n led que son parte de la planificaci\u00f3n estrat\u00e9gica que viene llevando adelante el Municipio y est\u00e1n dirigidas a concluir toda la nivelaci\u00f3n del terreno, facilitar el escurrimiento del agua y mejorar la urbanizaci\u00f3n de la zona noreste de la ciudad.<\/p>\n\n\n\n<p>Tambi\u00e9n se incluyeron en las 15\ncalles de este plan de cord\u00f3n cuneta, 2 nuevas cuadras sobre calle\nChavarri y 2 sobre calle La Plata para cerrar circuitos de obras\ndonde se estuvo trabajando anteriormente.<\/p>\n\n\n\n<figure class=\"wp-block-image size-large\"><img loading=\"lazy\" decoding=\"async\" width=\"507\" height=\"512\" src=\"http:\/\/armstrongyregion.com.ar\/diario\/wp-content\/uploads\/2020\/10\/p-o-v-3.jpg\" alt=\"\" class=\"wp-image-27776\" srcset=\"https:\/\/armstrongyregion.com.ar\/diario\/wp-content\/uploads\/2020\/10\/p-o-v-3.jpg 507w, https:\/\/armstrongyregion.com.ar\/diario\/wp-content\/uploads\/2020\/10\/p-o-v-3-297x300.jpg 297w, https:\/\/armstrongyregion.com.ar\/diario\/wp-content\/uploads\/2020\/10\/p-o-v-3-150x150.jpg 150w\" sizes=\"auto, (max-width: 507px) 100vw, 507px\" \/><\/figure>\n\n\n\n<p>Con ese prop\u00f3sito, la decisi\u00f3n del\nEjecutivo Municipal fue tercerizar la ejecuci\u00f3n de los cordones\ncunetas a trav\u00e9s de un llamado a Licitaci\u00f3n P\u00fablica, con fecha de\napertura de sobres el d\u00eda 30\/10\/20.<\/p>\n\n\n\n<p>Las calles a intervenir son:<\/p>\n\n\n\n<p>\u00b7 California entre Av. Alberdi\n(RN9) y Cuffia (ambas veredas)<\/p>\n\n\n\n<p>\u00b7 Cuffia entre Castellanos y\nCalifornia (ambas veredas)<\/p>\n\n\n\n<p>\u00b7 Cuffia entre California y\nParaguay (ambas veredas)<\/p>\n\n\n\n<p>\u00b7 California entre Lisandro de la\nTorre y Cuffia (ambas veredas)<\/p>\n\n\n\n<p>\u00b7 Algarrobo entre Castellanos y\nCalifornia (ambas veredas)<\/p>\n\n\n\n<p>\u00b7 Lisandro de la Torre entre\nCalifornia y Paraguay (ambas veredas)<\/p>\n\n\n\n<p>\u00b7 California entre Lisandro de la\ntorre y H. Irigoyen (ambas veredas)<\/p>\n\n\n\n<p>\u00b7 H. Irigoyen entre Castellanos y\nCalifornia (ambas veredas)<\/p>\n\n\n\n<p>\u00b7 H. Irigoyen entre California y\nParaguay (ambas veredas)<\/p>\n\n\n\n<p>\u00b7 California entre H. Irigoyen y\nPedro Ferrero (ambas veredas)<\/p>\n\n\n\n<p>\u00b7 Paraguay entre Cuffia y Lisandro\nde la Torre (vereda oeste)<\/p>\n\n\n\n<p>\u00b7 Paraguay entre Lisandro de la\nTorre y H. Irigoyen (vereda oeste)<\/p>\n\n\n\n<p>\u00b7 Paraguay entre H. Irigoyen y\nPedro Ferrero (vereda oeste)<\/p>\n","protected":false},"excerpt":{"rendered":"<p>La Municipalidad de Armstrong pone en marcha un nuevo conjunto de obras para mejorar la nivelaci\u00f3n y la infraestructura vial en la zona noreste de Armstrong, priorizando que las obras sigan avanzando en los barrios donde hacen falta, a pesar de la compleja situaci\u00f3n econ\u00f3mica que vivimos. Esta inversi\u00f3n de fondos municipales, contempla 15 nuevas <a href=\"https:\/\/armstrongyregion.com.ar\/diario\/nuevo-plan-de-obras-viales-en-armstrong\/\" title=\"Read more\" >&#8230;<\/a><\/p>\n","protected":false},"author":1,"featured_media":27774,"comment_status":"open","ping_status":"open","sticky":false,"template":"","format":"image","meta":{"_jetpack_memberships_contains_paid_content":false,"footnotes":"","jetpack_publicize_message":"","jetpack_publicize_feature_enabled":true,"jetpack_social_post_already_shared":true,"jetpack_social_options":{"image_generator_settings":{"template":"highway","default_image_id":0,"enabled":false},"version":2}},"categories":[8,1,2],"tags":[],"class_list":["post-27773","post","type-post","status-publish","format-image","has-post-thumbnail","hentry","category-deliberando","category-diario-armstrong","category-locales","post_format-post-format-image"],"jetpack_publicize_connections":[],"jetpack_featured_media_url":"https:\/\/armstrongyregion.com.ar\/diario\/wp-content\/uploads\/2020\/10\/IMG-20201030-WA0013.jpg","jetpack_shortlink":"https:\/\/wp.me\/p62QDO-7dX","jetpack_sharing_enabled":true,"amp_enabled":true,"_links":{"self":[{"href":"https:\/\/armstrongyregion.com.ar\/diario\/wp-json\/wp\/v2\/posts\/27773","targetHints":{"allow":["GET"]}}],"collection":[{"href":"https:\/\/armstrongyregion.com.ar\/diario\/wp-json\/wp\/v2\/posts"}],"about":[{"href":"https:\/\/armstrongyregion.com.ar\/diario\/wp-json\/wp\/v2\/types\/post"}],"author":[{"embeddable":true,"href":"https:\/\/armstrongyregion.com.ar\/diario\/wp-json\/wp\/v2\/users\/1"}],"replies":[{"embeddable":true,"href":"https:\/\/armstrongyregion.com.ar\/diario\/wp-json\/wp\/v2\/comments?post=27773"}],"version-history":[{"count":1,"href":"https:\/\/armstrongyregion.com.ar\/diario\/wp-json\/wp\/v2\/posts\/27773\/revisions"}],"predecessor-version":[{"id":27777,"href":"https:\/\/armstrongyregion.com.ar\/diario\/wp-json\/wp\/v2\/posts\/27773\/revisions\/27777"}],"wp:featuredmedia":[{"embeddable":true,"href":"https:\/\/armstrongyregion.com.ar\/diario\/wp-json\/wp\/v2\/media\/27774"}],"wp:attachment":[{"href":"https:\/\/armstrongyregion.com.ar\/diario\/wp-json\/wp\/v2\/media?parent=27773"}],"wp:term":[{"taxonomy":"category","embeddable":true,"href":"https:\/\/armstrongyregion.com.ar\/diario\/wp-json\/wp\/v2\/categories?post=27773"},{"taxonomy":"post_tag","embeddable":true,"href":"https:\/\/armstrongyregion.com.ar\/diario\/wp-json\/wp\/v2\/tags?post=27773"}],"curies":[{"name":"wp","href":"https:\/\/api.w.org\/{rel}","templated":true}]}}