{"id":27768,"date":"2020-10-30T16:17:07","date_gmt":"2020-10-30T16:17:07","guid":{"rendered":"https:\/\/armstrongyregion.com.ar\/diario\/?p=27768"},"modified":"2020-10-30T16:17:10","modified_gmt":"2020-10-30T16:17:10","slug":"hoy-se-retiran-con-gratitud-tres-empleados-municipales","status":"publish","type":"post","link":"https:\/\/armstrongyregion.com.ar\/diario\/hoy-se-retiran-con-gratitud-tres-empleados-municipales\/","title":{"rendered":"Hoy&#8230; Se retiran con \u00abGratitud\u00bb tres empleados municipales."},"content":{"rendered":"\n<figure class=\"wp-block-image size-large\"><img loading=\"lazy\" decoding=\"async\" width=\"480\" height=\"360\" src=\"http:\/\/armstrongyregion.com.ar\/diario\/wp-content\/uploads\/2020\/10\/Retiro-Empleados..jpg\" alt=\"\" class=\"wp-image-27769\" srcset=\"https:\/\/armstrongyregion.com.ar\/diario\/wp-content\/uploads\/2020\/10\/Retiro-Empleados..jpg 480w, https:\/\/armstrongyregion.com.ar\/diario\/wp-content\/uploads\/2020\/10\/Retiro-Empleados.-300x225.jpg 300w\" sizes=\"auto, (max-width: 480px) 100vw, 480px\" \/><\/figure>\n\n\n\n<p>El intendente Verdecchia expres\u00f3: \u00bb Hoy celebramos el retiro de 3 empleados del \u00e1rea de maestranza municipal. Queremos agradecerles nuestro m\u00e1s profundo agradecimiento por el trabajo desempe\u00f1ado al servicio de la comunidad. No es f\u00e1cil encontrar gente con buena voluntad y predisposici\u00f3n,  por eso no dejamos de agradecerle su actitud y responsabilidad\u00bb<\/p>\n\n\n\n<figure class=\"wp-block-image size-large\"><img loading=\"lazy\" decoding=\"async\" width=\"960\" height=\"720\" src=\"http:\/\/armstrongyregion.com.ar\/diario\/wp-content\/uploads\/2020\/10\/Juan-Salguero.jpg\" alt=\"\" class=\"wp-image-27770\" srcset=\"https:\/\/armstrongyregion.com.ar\/diario\/wp-content\/uploads\/2020\/10\/Juan-Salguero.jpg 960w, https:\/\/armstrongyregion.com.ar\/diario\/wp-content\/uploads\/2020\/10\/Juan-Salguero-300x225.jpg 300w, https:\/\/armstrongyregion.com.ar\/diario\/wp-content\/uploads\/2020\/10\/Juan-Salguero-768x576.jpg 768w\" sizes=\"auto, (max-width: 960px) 100vw, 960px\" \/><\/figure>\n\n\n\n<p>. Gracias Juan! Por sus 41 a\u00f1os de servicio. Gracias Carlos! Por sus 38 a\u00f1os de servicio. Gracias Pedro! Por sus 44 a\u00f1os de servicio. <\/p>\n\n\n\n<figure class=\"wp-block-image size-large\"><img loading=\"lazy\" decoding=\"async\" width=\"960\" height=\"720\" src=\"http:\/\/armstrongyregion.com.ar\/diario\/wp-content\/uploads\/2020\/10\/Empleados-Municipales.jpg\" alt=\"\" class=\"wp-image-27771\" srcset=\"https:\/\/armstrongyregion.com.ar\/diario\/wp-content\/uploads\/2020\/10\/Empleados-Municipales.jpg 960w, https:\/\/armstrongyregion.com.ar\/diario\/wp-content\/uploads\/2020\/10\/Empleados-Municipales-300x225.jpg 300w, https:\/\/armstrongyregion.com.ar\/diario\/wp-content\/uploads\/2020\/10\/Empleados-Municipales-768x576.jpg 768w\" sizes=\"auto, (max-width: 960px) 100vw, 960px\" \/><\/figure>\n","protected":false},"excerpt":{"rendered":"<p>El intendente Verdecchia expres\u00f3: \u00bb Hoy celebramos el retiro de 3 empleados del \u00e1rea de maestranza municipal. Queremos agradecerles nuestro m\u00e1s profundo agradecimiento por el trabajo desempe\u00f1ado al servicio de la comunidad. No es f\u00e1cil encontrar gente con buena voluntad y predisposici\u00f3n, por eso no dejamos de agradecerle su actitud y responsabilidad\u00bb . Gracias Juan! <a href=\"https:\/\/armstrongyregion.com.ar\/diario\/hoy-se-retiran-con-gratitud-tres-empleados-municipales\/\" title=\"Read more\" >&#8230;<\/a><\/p>\n","protected":false},"author":1,"featured_media":27769,"comment_status":"open","ping_status":"open","sticky":false,"template":"","format":"image","meta":{"_jetpack_memberships_contains_paid_content":false,"footnotes":"","jetpack_publicize_message":"","jetpack_publicize_feature_enabled":true,"jetpack_social_post_already_shared":true,"jetpack_social_options":{"image_generator_settings":{"template":"highway","default_image_id":0,"enabled":false},"version":2}},"categories":[8,1,2],"tags":[],"class_list":["post-27768","post","type-post","status-publish","format-image","has-post-thumbnail","hentry","category-deliberando","category-diario-armstrong","category-locales","post_format-post-format-image"],"jetpack_publicize_connections":[],"jetpack_featured_media_url":"https:\/\/armstrongyregion.com.ar\/diario\/wp-content\/uploads\/2020\/10\/Retiro-Empleados..jpg","jetpack_shortlink":"https:\/\/wp.me\/p62QDO-7dS","jetpack_sharing_enabled":true,"amp_enabled":true,"_links":{"self":[{"href":"https:\/\/armstrongyregion.com.ar\/diario\/wp-json\/wp\/v2\/posts\/27768","targetHints":{"allow":["GET"]}}],"collection":[{"href":"https:\/\/armstrongyregion.com.ar\/diario\/wp-json\/wp\/v2\/posts"}],"about":[{"href":"https:\/\/armstrongyregion.com.ar\/diario\/wp-json\/wp\/v2\/types\/post"}],"author":[{"embeddable":true,"href":"https:\/\/armstrongyregion.com.ar\/diario\/wp-json\/wp\/v2\/users\/1"}],"replies":[{"embeddable":true,"href":"https:\/\/armstrongyregion.com.ar\/diario\/wp-json\/wp\/v2\/comments?post=27768"}],"version-history":[{"count":1,"href":"https:\/\/armstrongyregion.com.ar\/diario\/wp-json\/wp\/v2\/posts\/27768\/revisions"}],"predecessor-version":[{"id":27772,"href":"https:\/\/armstrongyregion.com.ar\/diario\/wp-json\/wp\/v2\/posts\/27768\/revisions\/27772"}],"wp:featuredmedia":[{"embeddable":true,"href":"https:\/\/armstrongyregion.com.ar\/diario\/wp-json\/wp\/v2\/media\/27769"}],"wp:attachment":[{"href":"https:\/\/armstrongyregion.com.ar\/diario\/wp-json\/wp\/v2\/media?parent=27768"}],"wp:term":[{"taxonomy":"category","embeddable":true,"href":"https:\/\/armstrongyregion.com.ar\/diario\/wp-json\/wp\/v2\/categories?post=27768"},{"taxonomy":"post_tag","embeddable":true,"href":"https:\/\/armstrongyregion.com.ar\/diario\/wp-json\/wp\/v2\/tags?post=27768"}],"curies":[{"name":"wp","href":"https:\/\/api.w.org\/{rel}","templated":true}]}}