{"id":27756,"date":"2020-10-29T01:25:57","date_gmt":"2020-10-29T01:25:57","guid":{"rendered":"https:\/\/armstrongyregion.com.ar\/diario\/?p=27756"},"modified":"2020-10-29T01:26:01","modified_gmt":"2020-10-29T01:26:01","slug":"situacion-epidemiologica-de-la-provincia-de-santa-fe-en-relacion-al-coronavirus-22","status":"publish","type":"post","link":"https:\/\/armstrongyregion.com.ar\/diario\/situacion-epidemiologica-de-la-provincia-de-santa-fe-en-relacion-al-coronavirus-22\/","title":{"rendered":"Situaci\u00f3n epidemiol\u00f3gica de la provincia de Santa Fe en relaci\u00f3n al coronavirus."},"content":{"rendered":"\n<figure class=\"wp-block-image size-large\"><img loading=\"lazy\" decoding=\"async\" width=\"768\" height=\"402\" src=\"http:\/\/armstrongyregion.com.ar\/diario\/wp-content\/uploads\/2020\/03\/coronavirus-graphic-web-feature_1.jpg\" alt=\"\" class=\"wp-image-25112\" srcset=\"https:\/\/armstrongyregion.com.ar\/diario\/wp-content\/uploads\/2020\/03\/coronavirus-graphic-web-feature_1.jpg 768w, https:\/\/armstrongyregion.com.ar\/diario\/wp-content\/uploads\/2020\/03\/coronavirus-graphic-web-feature_1-300x157.jpg 300w\" sizes=\"auto, (max-width: 768px) 100vw, 768px\" \/><\/figure>\n\n\n\n<h2 class=\"wp-block-heading\"> Informe actualizado al mi\u00e9rcoles 28 de octubre a las 19 hs. <\/h2>\n\n\n\n<p>\n\nEl Ministerio de Salud de Santa Fe, a trav\u00e9s de la Direcci\u00f3n Provincial de Epidemiolog\u00eda, informa a la poblaci\u00f3n que en el d\u00eda de la fecha&nbsp;<strong>se han confirmado 1.978 casos nuevos de COVID-19<\/strong>, en el territorio provincial.&nbsp;<\/p>\n\n\n\n<p><strong>Casos nuevos confirmados por localidades:<\/strong><\/p>\n\n\n\n<ul class=\"wp-block-list\"><li>658 de ROSARIO<\/li><li>298 de SANTA FE<\/li><li>92 de RAFAELA<\/li><li>80 de VILLA CONSTITUCION<\/li><li>60 de VENADO TUERTO<\/li><li>53 de VILLA GOBERNADOR GALVEZ<\/li><li>45 de ESPERANZA<\/li><li>39 de CASILDA<\/li><li>38 de SAN JORGE<\/li><li>34 de GRANADERO BAIGORRIA<\/li><li>28 de SAN LORENZO<\/li><li>28 de SANTO TOME<\/li><li>24 de CA\u00d1ADA DE GOMEZ<\/li><li>24 de PEREZ<\/li><li>20 de GALVEZ<\/li><li>20 de ROLDAN<\/li><li>17 de FRAY LUIS BELTRAN<\/li><li>16 de ARROYO SECO<\/li><li>13 de ARMSTRONG<\/li><li>12 de SUNCHALES<\/li><li>11 de CAPITAN BERMUDEZ<\/li><li>11 de CORONDA<\/li><li>11 de SAN GENARO<\/li><li>10 de EMPALME VILLA CONSTITUCION<\/li><li>10 de FRANCK<\/li><li>10 de FUNES<\/li><li>10 de HUMBOLDT<\/li><li>10 de PUERTO GENERAL SAN MARTIN<\/li><li>9 de ACEBAL<\/li><li>9 de FRONTERA<\/li><li>8 de PAVON<\/li><li>8 de RECONQUISTA<\/li><li>8 de RECREO<\/li><li>7 de LAS ROSAS<\/li><li>7 de TOTORAS<\/li><li>7 de VILLA ELOISA<\/li><li>6 de BOMBAL<\/li><li>6 de CARCARA\u00d1A<\/li><li>6 de CARLOS PELLEGRINI<\/li><li>6 de CORONEL ARNOLD<\/li><li>6 de FIGHIERA<\/li><li>6 de LAS PAREJAS<\/li><li>6 de SAN JUSTO<\/li><li>6 de TEODELINA<\/li><li>6 de TOSTADO<\/li><li>6 de VILLA CA\u00d1AS<\/li><li>6 de VILLA MUGUETA<\/li><li>5 de MARIA JUANA<\/li><li>5 de MONTE VERA<\/li><li>5 de VILLA OCAMPO<\/li><li>4 de AREQUITO<\/li><li>4 de ELORTONDO<\/li><li>4 de HERSILIA<\/li><li>4 de MARIA SUSANA<\/li><li>4 de SANFORD<\/li><li>4 de SAUCE VIEJO<\/li><li>3 de ALVAREZ<\/li><li>3 de ARROYO LEYES<\/li><li>3 de CA\u00d1ADA ROSQUIN<\/li><li>3 de CHABAS<\/li><li>3 de CORONEL BOGADO<\/li><li>3 de GABOTO<\/li><li>3 de MALABRIGO<\/li><li>3 de RUFINO<\/li><li>3 de SANTA ROSA DE CALCHINES<\/li><li>2 de ANGEL GALLARDO<\/li><li>2 de BIGAND<\/li><li>2 de BUSTINZA<\/li><li>2 de CARMEN DEL SAUCE<\/li><li>2 de CORONEL RODOLFO S. DOMINGUEZ<\/li><li>2 de FIRMAT<\/li><li>2 de GENERAL LAGOS<\/li><li>2 de GOBERNADOR CRESPO<\/li><li>2 de HUMBERTO PRIMO<\/li><li>2 de IBARLUCEA<\/li><li>2 de LAGUNA PAIVA<\/li><li>2 de LAS TOSCAS<\/li><li>2 de LOS CARDOS<\/li><li>2 de MACIEL<\/li><li>2 de MONTES DE OCA<\/li><li>2 de NELSON<\/li><li>2 de PAVON ARRIBA<\/li><li>2 de PI\u00d1ERO<\/li><li>2 de PRESIDENTE ROCA<\/li><li>2 de PUEBLO ESTHER<\/li><li>2 de PUEBLO URANGA<\/li><li>2 de RICARDONE<\/li><li>2 de SAN CARLOS CENTRO<\/li><li>2 de SAN CRISTOBAL<\/li><li>2 de SAN EDUARDO<\/li><li>2 de SAN MARTIN DE LAS ESCOBAS<\/li><li>2 de SANCTI SPIRITU<\/li><li>2 de SANTA ISABEL<\/li><li>2 de SANTA TERESA<\/li><li>2 de SERODINO<\/li><li>2 de SOLDINI<\/li><li>2 de ZAVALLA<\/li><li>1 de ALVEAR<\/li><li>1 de AROCENA<\/li><li>1 de AVELLANEDA<\/li><li>1 de BARRANCAS<\/li><li>1 de BELLA ITALIA<\/li><li>1 de CERES<\/li><li>1 de CHOVET<\/li><li>1 de CHRISTOPHERSEN<\/li><li>1 de DESVIO ARIJON<\/li><li>1 de EL CARMEN DE AVELLANEDA<\/li><li>1 de ESMERALDA<\/li><li>1 de FELICIA<\/li><li>1 de FUENTES<\/li><li>1 de GOLONDRINA<\/li><li>1 de LA SARITA<\/li><li>1 de LABORDEBOY<\/li><li>1 de LANDETA<\/li><li>1 de LAS TUNAS<\/li><li>1 de LOS QUIRQUINCHOS<\/li><li>1 de LUIS PALACIOS<\/li><li>1 de MAXIMO PAZ<\/li><li>1 de OLIVEROS<\/li><li>1 de PIAMONTE<\/li><li>1 de PROGRESO<\/li><li>1 de RINCON NORTE<\/li><li>1 de RUEDA<\/li><li>1 de SAN ANTONIO<\/li><li>1 de SAN FRANCISCO DE SANTA FE<\/li><li>1 de SAN JAVIER<\/li><li>1 de SAN JOSE DE LA ESQUINA<\/li><li>1 de SAN JOSE DEL RINCON<\/li><li>1 de SANTO DOMINGO<\/li><li>1 de SASTRE<\/li><li>1 de SUSANA<\/li><li>1 de VILA<\/li><li>1 de VILLA MINETTI<\/li><li>1 de VILLA TRINIDAD<\/li><\/ul>\n\n\n\n<p><strong>Casos totales confirmados&nbsp;<\/strong><\/p>\n\n\n\n<p>El total de casos desde el comienzo de la pandemia a la fecha es&nbsp;<strong>100.443<\/strong>, de los cuales 16.391 casos fueron confirmados por criterio cl\u00ednico-epidemiol\u00f3gico y 84.052 por laboratorio.<\/p>\n\n\n\n<p><strong>Fallecidos<\/strong><\/p>\n\n\n\n<p>En el d\u00eda de la fecha se informa el fallecimiento de cuarenta y siete (47) personas con COVID-19:<\/p>\n\n\n\n<p>&#8211; 19 pacientes (42 a\u00f1os, 44 a\u00f1os, 2 de 63 a\u00f1os, 2 de 71 a\u00f1os, 73 a\u00f1os, 75 a\u00f1os, 77 a\u00f1os, 78 a\u00f1os, 79 a\u00f1os, 80 a\u00f1os, 82 a\u00f1os, 86 a\u00f1os, 88 a\u00f1os, 2 de 89 a\u00f1os, 92 a\u00f1os, 97 a\u00f1os) con residencia en la localidad de ROSARIO.<\/p>\n\n\n\n<p>&#8211; 6 pacientes (2 de 75 a\u00f1os, 77 a\u00f1os, 90 a\u00f1os, 92 a\u00f1os, 93 a\u00f1os) con residencia en la localidad de SANTA FE.<\/p>\n\n\n\n<p>&#8211; 4 pacientes (57 a\u00f1os, 72 a\u00f1os, 73 a\u00f1os, 80 a\u00f1os) con residencia en la localidad de VENADO TUERTO.<\/p>\n\n\n\n<p>&#8211; 3 pacientes (56 a\u00f1os, 81 a\u00f1os, 86 a\u00f1os) con residencia en la localidad de RAFAELA.<\/p>\n\n\n\n<p>&#8211; 2 pacientes (83 a\u00f1os, 86 a\u00f1os) con residencia en la localidad de LEHMANN.<\/p>\n\n\n\n<p>&#8211; 2 pacientes (2 de 75 a\u00f1os) con residencia en la localidad de RECONQUISTA.<\/p>\n\n\n\n<p>&#8211; 1 paciente (76 a\u00f1os) con residencia en la localidad de WHEELWRIGHT.<\/p>\n\n\n\n<p>&#8211; 1 paciente (93 a\u00f1os) con residencia en la localidad de PEREZ.<\/p>\n\n\n\n<p>&#8211; 1 paciente (70 a\u00f1os) con residencia en la localidad de GRANADERO BAIGORRIA.<\/p>\n\n\n\n<p>&#8211; 1 paciente (63 a\u00f1os) con residencia en la localidad de EGUSQUIZA.<\/p>\n\n\n\n<p>&#8211; 1 paciente (81 a\u00f1os) con residencia en la localidad de AREQUITO.<\/p>\n\n\n\n<p>&#8211; 1 paciente (79 a\u00f1os) con residencia en la localidad de CARCARA\u00d1A.<\/p>\n\n\n\n<p>&#8211; 1 paciente (81 a\u00f1os) con residencia en la localidad de LAGUNA PAIVA.<\/p>\n\n\n\n<p>&#8211; 1 paciente (74 a\u00f1os) con residencia en la localidad de ELORTONDO.<\/p>\n\n\n\n<p>&#8211; 1 paciente (78 a\u00f1os) con residencia en la localidad de CAYASTA.<\/p>\n\n\n\n<p>&#8211; 1 paciente (71 a\u00f1os) con residencia en la localidad de FUNES.<\/p>\n\n\n\n<p>&#8211; 1 paciente (76 a\u00f1os) con residencia en la localidad de VILLA GOBERNADOR GALVEZ.<\/p>\n\n\n\n<p>Hasta la fecha se registran un total de mil ciento veintisiete (1127) fallecidos en la provincia.<\/p>\n\n\n\n<p><strong>Recuperados<\/strong><\/p>\n\n\n\n<p>Hay un total de 82.198 pacientes recuperados.<\/p>\n\n\n\n<p><strong>Activos<\/strong><\/p>\n\n\n\n<p>Hay un total de 17.118 pacientes activos.<\/p>\n\n\n\n<p><strong>Notificaciones<\/strong><\/p>\n\n\n\n<p>En la provincia se registraron 178.700 notificaciones de las cuales 68.197 fueron descartadas.<\/p>\n","protected":false},"excerpt":{"rendered":"<p>Informe actualizado al mi\u00e9rcoles 28 de octubre a las 19 hs. El Ministerio de Salud de Santa Fe, a trav\u00e9s de la Direcci\u00f3n Provincial de Epidemiolog\u00eda, informa a la poblaci\u00f3n que en el d\u00eda de la fecha&nbsp;se han confirmado 1.978 casos nuevos de COVID-19, en el territorio provincial.&nbsp; Casos nuevos confirmados por localidades: 658 de <a href=\"https:\/\/armstrongyregion.com.ar\/diario\/situacion-epidemiologica-de-la-provincia-de-santa-fe-en-relacion-al-coronavirus-22\/\" title=\"Read more\" >&#8230;<\/a><\/p>\n","protected":false},"author":1,"featured_media":25112,"comment_status":"open","ping_status":"open","sticky":false,"template":"","format":"image","meta":{"_jetpack_memberships_contains_paid_content":false,"footnotes":"","jetpack_publicize_message":"","jetpack_publicize_feature_enabled":true,"jetpack_social_post_already_shared":true,"jetpack_social_options":{"image_generator_settings":{"template":"highway","default_image_id":0,"enabled":false},"version":2}},"categories":[1,2,7,3],"tags":[],"class_list":["post-27756","post","type-post","status-publish","format-image","has-post-thumbnail","hentry","category-diario-armstrong","category-locales","category-politica","category-region","post_format-post-format-image"],"jetpack_publicize_connections":[],"jetpack_featured_media_url":"https:\/\/armstrongyregion.com.ar\/diario\/wp-content\/uploads\/2020\/03\/coronavirus-graphic-web-feature_1.jpg","jetpack_shortlink":"https:\/\/wp.me\/p62QDO-7dG","jetpack_sharing_enabled":true,"amp_enabled":true,"_links":{"self":[{"href":"https:\/\/armstrongyregion.com.ar\/diario\/wp-json\/wp\/v2\/posts\/27756","targetHints":{"allow":["GET"]}}],"collection":[{"href":"https:\/\/armstrongyregion.com.ar\/diario\/wp-json\/wp\/v2\/posts"}],"about":[{"href":"https:\/\/armstrongyregion.com.ar\/diario\/wp-json\/wp\/v2\/types\/post"}],"author":[{"embeddable":true,"href":"https:\/\/armstrongyregion.com.ar\/diario\/wp-json\/wp\/v2\/users\/1"}],"replies":[{"embeddable":true,"href":"https:\/\/armstrongyregion.com.ar\/diario\/wp-json\/wp\/v2\/comments?post=27756"}],"version-history":[{"count":1,"href":"https:\/\/armstrongyregion.com.ar\/diario\/wp-json\/wp\/v2\/posts\/27756\/revisions"}],"predecessor-version":[{"id":27757,"href":"https:\/\/armstrongyregion.com.ar\/diario\/wp-json\/wp\/v2\/posts\/27756\/revisions\/27757"}],"wp:featuredmedia":[{"embeddable":true,"href":"https:\/\/armstrongyregion.com.ar\/diario\/wp-json\/wp\/v2\/media\/25112"}],"wp:attachment":[{"href":"https:\/\/armstrongyregion.com.ar\/diario\/wp-json\/wp\/v2\/media?parent=27756"}],"wp:term":[{"taxonomy":"category","embeddable":true,"href":"https:\/\/armstrongyregion.com.ar\/diario\/wp-json\/wp\/v2\/categories?post=27756"},{"taxonomy":"post_tag","embeddable":true,"href":"https:\/\/armstrongyregion.com.ar\/diario\/wp-json\/wp\/v2\/tags?post=27756"}],"curies":[{"name":"wp","href":"https:\/\/api.w.org\/{rel}","templated":true}]}}