{"id":27749,"date":"2020-10-28T22:01:21","date_gmt":"2020-10-28T22:01:21","guid":{"rendered":"https:\/\/armstrongyregion.com.ar\/diario\/?p=27749"},"modified":"2020-10-28T22:01:24","modified_gmt":"2020-10-28T22:01:24","slug":"proyecto-historias-de-ayer-y-hoy-que-van-y-vienen","status":"publish","type":"post","link":"https:\/\/armstrongyregion.com.ar\/diario\/proyecto-historias-de-ayer-y-hoy-que-van-y-vienen\/","title":{"rendered":"Proyecto \u201cHistorias de ayer y hoy que van y vienen\u201d."},"content":{"rendered":"\n<figure class=\"wp-block-image size-large\"><img loading=\"lazy\" decoding=\"async\" width=\"640\" height=\"640\" src=\"http:\/\/armstrongyregion.com.ar\/diario\/wp-content\/uploads\/2020\/10\/Historias-2.jpg\" alt=\"\" class=\"wp-image-27750\" srcset=\"https:\/\/armstrongyregion.com.ar\/diario\/wp-content\/uploads\/2020\/10\/Historias-2.jpg 640w, https:\/\/armstrongyregion.com.ar\/diario\/wp-content\/uploads\/2020\/10\/Historias-2-300x300.jpg 300w, https:\/\/armstrongyregion.com.ar\/diario\/wp-content\/uploads\/2020\/10\/Historias-2-150x150.jpg 150w\" sizes=\"auto, (max-width: 640px) 100vw, 640px\" \/><\/figure>\n\n\n\n<p>Durante el mes de octubre se celebran \u201cEl D\u00eda Internacional del Adulto Mayor\u201d reafirmando sus Derechos y la conmemoraci\u00f3n de los 15 a\u00f1os de la promulgaci\u00f3n de la Ley Nacional n\u00ba 26.061 de \u201cProtecci\u00f3n y Promoci\u00f3n de Derechos de Ni\u00f1as, Ni\u00f1os y\/o Adolescentes\u201d.&nbsp;<\/p>\n\n\n\n<figure class=\"wp-block-image size-large\"><img loading=\"lazy\" decoding=\"async\" width=\"640\" height=\"640\" src=\"http:\/\/armstrongyregion.com.ar\/diario\/wp-content\/uploads\/2020\/10\/Historias-1.jpg\" alt=\"\" class=\"wp-image-27751\" srcset=\"https:\/\/armstrongyregion.com.ar\/diario\/wp-content\/uploads\/2020\/10\/Historias-1.jpg 640w, https:\/\/armstrongyregion.com.ar\/diario\/wp-content\/uploads\/2020\/10\/Historias-1-300x300.jpg 300w, https:\/\/armstrongyregion.com.ar\/diario\/wp-content\/uploads\/2020\/10\/Historias-1-150x150.jpg 150w\" sizes=\"auto, (max-width: 640px) 100vw, 640px\" \/><\/figure>\n\n\n\n<p>En dicho marco, y debido a que estos dos grupos son los m\u00e1s afectados en este contexto de aislamiento social, el Servicio Local de Ni\u00f1ez y Adolescencia y TS. Valeria Raccone referente de Adultos Mayores, dentro de la Direcci\u00f3n de Promoci\u00f3n Comunitaria de la Municipalidad de Armstrong, invitan a todos los ni\u00f1os de hasta doce a\u00f1os de edad y a todos los mayores de sesenta a\u00f1os a participar del proyecto \u201cHistorias de ayer y hoy que van y vienen\u201d.&nbsp;<\/p>\n\n\n\n<p>El proyecto consiste en un intercambio de correspondencia entre ambas generaciones, para acompa\u00f1arse mutuamente en esta situaci\u00f3n de pandemia que nos toca atravesar, con miras a generar una interacci\u00f3n inter generacional.<\/p>\n\n\n\n<p>&nbsp;La iniciativa apunta a escribir cartas, que pueden ir acompa\u00f1adas de un dibujo, d\u00f3nde el ni\u00f1o\/a y\/o adolescente comparta con el adulto mayor sus gustos por la lectura, m\u00fasica, pel\u00edculas, juegos, deportes, club, etc. as\u00ed como cualquier otra an\u00e9cdota que quiera contar.&nbsp;<\/p>\n\n\n\n<p>La idea es que el adulto mayor que reciba dicha carta, pueda responderla relatando alg\u00fan recuerdo, historia o vivencia al respecto de dichos temas.&nbsp;<\/p>\n\n\n\n<p>La convocatoria ser\u00e1 para ni\u00f1os de 0 a 12 a\u00f1os de edad. Las cartas que escriban los ni\u00f1os ser\u00e1n depositadas en un buz\u00f3n que se encontrar\u00e1 ubicado en las instalaciones de la Guarder\u00eda Municipal \u201cMinimundo\u201d sita en calles Dr. Fischer y Pte. Per\u00f3n. En las mismas deber\u00e1 constar el nombre, apellido y direcci\u00f3n del ni\u00f1o\/a, con autorizaci\u00f3n del adulto responsable.<\/p>\n\n\n\n<p>&nbsp;Luego de una evaluaci\u00f3n de la cantidad de cartas recibidas, por parte de los profesionales integrantes del proyecto, los mismos las repartir\u00e1n a hogares de ancianos de la localidad y adultos mayores que ser\u00e1n destinatarios de las mismas.&nbsp;<\/p>\n\n\n\n<p>El mensaje ser\u00e1 acompa\u00f1ado de un presente simb\u00f3lico \u201cl\u00e1piz\u201d para que puedan responder a ese ni\u00f1o\/a que le escribi\u00f3.&nbsp;<\/p>\n\n\n\n<p>De este modo, los integrantes del proyecto ofician de \u201ccarteros\u201d, con un registro de las direcciones y tel\u00e9fonos, en la devoluci\u00f3n de la carta del adulto mayor al ni\u00f1o\/a.&nbsp;<\/p>\n\n\n\n<p>La iniciativa se desarrollar\u00e1 a partir del lunes 2 hasta el domingo 15 de noviembre.<br><\/p>\n","protected":false},"excerpt":{"rendered":"<p>Durante el mes de octubre se celebran \u201cEl D\u00eda Internacional del Adulto Mayor\u201d reafirmando sus Derechos y la conmemoraci\u00f3n de los 15 a\u00f1os de la promulgaci\u00f3n de la Ley Nacional n\u00ba 26.061 de \u201cProtecci\u00f3n y Promoci\u00f3n de Derechos de Ni\u00f1as, Ni\u00f1os y\/o Adolescentes\u201d.&nbsp; En dicho marco, y debido a que estos dos grupos son los <a href=\"https:\/\/armstrongyregion.com.ar\/diario\/proyecto-historias-de-ayer-y-hoy-que-van-y-vienen\/\" title=\"Read more\" >&#8230;<\/a><\/p>\n","protected":false},"author":1,"featured_media":27750,"comment_status":"open","ping_status":"open","sticky":false,"template":"","format":"image","meta":{"_jetpack_memberships_contains_paid_content":false,"footnotes":"","jetpack_publicize_message":"","jetpack_publicize_feature_enabled":true,"jetpack_social_post_already_shared":true,"jetpack_social_options":{"image_generator_settings":{"template":"highway","default_image_id":0,"enabled":false},"version":2}},"categories":[6,8,1,2],"tags":[],"class_list":["post-27749","post","type-post","status-publish","format-image","has-post-thumbnail","hentry","category-cultura-entretenimiento","category-deliberando","category-diario-armstrong","category-locales","post_format-post-format-image"],"jetpack_publicize_connections":[],"jetpack_featured_media_url":"https:\/\/armstrongyregion.com.ar\/diario\/wp-content\/uploads\/2020\/10\/Historias-2.jpg","jetpack_shortlink":"https:\/\/wp.me\/p62QDO-7dz","jetpack_sharing_enabled":true,"amp_enabled":true,"_links":{"self":[{"href":"https:\/\/armstrongyregion.com.ar\/diario\/wp-json\/wp\/v2\/posts\/27749","targetHints":{"allow":["GET"]}}],"collection":[{"href":"https:\/\/armstrongyregion.com.ar\/diario\/wp-json\/wp\/v2\/posts"}],"about":[{"href":"https:\/\/armstrongyregion.com.ar\/diario\/wp-json\/wp\/v2\/types\/post"}],"author":[{"embeddable":true,"href":"https:\/\/armstrongyregion.com.ar\/diario\/wp-json\/wp\/v2\/users\/1"}],"replies":[{"embeddable":true,"href":"https:\/\/armstrongyregion.com.ar\/diario\/wp-json\/wp\/v2\/comments?post=27749"}],"version-history":[{"count":1,"href":"https:\/\/armstrongyregion.com.ar\/diario\/wp-json\/wp\/v2\/posts\/27749\/revisions"}],"predecessor-version":[{"id":27752,"href":"https:\/\/armstrongyregion.com.ar\/diario\/wp-json\/wp\/v2\/posts\/27749\/revisions\/27752"}],"wp:featuredmedia":[{"embeddable":true,"href":"https:\/\/armstrongyregion.com.ar\/diario\/wp-json\/wp\/v2\/media\/27750"}],"wp:attachment":[{"href":"https:\/\/armstrongyregion.com.ar\/diario\/wp-json\/wp\/v2\/media?parent=27749"}],"wp:term":[{"taxonomy":"category","embeddable":true,"href":"https:\/\/armstrongyregion.com.ar\/diario\/wp-json\/wp\/v2\/categories?post=27749"},{"taxonomy":"post_tag","embeddable":true,"href":"https:\/\/armstrongyregion.com.ar\/diario\/wp-json\/wp\/v2\/tags?post=27749"}],"curies":[{"name":"wp","href":"https:\/\/api.w.org\/{rel}","templated":true}]}}