{"id":27746,"date":"2020-10-28T21:00:45","date_gmt":"2020-10-28T21:00:45","guid":{"rendered":"https:\/\/armstrongyregion.com.ar\/diario\/?p=27746"},"modified":"2020-10-28T21:00:50","modified_gmt":"2020-10-28T21:00:50","slug":"clerici-presento-nueva-web-con-toda-la-oferta-educativa-de-canada","status":"publish","type":"post","link":"https:\/\/armstrongyregion.com.ar\/diario\/clerici-presento-nueva-web-con-toda-la-oferta-educativa-de-canada\/","title":{"rendered":"Clerici presento nueva web con toda la oferta educativa de Ca\u00f1ada."},"content":{"rendered":"\n<figure class=\"wp-block-image size-large\"><img loading=\"lazy\" decoding=\"async\" width=\"576\" height=\"432\" src=\"http:\/\/armstrongyregion.com.ar\/diario\/wp-content\/uploads\/2020\/10\/WhatsApp-Image-2020-10-28-at-11.26.43.jpg\" alt=\"\" class=\"wp-image-27747\" srcset=\"https:\/\/armstrongyregion.com.ar\/diario\/wp-content\/uploads\/2020\/10\/WhatsApp-Image-2020-10-28-at-11.26.43.jpg 576w, https:\/\/armstrongyregion.com.ar\/diario\/wp-content\/uploads\/2020\/10\/WhatsApp-Image-2020-10-28-at-11.26.43-300x225.jpg 300w\" sizes=\"auto, (max-width: 576px) 100vw, 576px\" \/><\/figure>\n\n\n\n<p>\n\nDesarrollado por Municipio y Fudeca, el sitio web \u201cCa\u00f1ada Estudia\u201d (<a href=\"http:\/\/www.xn--caadaestudia-bhb.xn--caadadegomez-bhb.gob.ar\/\" target=\"_blank\" rel=\"noreferrer noopener\">www.ca\u00f1adaestudia.ca\u00f1adadegomez.gob.ar<\/a>), ofrece a la regi\u00f3n, informaci\u00f3n sobre todas las propuestas de educaci\u00f3n superior, cursos de formaci\u00f3n y nivel secundario de la ciudad.<br>\u201cTodos trabajamos para que Ca\u00f1ada se fortalezca como centro regional en materia de educaci\u00f3n, porque sabemos que fortaleciendo a Ca\u00f1ada &nbsp;tambi\u00e9n se fortalece la regi\u00f3n en general\u201d. De este modo &nbsp;la intendenta Stella Cl\u00e9rici dio inicio a la presentaci\u00f3n del nuevo sitio web \u201cCa\u00f1ada Estudia\u201d, que cuenta con informaci\u00f3n acerca de todas las carreras universitarias, terciarias, profesorados, diplomaturas, cursos de formaci\u00f3n y oferta del nivel secundario de la ciudad.<br>Cl\u00e9rici estuvo acompa\u00f1ada por la presidenta de Fudeca, Natalia Ottaviani, miembros de la entidad, autoridades municipales y representantes de instituciones educativas. Gabriela P\u00e9rez, responsable del \u00e1rea de educaci\u00f3n de Fudeca, hizo un recorrido pormenorizado por la web, que adem\u00e1s cuenta con secciones como Info Agenda, con toda la informaci\u00f3n actualizada sobre inscripciones, ex\u00e1menes y fechas importantes en el calendario acad\u00e9mico de cada instituci\u00f3n. La plataforma tambi\u00e9n ofrece un apartado sobre orientaci\u00f3n vocacional y herramientas para la inserci\u00f3n laboral, entre otras secciones.<br>\u201cLa idea es que tenga vocaci\u00f3n de permanencia \u201c, expres\u00f3 la intendenta y remarc\u00f3 que \u201cel sitio se encuentra &nbsp;a disposici\u00f3n de todas las instituciones educativas para publicar informaci\u00f3n relevante, proyectos institucionales y todas aquellas inquietudes relacionadas con el quehacer acad\u00e9mico\u201d.<\/p>\n\n\n\n<p><\/p>\n","protected":false},"excerpt":{"rendered":"<p>Desarrollado por Municipio y Fudeca, el sitio web \u201cCa\u00f1ada Estudia\u201d (www.ca\u00f1adaestudia.ca\u00f1adadegomez.gob.ar), ofrece a la regi\u00f3n, informaci\u00f3n sobre todas las propuestas de educaci\u00f3n superior, cursos de formaci\u00f3n y nivel secundario de la ciudad.\u201cTodos trabajamos para que Ca\u00f1ada se fortalezca como centro regional en materia de educaci\u00f3n, porque sabemos que fortaleciendo a Ca\u00f1ada &nbsp;tambi\u00e9n se fortalece la <a href=\"https:\/\/armstrongyregion.com.ar\/diario\/clerici-presento-nueva-web-con-toda-la-oferta-educativa-de-canada\/\" title=\"Read more\" >&#8230;<\/a><\/p>\n","protected":false},"author":1,"featured_media":27747,"comment_status":"open","ping_status":"open","sticky":false,"template":"","format":"image","meta":{"_jetpack_memberships_contains_paid_content":false,"footnotes":"","jetpack_publicize_message":"","jetpack_publicize_feature_enabled":true,"jetpack_social_post_already_shared":true,"jetpack_social_options":{"image_generator_settings":{"template":"highway","default_image_id":0,"enabled":false},"version":2}},"categories":[6,8,1,3],"tags":[],"class_list":["post-27746","post","type-post","status-publish","format-image","has-post-thumbnail","hentry","category-cultura-entretenimiento","category-deliberando","category-diario-armstrong","category-region","post_format-post-format-image"],"jetpack_publicize_connections":[],"jetpack_featured_media_url":"https:\/\/armstrongyregion.com.ar\/diario\/wp-content\/uploads\/2020\/10\/WhatsApp-Image-2020-10-28-at-11.26.43.jpg","jetpack_shortlink":"https:\/\/wp.me\/p62QDO-7dw","jetpack_sharing_enabled":true,"amp_enabled":true,"_links":{"self":[{"href":"https:\/\/armstrongyregion.com.ar\/diario\/wp-json\/wp\/v2\/posts\/27746","targetHints":{"allow":["GET"]}}],"collection":[{"href":"https:\/\/armstrongyregion.com.ar\/diario\/wp-json\/wp\/v2\/posts"}],"about":[{"href":"https:\/\/armstrongyregion.com.ar\/diario\/wp-json\/wp\/v2\/types\/post"}],"author":[{"embeddable":true,"href":"https:\/\/armstrongyregion.com.ar\/diario\/wp-json\/wp\/v2\/users\/1"}],"replies":[{"embeddable":true,"href":"https:\/\/armstrongyregion.com.ar\/diario\/wp-json\/wp\/v2\/comments?post=27746"}],"version-history":[{"count":1,"href":"https:\/\/armstrongyregion.com.ar\/diario\/wp-json\/wp\/v2\/posts\/27746\/revisions"}],"predecessor-version":[{"id":27748,"href":"https:\/\/armstrongyregion.com.ar\/diario\/wp-json\/wp\/v2\/posts\/27746\/revisions\/27748"}],"wp:featuredmedia":[{"embeddable":true,"href":"https:\/\/armstrongyregion.com.ar\/diario\/wp-json\/wp\/v2\/media\/27747"}],"wp:attachment":[{"href":"https:\/\/armstrongyregion.com.ar\/diario\/wp-json\/wp\/v2\/media?parent=27746"}],"wp:term":[{"taxonomy":"category","embeddable":true,"href":"https:\/\/armstrongyregion.com.ar\/diario\/wp-json\/wp\/v2\/categories?post=27746"},{"taxonomy":"post_tag","embeddable":true,"href":"https:\/\/armstrongyregion.com.ar\/diario\/wp-json\/wp\/v2\/tags?post=27746"}],"curies":[{"name":"wp","href":"https:\/\/api.w.org\/{rel}","templated":true}]}}