{"id":27740,"date":"2020-10-28T13:39:56","date_gmt":"2020-10-28T13:39:56","guid":{"rendered":"https:\/\/armstrongyregion.com.ar\/diario\/?p=27740"},"modified":"2020-10-28T13:39:59","modified_gmt":"2020-10-28T13:39:59","slug":"perotti-en-la-inauguracion-de-agroactiva-virtual","status":"publish","type":"post","link":"https:\/\/armstrongyregion.com.ar\/diario\/perotti-en-la-inauguracion-de-agroactiva-virtual\/","title":{"rendered":"Perotti en la inauguraci\u00f3n de AgroActiva virtual."},"content":{"rendered":"\n<figure class=\"wp-block-image size-large\"><img loading=\"lazy\" decoding=\"async\" width=\"570\" height=\"320\" src=\"http:\/\/armstrongyregion.com.ar\/diario\/wp-content\/uploads\/2020\/10\/2020-10-27NID_268918O_1.png\" alt=\"\" class=\"wp-image-27741\" srcset=\"https:\/\/armstrongyregion.com.ar\/diario\/wp-content\/uploads\/2020\/10\/2020-10-27NID_268918O_1.png 570w, https:\/\/armstrongyregion.com.ar\/diario\/wp-content\/uploads\/2020\/10\/2020-10-27NID_268918O_1-300x168.png 300w\" sizes=\"auto, (max-width: 570px) 100vw, 570px\" \/><\/figure>\n\n\n\n<h2 class=\"wp-block-heading\"> <em>La provincia tiene una importante presencia en la exposici\u00f3n virtual, con un espacio institucional, donde habr\u00e1 una marcada promoci\u00f3n de pymes y se desarrollar\u00e1 una ronda internacional de negocios online<\/em> <\/h2>\n\n\n\n<p>El gobernador de la provincia Omar Perotti particip\u00f3 este martes de la apertura de Agroactiva 2020, la megamuestra agroindustrial que cada a\u00f1o se realiza en territorio santafesino y que, para esta edici\u00f3n, como consecuencia de la emergencia sanitaria provocada por la pandemia de Covid 19, prev\u00e9 una versi\u00f3n virtual que tendr\u00e1 lugar desde hoy y hasta el pr\u00f3ximo 30 de octubre ingresando a www.agroactivavirtual.com.<\/p>\n\n\n\n<p>Del acto inaugural participaron tambi\u00e9n el ministro de Agricultura, Ganader\u00eda y Pesca de la Naci\u00f3n, Luis Basterra; el ministro de Producci\u00f3n, Ciencia y Tecnolog\u00eda, Daniel Costamagna; y la presidenta de Agroactiva, Rosana Nardi.<\/p>\n\n\n\n<p>Durante su discurso, el gobernador Perotti salud\u00f3 a los organizadores de la muestra:&nbsp;\u201cQuiero reconocer a los organizadores de Agroactiva. A Rosana Nardi, su presidenta, por animarse en un momento distinto y dif\u00edcil, que nos plantea esta pandemia de coronavirus a continuar con la realizaci\u00f3n de este importante evento. El reconocimiento tambi\u00e9n para Don Luis Nardi, su padre y fundador, el cari\u00f1o de siempre\u201d.<\/p>\n\n\n\n<p>Perotti se permiti\u00f3 establecer una reflexi\u00f3n en torno al significado de Agroactiva: \u201cQue ustedes hayan apostado por este formato para acercar la oferta y demanda del campo a cada uno de nuestros productores nos parece innovador y necesario para el momento. El productor siempre quiere conocer, escuchar y poder ver los adelantos. \u00bfPor qu\u00e9 demorarnos en hacerlo? La tecnolog\u00eda nos lo permite\u201d.<\/p>\n\n\n\n<p>Del mismo modo, el mandatario provincial rescat\u00f3 \u201cel compromiso del Gobierno de la provincia para acompa\u00f1arlos siempre estar\u00e1 presente, no solamente como un iniciador en las plataformas de comercio exterior, vinculando a pymes con todo el mundo en rondas de negocios virtuales, sino tambi\u00e9n con la presencia de 40 pymes de todo el territorio provincial relacionadas a la agroindustria, que van a estar participando de la mano de nuestro Ministerio de Producci\u00f3n, Ciencia y Tecnolog\u00eda\u201d, agreg\u00f3.<\/p>\n\n\n\n<p>Finalmente, el gobernador manifest\u00f3: \u201cQueremos agradecer a este tipo iniciativas porque ayudan y contribuyen a poner de pie a Santa Fe. Es el mismo esfuerzo que estamos poniendo en cuidar la salud de los santafesinos y las santafesinas, el que sumamos ahora para recomponer la estructura productiva de la provincia y lo vamos a lograr, porque hechos como estos son los que motivan, entusiasman y nos empujan a seguir\u201d.<\/p>\n\n\n\n<p>Por su parte, el ministro Basterra destac\u00f3: \u201cSe inaugura hoy una muestra que ya es tradicional, caracterizada por la cantidad de negocios que se operan en su marco. Aprovecho la oportunidad para agradecer el compromiso de los productores que se han involucrado con sostener las producciones agropecuarias, tanto para el abastecimiento interno como para sostener el comercio internacional. Me parece que es una muy buena oportunidad para avanzar en esta recomposici\u00f3n de bienes de capital, de maquinaria, de equipamiento, que fortalecen a la producci\u00f3n agropecuaria y que, a su vez, tienen el efecto de generar trabajo en las industrias metalmec\u00e1nica, en la productora de semillas y de insumos agropecuarios\u201d.<\/p>\n\n\n\n<p>A su turno, Costamagna expuso: \u201cAgroactiva es el gran desaf\u00edo y la gran oportunidad para muchos peque\u00f1os y medianos productores y para pymes industriales, al mismo tiempo es la oportunidad de acercarse al conocimiento, a la innovaci\u00f3n y a la exportaci\u00f3n. El gran cl\u00faster de la maquinaria agr\u00edcola y las m\u00e1s de 500 empresas de implementos agr\u00edcolas de la provincia de Santa Fe tiene aqu\u00ed una importante vidriera, instancia en la que los m\u00e1s de 30 mil productores que tenemos en nuestro territorio puedan ver lo \u00faltimo en tecnolog\u00eda e innovaci\u00f3n. Hablo de ese entramado productivo que hace grande y fuerte a nuestra provincia. Tenemos el desaf\u00edo de articular entre el sector p\u00fablico y privado y de acompa\u00f1ar el esfuerzo de nuestros empresarios, este evento es un ejemplo de ese trabajo\u201d.<\/p>\n\n\n\n<p>Por \u00faltimo, la presidenta de Agroactiva, Rosana Nardi indic\u00f3: \u201cAgroactiva Virtual es una herramienta que dise\u00f1amos para que toda la comunidad de Agroactiva pueda seguir encontr\u00e1ndose. Es una plataforma superadora porque es una verdadera exposici\u00f3n virtual, con todos los ingredientes que estamos acostumbrados a ver en la muestra tradicional. Quiero agradecer el apoyo institucional que hemos tenido en este a\u00f1o, que es tan importante en estos momentos de incertidumbre. Muchas gracias en particular al gobernador de la provincia de Santa Fe, Omar Perotti, que ha sido un amigo de Agroactiva desde la primera edici\u00f3n de la muestra, ha recorrido todas nuestras exposiciones y este a\u00f1o, como no pod\u00eda ser de otra manera, nos est\u00e1 brindando todo su apoyo\u201d.<\/p>\n\n\n\n<p><strong>PARTICIPACI\u00d3N DE SANTA FE EN AGROACTIVA VIRTUAL<\/strong><br>Este a\u00f1o Agroactiva se presenta como puente virtual entre la oferta y la demanda del campo, brindando una plataforma para que empresas de maquinaria agr\u00edcola, automotrices, entidades bancarias, el mundo de la ganader\u00eda, la aviaci\u00f3n agr\u00edcola, las embajadas de distintos pa\u00edses y las universidades nacionales puedan ofrecer todos sus productos, novedades y promociones. En ese marco, como cada a\u00f1o, Santa Fe contar\u00e1 con un espacio institucional donde informar\u00e1 los programas destinados al sector productivo y ofrecer\u00e1 un canal de comunicaci\u00f3n y consulta con los visitantes. En ese espacio tambi\u00e9n se promocionar\u00e1 la presencia de pymes de distintos puntos del territorio provincial.<\/p>\n\n\n\n<p>Las empresas presentes en el espacio santafesino ser\u00e1n alrededor de 40 y su producci\u00f3n est\u00e1 relacionada a la agroindustria y al agtech o tecnolog\u00eda aplicada al agro. Estas firmas tendr\u00e1n la inmejorable posibilidad de mostrar sus productos a trav\u00e9s del espacio virtual, instancia en la que podr\u00e1n volcar informaci\u00f3n de sus productos, fotos y datos de contacto para generar un ida y vuelta y una vinculaci\u00f3n con potenciales clientes. Las empresas participantes son oriundas de las localidades de Las Parejas, Villa Gobernador G\u00e1lvez, San Lorenzo, San Vicente, Ca\u00f1ada de G\u00f3mez, Bombal, El Tr\u00e9bol, Totoras, Rosario, San Jos\u00e9 de la Esquina, Venado Tuerto, San Javier, Las Rosas, Casilda, San Jorge, Armstrong, Bernardo de Irigoyen, Firmat, Arteaga, Sauce Viejo, Los Molinos, Sunchales, Tortugas, Cha\u00f1ar Ladeado, Murphy y Rold\u00e1n.<\/p>\n\n\n\n<p>Agroactiva prev\u00e9, como en su versi\u00f3n presencial, rondas de negocios internacionales, talleres de capacitaci\u00f3n (ganader\u00eda, tecnolog\u00eda aplicada al agro y universidades con sus escuelas de negocios), remates de ganado, charlas de auditorio, muestra din\u00e1mica de maquinarias, sector internacional y conferencias de prensa, entre otras actividades. En relaci\u00f3n a las rondas de negocios internacionales, en el marco de la muestra que estar\u00e1 30 d\u00edas on line, la Secretar\u00eda de Comercio Exterior de Santa Fe, en conjunto con la Agencia Argentina de Inversiones y Comercio Internacional impulsar\u00e1 el 4 y 5 de noviembre, la realizaci\u00f3n de una ronda de negocios virtual para el sector de la maquinaria agr\u00edcola y las agropartes, acci\u00f3n que es parte del Plan provincial que busca internacionalizar esta producci\u00f3n santafesina. Como pa\u00edses invitados a participar se han seleccionado a Rusia, Ucrania, Kazajist\u00e1n, Sud\u00e1frica, Sierra Leona y pa\u00edses sudamericanos como Bolivia, Paraguay, Uruguay, Per\u00fa, Colombia y Brasil.<\/p>\n","protected":false},"excerpt":{"rendered":"<p>La provincia tiene una importante presencia en la exposici\u00f3n virtual, con un espacio institucional, donde habr\u00e1 una marcada promoci\u00f3n de pymes y se desarrollar\u00e1 una ronda internacional de negocios online El gobernador de la provincia Omar Perotti particip\u00f3 este martes de la apertura de Agroactiva 2020, la megamuestra agroindustrial que cada a\u00f1o se realiza en <a href=\"https:\/\/armstrongyregion.com.ar\/diario\/perotti-en-la-inauguracion-de-agroactiva-virtual\/\" title=\"Read more\" >&#8230;<\/a><\/p>\n","protected":false},"author":1,"featured_media":27741,"comment_status":"open","ping_status":"open","sticky":false,"template":"","format":"image","meta":{"_jetpack_memberships_contains_paid_content":false,"footnotes":"","jetpack_publicize_message":"","jetpack_publicize_feature_enabled":true,"jetpack_social_post_already_shared":true,"jetpack_social_options":{"image_generator_settings":{"template":"highway","default_image_id":0,"enabled":false},"version":2}},"categories":[8,1,2,3],"tags":[],"class_list":["post-27740","post","type-post","status-publish","format-image","has-post-thumbnail","hentry","category-deliberando","category-diario-armstrong","category-locales","category-region","post_format-post-format-image"],"jetpack_publicize_connections":[],"jetpack_featured_media_url":"https:\/\/armstrongyregion.com.ar\/diario\/wp-content\/uploads\/2020\/10\/2020-10-27NID_268918O_1.png","jetpack_shortlink":"https:\/\/wp.me\/p62QDO-7dq","jetpack_sharing_enabled":true,"amp_enabled":true,"_links":{"self":[{"href":"https:\/\/armstrongyregion.com.ar\/diario\/wp-json\/wp\/v2\/posts\/27740","targetHints":{"allow":["GET"]}}],"collection":[{"href":"https:\/\/armstrongyregion.com.ar\/diario\/wp-json\/wp\/v2\/posts"}],"about":[{"href":"https:\/\/armstrongyregion.com.ar\/diario\/wp-json\/wp\/v2\/types\/post"}],"author":[{"embeddable":true,"href":"https:\/\/armstrongyregion.com.ar\/diario\/wp-json\/wp\/v2\/users\/1"}],"replies":[{"embeddable":true,"href":"https:\/\/armstrongyregion.com.ar\/diario\/wp-json\/wp\/v2\/comments?post=27740"}],"version-history":[{"count":1,"href":"https:\/\/armstrongyregion.com.ar\/diario\/wp-json\/wp\/v2\/posts\/27740\/revisions"}],"predecessor-version":[{"id":27742,"href":"https:\/\/armstrongyregion.com.ar\/diario\/wp-json\/wp\/v2\/posts\/27740\/revisions\/27742"}],"wp:featuredmedia":[{"embeddable":true,"href":"https:\/\/armstrongyregion.com.ar\/diario\/wp-json\/wp\/v2\/media\/27741"}],"wp:attachment":[{"href":"https:\/\/armstrongyregion.com.ar\/diario\/wp-json\/wp\/v2\/media?parent=27740"}],"wp:term":[{"taxonomy":"category","embeddable":true,"href":"https:\/\/armstrongyregion.com.ar\/diario\/wp-json\/wp\/v2\/categories?post=27740"},{"taxonomy":"post_tag","embeddable":true,"href":"https:\/\/armstrongyregion.com.ar\/diario\/wp-json\/wp\/v2\/tags?post=27740"}],"curies":[{"name":"wp","href":"https:\/\/api.w.org\/{rel}","templated":true}]}}