{"id":2773,"date":"2015-06-25T11:50:41","date_gmt":"2015-06-25T11:50:41","guid":{"rendered":"https:\/\/armstrongyregion.com.ar\/diario\/?p=2773"},"modified":"2015-06-25T11:50:41","modified_gmt":"2015-06-25T11:50:41","slug":"canada-de-gomez-acto-homenaje-al-padre-armando-amiratti","status":"publish","type":"post","link":"https:\/\/armstrongyregion.com.ar\/diario\/canada-de-gomez-acto-homenaje-al-padre-armando-amiratti\/","title":{"rendered":"Ca\u00f1ada de G\u00f3mez. Acto Homenaje al padre Armando Amiratti."},"content":{"rendered":"<p><a href=\"http:\/\/armstrongyregion.com.ar\/diario\/wp-content\/uploads\/2015\/06\/armando.jpg\"><img loading=\"lazy\" decoding=\"async\" class=\"alignnone size-full wp-image-2774\" src=\"http:\/\/armstrongyregion.com.ar\/diario\/wp-content\/uploads\/2015\/06\/armando.jpg\" alt=\"armando\" width=\"275\" height=\"183\" \/><\/a>El 27 de junio se cumplen 10 a\u00f1os de la partida del padre Armando Amiratti. Desde la Asociaci\u00f3n de derechos Humanos de Ca\u00f1ada de G\u00f3mez, junto a Fraternidad Por Una Vida Digna, invitan al acto homenaje a partir de las 17,30 hs en la Plaza de la Vida y los Derechos Humanos (Balcarce al 800) en el mismo se colocara una placa recordatorio y se plantara un \u00e1rbol en su memoria, el micr\u00f3fono estar\u00e1 abierto a todos los presentes para recordarlo desde sus miradas y experiencias propias.<\/p>\n<p>El Padre Armando Muri\u00f3 como vivi\u00f3: sereno, pobre y libre&#8230; Ten\u00eda 87 a\u00f1os, y se le notaba, porque sus piernas ya no aguantaban. Ese era el \u00fanico indicio de su vejez, el motor de su coraz\u00f3n era el de un joven so\u00f1ador, audaz, creativo, revolucionario, despierto, colmado siempre de inquietudes, con capacidad de admiraci\u00f3n y entusiasmo por lo nuevo, deseoso de ver una Iglesia con la frescura y osad\u00eda de los primeros tiempos.<\/p>\n<p>Los a\u00f1os, curtieron su coraz\u00f3n, pero no lo endurecieron y mucho menos acostumbrarlo al conformismo, si, le dieron sabidur\u00eda, sencillez y generosidad de aquellos hombres que viven para los dem\u00e1s.<\/p>\n<p>Desde joven tuvo afinidad con Dios que se revela en los pobres, en sus clamores, en sus luchas por la vida crey\u00f3 en una Iglesia identificada con el Pueblo y que se \u00abhace pueblo\u00bb&#8230; Eso le cost\u00f3 \u00abtragos amargos\u00bb, detenido por cura \u00abtercermundista\u00bb removido de la parroquia de Ca\u00f1ada de G\u00f3mez a punta de fusil, con un operativo policial y militar para vencer la resistencia del Pueblo ,muchos ca\u00f1adenses encontraron en el religioso, un signo claro del Evangelio y del compromiso cristiano verdadero y profundo.<\/p>\n<p>Tiempos intensos aquellos `70. Tiempos de cambios, de crisis, de utop\u00edas. Orientaron su destino a La Rioja, donde Angelelli \u00abtocaba campanas en el coraz\u00f3n de los pobres\u00bb.<\/p>\n<p>Lleg\u00f3 y se \u00abmeti\u00f3 en el barro\u00bb uniendo, sirviendo, escuchando, luchando&#8230;.<\/p>\n<p>Armando fraternidad.<\/p>\n<p>Armando vida para todos.<\/p>\n<p>Armando sue\u00f1os de justicia y paz.<\/p>\n<p>Y s\u00e9 fue \u00abcomo si nada\u00bb, expropiado de s\u00ed mismo, para ser abono del hombre solidario, del amor, del compromiso, de la lucha por la paz y la justicia.<\/p>\n<p>Armando, hombre luchador de utop\u00edas, cabal, cristiano, sacerdote del \u00ab\u00faltimo lugar\u00bb, Armando, sigues en el coraz\u00f3n y con nosotros en el tiempo.<\/p>\n","protected":false},"excerpt":{"rendered":"<p>El 27 de junio se cumplen 10 a\u00f1os de la partida del padre Armando Amiratti. Desde la Asociaci\u00f3n de derechos Humanos de Ca\u00f1ada de G\u00f3mez, junto a Fraternidad Por Una Vida Digna, invitan al acto homenaje a partir de las 17,30 hs en la Plaza de la Vida y los Derechos Humanos (Balcarce al 800) <a href=\"https:\/\/armstrongyregion.com.ar\/diario\/canada-de-gomez-acto-homenaje-al-padre-armando-amiratti\/\" title=\"Read more\" >&#8230;<\/a><\/p>\n","protected":false},"author":2,"featured_media":2774,"comment_status":"open","ping_status":"open","sticky":false,"template":"","format":"standard","meta":{"_jetpack_memberships_contains_paid_content":false,"footnotes":"","jetpack_publicize_message":"","jetpack_publicize_feature_enabled":true,"jetpack_social_post_already_shared":false,"jetpack_social_options":{"image_generator_settings":{"template":"highway","default_image_id":0,"enabled":false},"version":2}},"categories":[6,1,3],"tags":[1212,179,2075,2074,163,19,164,2072,2073],"class_list":["post-2773","post","type-post","status-publish","format-standard","has-post-thumbnail","hentry","category-cultura-entretenimiento","category-diario-armstrong","category-region","tag-acto","tag-al","tag-amiratti","tag-armando","tag-canada","tag-de","tag-gomez","tag-homenaje","tag-padre"],"jetpack_publicize_connections":[],"jetpack_featured_media_url":"https:\/\/armstrongyregion.com.ar\/diario\/wp-content\/uploads\/2015\/06\/armando.jpg","jetpack_shortlink":"https:\/\/wp.me\/p62QDO-IJ","jetpack_sharing_enabled":true,"amp_enabled":true,"_links":{"self":[{"href":"https:\/\/armstrongyregion.com.ar\/diario\/wp-json\/wp\/v2\/posts\/2773","targetHints":{"allow":["GET"]}}],"collection":[{"href":"https:\/\/armstrongyregion.com.ar\/diario\/wp-json\/wp\/v2\/posts"}],"about":[{"href":"https:\/\/armstrongyregion.com.ar\/diario\/wp-json\/wp\/v2\/types\/post"}],"author":[{"embeddable":true,"href":"https:\/\/armstrongyregion.com.ar\/diario\/wp-json\/wp\/v2\/users\/2"}],"replies":[{"embeddable":true,"href":"https:\/\/armstrongyregion.com.ar\/diario\/wp-json\/wp\/v2\/comments?post=2773"}],"version-history":[{"count":0,"href":"https:\/\/armstrongyregion.com.ar\/diario\/wp-json\/wp\/v2\/posts\/2773\/revisions"}],"wp:featuredmedia":[{"embeddable":true,"href":"https:\/\/armstrongyregion.com.ar\/diario\/wp-json\/wp\/v2\/media\/2774"}],"wp:attachment":[{"href":"https:\/\/armstrongyregion.com.ar\/diario\/wp-json\/wp\/v2\/media?parent=2773"}],"wp:term":[{"taxonomy":"category","embeddable":true,"href":"https:\/\/armstrongyregion.com.ar\/diario\/wp-json\/wp\/v2\/categories?post=2773"},{"taxonomy":"post_tag","embeddable":true,"href":"https:\/\/armstrongyregion.com.ar\/diario\/wp-json\/wp\/v2\/tags?post=2773"}],"curies":[{"name":"wp","href":"https:\/\/api.w.org\/{rel}","templated":true}]}}