{"id":27703,"date":"2020-10-24T15:33:02","date_gmt":"2020-10-24T15:33:02","guid":{"rendered":"https:\/\/armstrongyregion.com.ar\/diario\/?p=27703"},"modified":"2020-10-24T15:33:05","modified_gmt":"2020-10-24T15:33:05","slug":"coronavirus-sin-cuidado-no-hay-navidad-sin-cuidado-no-hay-verano","status":"publish","type":"post","link":"https:\/\/armstrongyregion.com.ar\/diario\/coronavirus-sin-cuidado-no-hay-navidad-sin-cuidado-no-hay-verano\/","title":{"rendered":"Coronavirus: \u201cSin cuidado no hay Navidad, sin cuidado no hay verano\u201d"},"content":{"rendered":"\n<figure class=\"wp-block-image size-large\"><img loading=\"lazy\" decoding=\"async\" width=\"496\" height=\"279\" src=\"http:\/\/armstrongyregion.com.ar\/diario\/wp-content\/uploads\/2020\/10\/Navidad-Covid.jpg\" alt=\"\" class=\"wp-image-27704\" srcset=\"https:\/\/armstrongyregion.com.ar\/diario\/wp-content\/uploads\/2020\/10\/Navidad-Covid.jpg 496w, https:\/\/armstrongyregion.com.ar\/diario\/wp-content\/uploads\/2020\/10\/Navidad-Covid-300x169.jpg 300w\" sizes=\"auto, (max-width: 496px) 100vw, 496px\" \/><\/figure>\n\n\n\n<h2 class=\"wp-block-heading\"> Autoridades pol\u00edticas y sanitarias se reunieron ayer en c\u00f3nclaves virtuales y concordaron en resaltar la necesidad de darle continuidad a las pr\u00e1cticas de cuidado y prevenci\u00f3n del virus. \u201cSe est\u00e1n realizando 6 mil testeos diarios de covid -19\u201d, sostuvo Jorge Prieto, secretario de Salud de la provincia <\/h2>\n\n\n\n<p> Las diferentes autoridades pol\u00edticas y sanitarias convocadas ayer para diferentes c\u00f3nclaves virtuales concordaron en resaltar la necesidad de darle continuidad a las pr\u00e1cticas de cuidado y prevenci\u00f3n del coronavirus.<strong>\u00a0\u201cSin cuidado no hay Navidad, sin cuidado no hay verano\u201d, remarcaron a poco m\u00e1s de un mes de fin de a\u00f1o.<\/strong> <\/p>\n\n\n\n<p> El gobernador Omar Perotti, junto al ministro de Gesti\u00f3n P\u00fablica, Rub\u00e9n Michlig; la ministra de Salud, Sonia Martorano; y los secretarios de Articulaci\u00f3n de Pol\u00edticas P\u00fablicas, Marcos Corach y de Salud, Jorge Prieto, participaron este viernes de una serie de videoconferencias que tuvieron por objeto concretar una ronda de consultas con referentes sanitarios y pol\u00edticos antes de delinear\u00a0<a rel=\"noreferrer noopener\" href=\"https:\/\/www.rosario3.com\/informaciongeneral\/Nueva-cuarentena-en-Rosario-dos-cambios-que-se-vienen-y-otros-dos-que-se-analizan-20201023-0059.html\" target=\"_blank\">qu\u00e9 medidas se tomar\u00e1n en torno a la prevenci\u00f3n\u00a0<\/a>del covid 19 en territorio provincial. <\/p>\n\n\n\n<p>En este sentido, remarcaron&nbsp;<strong>la necesidad de seguir las normas b\u00e1sicas y conocidas<\/strong>: lavado frecuente de manos, el respeto al distanciamiento social y el acatamiento de los protocolos.<\/p>\n\n\n\n<p>De acuerdo a un comunicado de prensa, luego de los encuentros virtuales, el secretario de Salud, Jorge Prieto, analiz\u00f3 las herramientas que est\u00e1 implementando la provincia para poder optimizar la contenci\u00f3n de los casos confirmados y cortar la cadena de contagios.\u00a0<strong>\u201cHoy Santa Fe tiene dos tipos de tests diagn\u00f3sticos: PCR y de ant\u00edgenos. Hay 6 mil testeos diarios,<\/strong>\u00a0se ha incrementado al triple de lo que se ven\u00eda realizando. De hecho, se han incorporado tres equipamientos extractores de ARN: en el Cemar; en el hospital Provincial de Rosario y en el hospital Eva Per\u00f3n de Granadero Baigorria. All\u00ed se procesan las muestras\u201d, destac\u00f3 el funcionario.<\/p>\n\n\n\n<p>Ante esto, Prieto hizo hincapi\u00e9 en las posibilidades que brindan los testeos r\u00e1pidos de ant\u00edgenos y concluy\u00f3: \u201cLa idea es realizar un trabajo orientado al diagn\u00f3stico precoz y la contenci\u00f3n en el territorio de todos los santafesinos y santafesinas. Recordando adem\u00e1s que estamos testeando al personal de salud y a agentes de la seguridad p\u00fablica. La batalla hoy se gana ah\u00ed, en la atenci\u00f3n primaria,&nbsp;<a href=\"https:\/\/www.rosario3.com\/informaciongeneral\/Coronavirus-medicos-rosarinos-van-al-Monumento-hoy-a-pedir-Boton-Rojo-intermitente-20201023-0018.html\" target=\"_blank\" rel=\"noreferrer noopener\">evitando que se saturen los sistemas<\/a>&nbsp;de mayor complejidad de salud\u201d.<\/p>\n\n\n\n<p>Durante la serie de encuentros virtuales, se destac\u00f3 la implementaci\u00f3n de los testeos r\u00e1pidos en el marco del operativo Detectar Federal, donde se alcanz\u00f3 a triplicar el n\u00famero de an\u00e1lisis que se realizan en territorio santafesino. Tambi\u00e9n se inform\u00f3 sobre el aumento de la inversi\u00f3n en equipamiento para la instrumentaci\u00f3n de laboratorios de biolog\u00eda molecular, dos situaciones que generaron un verdadero salto de calidad en el abordaje de la patolog\u00eda.<\/p>\n\n\n\n<p>Desde la cartera sanitaria consignaron que la realizaci\u00f3n de una mayor cantidad de testeos, repercutir\u00e1 en una mayor cantidad de casos positivos detectados y eso permitir\u00e1 aislar y atender de manera inmediata a las personas con diagn\u00f3stico positivo y sus contactos estrechos.<\/p>\n\n\n\n<p><br><\/p>\n","protected":false},"excerpt":{"rendered":"<p>Autoridades pol\u00edticas y sanitarias se reunieron ayer en c\u00f3nclaves virtuales y concordaron en resaltar la necesidad de darle continuidad a las pr\u00e1cticas de cuidado y prevenci\u00f3n del virus. \u201cSe est\u00e1n realizando 6 mil testeos diarios de covid -19\u201d, sostuvo Jorge Prieto, secretario de Salud de la provincia Las diferentes autoridades pol\u00edticas y sanitarias convocadas ayer <a href=\"https:\/\/armstrongyregion.com.ar\/diario\/coronavirus-sin-cuidado-no-hay-navidad-sin-cuidado-no-hay-verano\/\" title=\"Read more\" >&#8230;<\/a><\/p>\n","protected":false},"author":1,"featured_media":27704,"comment_status":"open","ping_status":"open","sticky":false,"template":"","format":"image","meta":{"_jetpack_memberships_contains_paid_content":false,"footnotes":"","jetpack_publicize_message":"","jetpack_publicize_feature_enabled":true,"jetpack_social_post_already_shared":true,"jetpack_social_options":{"image_generator_settings":{"template":"highway","default_image_id":0,"enabled":false},"version":2}},"categories":[6,8,1,2,3],"tags":[],"class_list":["post-27703","post","type-post","status-publish","format-image","has-post-thumbnail","hentry","category-cultura-entretenimiento","category-deliberando","category-diario-armstrong","category-locales","category-region","post_format-post-format-image"],"jetpack_publicize_connections":[],"jetpack_featured_media_url":"https:\/\/armstrongyregion.com.ar\/diario\/wp-content\/uploads\/2020\/10\/Navidad-Covid.jpg","jetpack_shortlink":"https:\/\/wp.me\/p62QDO-7cP","jetpack_sharing_enabled":true,"amp_enabled":true,"_links":{"self":[{"href":"https:\/\/armstrongyregion.com.ar\/diario\/wp-json\/wp\/v2\/posts\/27703","targetHints":{"allow":["GET"]}}],"collection":[{"href":"https:\/\/armstrongyregion.com.ar\/diario\/wp-json\/wp\/v2\/posts"}],"about":[{"href":"https:\/\/armstrongyregion.com.ar\/diario\/wp-json\/wp\/v2\/types\/post"}],"author":[{"embeddable":true,"href":"https:\/\/armstrongyregion.com.ar\/diario\/wp-json\/wp\/v2\/users\/1"}],"replies":[{"embeddable":true,"href":"https:\/\/armstrongyregion.com.ar\/diario\/wp-json\/wp\/v2\/comments?post=27703"}],"version-history":[{"count":1,"href":"https:\/\/armstrongyregion.com.ar\/diario\/wp-json\/wp\/v2\/posts\/27703\/revisions"}],"predecessor-version":[{"id":27705,"href":"https:\/\/armstrongyregion.com.ar\/diario\/wp-json\/wp\/v2\/posts\/27703\/revisions\/27705"}],"wp:featuredmedia":[{"embeddable":true,"href":"https:\/\/armstrongyregion.com.ar\/diario\/wp-json\/wp\/v2\/media\/27704"}],"wp:attachment":[{"href":"https:\/\/armstrongyregion.com.ar\/diario\/wp-json\/wp\/v2\/media?parent=27703"}],"wp:term":[{"taxonomy":"category","embeddable":true,"href":"https:\/\/armstrongyregion.com.ar\/diario\/wp-json\/wp\/v2\/categories?post=27703"},{"taxonomy":"post_tag","embeddable":true,"href":"https:\/\/armstrongyregion.com.ar\/diario\/wp-json\/wp\/v2\/tags?post=27703"}],"curies":[{"name":"wp","href":"https:\/\/api.w.org\/{rel}","templated":true}]}}