{"id":27670,"date":"2020-10-22T13:35:50","date_gmt":"2020-10-22T13:35:50","guid":{"rendered":"https:\/\/armstrongyregion.com.ar\/diario\/?p=27670"},"modified":"2020-10-22T13:35:54","modified_gmt":"2020-10-22T13:35:54","slug":"canada-de-gomez-municipio-obtiene-reconocimiento-internacional-para-cortos-72-horas","status":"publish","type":"post","link":"https:\/\/armstrongyregion.com.ar\/diario\/canada-de-gomez-municipio-obtiene-reconocimiento-internacional-para-cortos-72-horas\/","title":{"rendered":"Ca\u00f1ada de G\u00f3mez. Municipio obtiene reconocimiento internacional para cortos 72 horas."},"content":{"rendered":"\n<figure class=\"wp-block-image size-large\"><img loading=\"lazy\" decoding=\"async\" width=\"640\" height=\"633\" src=\"http:\/\/armstrongyregion.com.ar\/diario\/wp-content\/uploads\/2020\/10\/fabia-cortos-.jpg\" alt=\"\" class=\"wp-image-27671\" srcset=\"https:\/\/armstrongyregion.com.ar\/diario\/wp-content\/uploads\/2020\/10\/fabia-cortos-.jpg 640w, https:\/\/armstrongyregion.com.ar\/diario\/wp-content\/uploads\/2020\/10\/fabia-cortos--300x297.jpg 300w\" sizes=\"auto, (max-width: 640px) 100vw, 640px\" \/><\/figure>\n\n\n\n<p>\n\nQued\u00f3 finalista entre diez proyectos procedentes de trece pa\u00edses y cuatro continentes, para el premio otorgado por la reconocida Asociaci\u00f3n Internacional de Ciudades Educadoras.<\/p>\n\n\n\n<figure class=\"wp-block-image size-large\"><img loading=\"lazy\" decoding=\"async\" width=\"640\" height=\"427\" src=\"http:\/\/armstrongyregion.com.ar\/diario\/wp-content\/uploads\/2020\/10\/WhatsApp-Image-2020-10-22-at-10.06.55.jpg\" alt=\"\" class=\"wp-image-27672\" srcset=\"https:\/\/armstrongyregion.com.ar\/diario\/wp-content\/uploads\/2020\/10\/WhatsApp-Image-2020-10-22-at-10.06.55.jpg 640w, https:\/\/armstrongyregion.com.ar\/diario\/wp-content\/uploads\/2020\/10\/WhatsApp-Image-2020-10-22-at-10.06.55-300x200.jpg 300w\" sizes=\"auto, (max-width: 640px) 100vw, 640px\" \/><\/figure>\n\n\n\n<p>La intendenta Stella Cl\u00e9rici recibi\u00f3 la notificaci\u00f3n de la Asociaci\u00f3n Internacional de Ciudades Educadoras (AICE), de que Cortos 72 Horas result\u00f3 uno de los diez proyectos finalistas para el \u201c3\u00ba Premio Ciudades Educadoras a Buenas Pr\u00e1cticas de Inclusi\u00f3n y Democratizaci\u00f3n de la Cultura\u201d.<br>En total se presentaron cincuenta y ocho candidaturas procedentes de cincuenta ciudades miembros de trece pa\u00edses y cuatro continentes, entre ellas Ca\u00f1ada de G\u00f3mez. La selecci\u00f3n estuvo a cargo de un jurado de acad\u00e9micos representantes del Comit\u00e9 Ejecutivo de la AICE y de Ciudades y Gobiernos Locales Unidos (CGLU).<br>\u201cEste reconocimiento nos enorgullece y alienta para que Cortos 72 Horas siga creciendo en Ca\u00f1ada y la regi\u00f3n. Gracias a todo el equipo, a las escuelas y a los j\u00f3venes que son quienes mantienen vivo este proyecto\u201d, expres\u00f3 Cl\u00e9rici.<br>En tanto, desde la direcci\u00f3n de la experiencia manifestaron: \u201cLuego de replicar la experiencia en el Festival Internacional de Cine de Mar del Plata, uno de los quince clase A del mundo, este nuevo reconocimiento de Ciudades Educadoras consolida al proyecto como una iniciativa que nos debe enorgullecer a todos los ca\u00f1adenses\u201d.\n\n<\/p>\n","protected":false},"excerpt":{"rendered":"<p>Qued\u00f3 finalista entre diez proyectos procedentes de trece pa\u00edses y cuatro continentes, para el premio otorgado por la reconocida Asociaci\u00f3n Internacional de Ciudades Educadoras. La intendenta Stella Cl\u00e9rici recibi\u00f3 la notificaci\u00f3n de la Asociaci\u00f3n Internacional de Ciudades Educadoras (AICE), de que Cortos 72 Horas result\u00f3 uno de los diez proyectos finalistas para el \u201c3\u00ba Premio <a href=\"https:\/\/armstrongyregion.com.ar\/diario\/canada-de-gomez-municipio-obtiene-reconocimiento-internacional-para-cortos-72-horas\/\" title=\"Read more\" >&#8230;<\/a><\/p>\n","protected":false},"author":1,"featured_media":27671,"comment_status":"open","ping_status":"open","sticky":false,"template":"","format":"image","meta":{"_jetpack_memberships_contains_paid_content":false,"footnotes":"","jetpack_publicize_message":"","jetpack_publicize_feature_enabled":true,"jetpack_social_post_already_shared":true,"jetpack_social_options":{"image_generator_settings":{"template":"highway","default_image_id":0,"enabled":false},"version":2}},"categories":[6,8,1,7,3],"tags":[],"class_list":["post-27670","post","type-post","status-publish","format-image","has-post-thumbnail","hentry","category-cultura-entretenimiento","category-deliberando","category-diario-armstrong","category-politica","category-region","post_format-post-format-image"],"jetpack_publicize_connections":[],"jetpack_featured_media_url":"https:\/\/armstrongyregion.com.ar\/diario\/wp-content\/uploads\/2020\/10\/fabia-cortos-.jpg","jetpack_shortlink":"https:\/\/wp.me\/p62QDO-7ci","jetpack_sharing_enabled":true,"amp_enabled":true,"_links":{"self":[{"href":"https:\/\/armstrongyregion.com.ar\/diario\/wp-json\/wp\/v2\/posts\/27670","targetHints":{"allow":["GET"]}}],"collection":[{"href":"https:\/\/armstrongyregion.com.ar\/diario\/wp-json\/wp\/v2\/posts"}],"about":[{"href":"https:\/\/armstrongyregion.com.ar\/diario\/wp-json\/wp\/v2\/types\/post"}],"author":[{"embeddable":true,"href":"https:\/\/armstrongyregion.com.ar\/diario\/wp-json\/wp\/v2\/users\/1"}],"replies":[{"embeddable":true,"href":"https:\/\/armstrongyregion.com.ar\/diario\/wp-json\/wp\/v2\/comments?post=27670"}],"version-history":[{"count":1,"href":"https:\/\/armstrongyregion.com.ar\/diario\/wp-json\/wp\/v2\/posts\/27670\/revisions"}],"predecessor-version":[{"id":27673,"href":"https:\/\/armstrongyregion.com.ar\/diario\/wp-json\/wp\/v2\/posts\/27670\/revisions\/27673"}],"wp:featuredmedia":[{"embeddable":true,"href":"https:\/\/armstrongyregion.com.ar\/diario\/wp-json\/wp\/v2\/media\/27671"}],"wp:attachment":[{"href":"https:\/\/armstrongyregion.com.ar\/diario\/wp-json\/wp\/v2\/media?parent=27670"}],"wp:term":[{"taxonomy":"category","embeddable":true,"href":"https:\/\/armstrongyregion.com.ar\/diario\/wp-json\/wp\/v2\/categories?post=27670"},{"taxonomy":"post_tag","embeddable":true,"href":"https:\/\/armstrongyregion.com.ar\/diario\/wp-json\/wp\/v2\/tags?post=27670"}],"curies":[{"name":"wp","href":"https:\/\/api.w.org\/{rel}","templated":true}]}}