{"id":27652,"date":"2020-10-21T14:40:33","date_gmt":"2020-10-21T14:40:33","guid":{"rendered":"https:\/\/armstrongyregion.com.ar\/diario\/?p=27652"},"modified":"2020-10-21T14:40:36","modified_gmt":"2020-10-21T14:40:36","slug":"millonario-robo-a-la-sociedad-italiana-de-correa","status":"publish","type":"post","link":"https:\/\/armstrongyregion.com.ar\/diario\/millonario-robo-a-la-sociedad-italiana-de-correa\/","title":{"rendered":"Millonario robo a la Sociedad Italiana de Correa."},"content":{"rendered":"\n<figure class=\"wp-block-image size-large\"><img loading=\"lazy\" decoding=\"async\" width=\"642\" height=\"361\" src=\"http:\/\/armstrongyregion.com.ar\/diario\/wp-content\/uploads\/2020\/10\/la-sociedad-italiana-es-un-icono-la-localidad-tiene-114-anos-y-brinda-servicios-mas-dos-mil-socios.jpg\" alt=\"\" class=\"wp-image-27653\" srcset=\"https:\/\/armstrongyregion.com.ar\/diario\/wp-content\/uploads\/2020\/10\/la-sociedad-italiana-es-un-icono-la-localidad-tiene-114-anos-y-brinda-servicios-mas-dos-mil-socios.jpg 642w, https:\/\/armstrongyregion.com.ar\/diario\/wp-content\/uploads\/2020\/10\/la-sociedad-italiana-es-un-icono-la-localidad-tiene-114-anos-y-brinda-servicios-mas-dos-mil-socios-300x169.jpg 300w\" sizes=\"auto, (max-width: 642px) 100vw, 642px\" \/><\/figure>\n\n\n\n<h2 class=\"wp-block-heading\"> Los ladrones ingresaron por los fondos de la instituci\u00f3n y desactivaron un complejo sistema de vigilancia. Se hicieron con un bot\u00edn de tres millones de pesos.<\/h2>\n\n\n\n<p> La peque\u00f1a y tranquila localidad de\u00a0<strong><a href=\"https:\/\/www.lacapital.com.ar\/correa-a24020\">Correa<\/a>, ubicada en el departamento Iriondo,<\/strong>\u00a0se vio conmocionada<strong>\u00a0luego de que ladrones ingresaron en la Sociedad Italiana de Socorros Mutuos y se llevaron 3.140.000 de pesos en efectivo.<\/strong>\u00a0Seg\u00fan los vecinos, es el\u00a0<a href=\"https:\/\/www.lacapital.com.ar\/robo-a23443\">robo<\/a>\u00a0m\u00e1s importante registrado en la historia del pueblo que no supera los 6.000 habitantes. <\/p>\n\n\n\n<p>El hecho ocurri\u00f3 durante la madrugada, aunque el horario no se puede precisado con exactitud ya que todas las c\u00e1maras de la entidad fueron desactivadas.&nbsp;<strong>Los delincuentes ingresaron por los fondos del inmueble que da al callej\u00f3n<\/strong>&nbsp;tras violentar las rejas de un ventiluz del ba\u00f1o y de la ventana de una cocina.<\/p>\n\n\n\n<p>Posteriormente\u00a0<strong>accedieron a las oficinas, anularon la alarma y las c\u00e1maras de seguridad y se llevaron el efectivo.\u00a0<\/strong>El presidente de la entidad, Marcelo Tulissi, coment\u00f3 a La Capital que a una de las rejas \u201cla reventaron con un gato que dejaron en el lugar\u201d. A su vez, confirm\u00f3 que\u00a0<strong>los ladrones se llevaron el dispositivo de grabaci\u00f3n de video (DVR) de las c\u00e1maras\u00a0<\/strong>y que la empresa de monitoreo de la alarma recibi\u00f3 el reporte de la desactivaci\u00f3n varias horas despu\u00e9s.<\/p>\n\n\n\n<figure class=\"wp-block-image size-large\"><img loading=\"lazy\" decoding=\"async\" width=\"642\" height=\"360\" src=\"http:\/\/armstrongyregion.com.ar\/diario\/wp-content\/uploads\/2020\/10\/callejon-la-sociedad-italiana-donde-ingresaron-los-ladronesjpg.jpg\" alt=\"\" class=\"wp-image-27654\" srcset=\"https:\/\/armstrongyregion.com.ar\/diario\/wp-content\/uploads\/2020\/10\/callejon-la-sociedad-italiana-donde-ingresaron-los-ladronesjpg.jpg 642w, https:\/\/armstrongyregion.com.ar\/diario\/wp-content\/uploads\/2020\/10\/callejon-la-sociedad-italiana-donde-ingresaron-los-ladronesjpg-300x168.jpg 300w\" sizes=\"auto, (max-width: 642px) 100vw, 642px\" \/><\/figure>\n\n\n\n<p><strong>\u201cNo dejaron ni un caj\u00f3n ni un armario sin dar vueltas, lo \u00fanico que se llevaron fue el dinero que hab\u00eda quedado del viernes, correspondiente a pagos y dep\u00f3sitos\u00bb<\/strong>, detall\u00f3 Tulissi. La entidad cuenta con unos 2.200 socios y trabaja con varias instituciones locales.<\/p>\n\n\n\n<p><strong>El efectivo estaba guardado \u201cen una caja fuerte y parte en otro sector\u201d<\/strong>, refiri\u00f3 el gerente, que consider\u00f3 que \u201clos que hicieron esto saben, no son gente com\u00fan\u201d. En esa l\u00ednea prefiri\u00f3 ser cauto ante \u201cla situaci\u00f3n de un robo de estas caracter\u00edsticas bien planificado y como nunca antes pas\u00f3 en Correa\u201d.<\/p>\n\n\n\n<p>Por su parte,&nbsp;<strong>el responsable de la Jefatura de Polic\u00eda de la Unidad Regional X, Francisco Fern\u00e1ndez<\/strong>, en declaraciones al programa Punto de Noticias de Ca\u00f1ada de G\u00f3mez,&nbsp;<strong>coment\u00f3 que los ladrones desactivaron muy bien alarmas, sensores y c\u00e1maras, lo que impide que se pueda contar con alguna informaci\u00f3n en la parte interna y opin\u00f3 que quienes actuaron no son improvisados;&nbsp;<\/strong>ten\u00edan alg\u00fan conocimiento y seguramente muy buena informaci\u00f3n ya que trabajaron de manera correcta en cada habitaci\u00f3n: \u201cEs gente que entiende bastante bien de electr\u00f3nica e inform\u00e1tica\u201d, dijo.<\/p>\n\n\n\n<p><strong>En tal sentido remarc\u00f3 que se est\u00e1n manejando varias hip\u00f3tesis<\/strong>&nbsp;y que est\u00e1n trabajando en forma conjunta la agencia de investigaci\u00f3n criminal, la comisar\u00eda de Correa y el \u00e1rea de an\u00e1lisis criminal de la jefatura de Ca\u00f1ada de G\u00f3mez.&nbsp;<strong>Entre las tareas, se est\u00e1n analizando c\u00e1maras privadas y movimientos ocurridos en la localidad&nbsp;<\/strong>ya que, si bien la entidad est\u00e1 en pleno centro, la comuna no tiene c\u00e1maras de monitoreo colocadas en ese sector.<\/p>\n\n\n\n<p><strong>La investigaci\u00f3n est\u00e1 en manos del fiscal Santiago Tosco, que ya estaba trabajando en otro hecho ocurrido en la zona que podr\u00eda estar relacionado con el robo del domingo.<\/strong>&nbsp;La noticia fue informada a las pocas horas del hecho por la propia Sociedad Italiana a trav\u00e9s de su cuenta de Facebook.<\/p>\n\n\n\n<p>La entidad public\u00f3:&nbsp;<strong>\u00abEste domingo 18 de octubre fuimos v\u00edctimas de un robo calificado en la sede de nuestra instituci\u00f3n. El o los delincuentes sustrajeron dinero en efectivo ($3.140.000), produjeron da\u00f1os en el edificio y violentaron los sistemas de alarma y monitoreo.<\/strong>&nbsp;En las \u00faltimas horas hemos colaborado con las fuerzas policiales en el registro de los da\u00f1os, la b\u00fasqueda de evidencias y todo lo que est\u00e1 a nuestro alcance en pos de identificar a los responsables y recuperar lo robado\u00bb<strong>.<\/strong><\/p>\n\n\n\n<figure><iframe loading=\"lazy\" width=\"552px\" height=\"1000px\" allowfullscreen=\"true\" src=\"https:\/\/www.facebook.com\/v8.0\/plugins\/post.php?app_id=&amp;channel=https%3A%2F%2Fstaticxx.facebook.com%2Fx%2Fconnect%2Fxd_arbiter%2F%3Fversion%3D46%23cb%3Df2470e6e1984ce%26domain%3Dwww.lacapital.com.ar%26origin%3Dhttps%253A%252F%252Fwww.lacapital.com.ar%252Ff34237ddf3140f4%26relation%3Dparent.parent&amp;container_width=677&amp;href=https%3A%2F%2Fwww.facebook.com%2Fsocitaco%2Fposts%2F3096931323884198&amp;locale=en_US&amp;sdk=joey&amp;width=552\" class=\"\"><\/iframe><\/figure>\n\n\n\n<p>La\u00a0<a href=\"https:\/\/www.lacapital.com.ar\/mutual-a32422.html\">mutual<\/a>\u00a0tiene 114 a\u00f1os y es una instituci\u00f3n madre dentro de la localidad. Brinda ayuda econ\u00f3mica, presta servicios financieros y de asistencia. Adem\u00e1s cuenta con un importante sal\u00f3n de fiestas y confiter\u00eda, sala mortuoria, enfermer\u00eda, pedicur\u00eda, ortopedia y tambi\u00e9n dicta diversos cursos.<\/p>\n\n\n\n<figure class=\"wp-block-image\"><a href=\"https:\/\/www.lacapital.com.ar\/delcia-karamoschon-p1281165.html\"><img decoding=\"async\" src=\"https:\/\/media.lacapital.com.ar\/p\/34ff9f6a1da75c91882a32c59b6b51ad\/adjuntos\/203\/autores\/020\/496\/0020496530\/13254735_1182279005123876_7928209884281592623_ojpg.jpg\" alt=\"Delcia\"\/><\/a><\/figure>\n\n\n\n<p>Por&nbsp;<a href=\"https:\/\/www.lacapital.com.ar\/delcia-karamoschon-p1281165.html\">Delcia Karamoschon<\/a><\/p>\n\n\n\n<ul class=\"wp-block-list\"><li><a href=\"mailto:dkaramoschon@lacapital.com.ar\">dkaramoschon@lacapital.com.ar<\/a><\/li><\/ul>\n","protected":false},"excerpt":{"rendered":"<p>Los ladrones ingresaron por los fondos de la instituci\u00f3n y desactivaron un complejo sistema de vigilancia. Se hicieron con un bot\u00edn de tres millones de pesos. La peque\u00f1a y tranquila localidad de\u00a0Correa, ubicada en el departamento Iriondo,\u00a0se vio conmocionada\u00a0luego de que ladrones ingresaron en la Sociedad Italiana de Socorros Mutuos y se llevaron 3.140.000 de <a href=\"https:\/\/armstrongyregion.com.ar\/diario\/millonario-robo-a-la-sociedad-italiana-de-correa\/\" title=\"Read more\" >&#8230;<\/a><\/p>\n","protected":false},"author":1,"featured_media":27653,"comment_status":"open","ping_status":"open","sticky":false,"template":"","format":"image","meta":{"_jetpack_memberships_contains_paid_content":false,"footnotes":"","jetpack_publicize_message":"","jetpack_publicize_feature_enabled":true,"jetpack_social_post_already_shared":true,"jetpack_social_options":{"image_generator_settings":{"template":"highway","default_image_id":0,"enabled":false},"version":2}},"categories":[8,1,2852,3],"tags":[],"class_list":["post-27652","post","type-post","status-publish","format-image","has-post-thumbnail","hentry","category-deliberando","category-diario-armstrong","category-policiales","category-region","post_format-post-format-image"],"jetpack_publicize_connections":[],"jetpack_featured_media_url":"https:\/\/armstrongyregion.com.ar\/diario\/wp-content\/uploads\/2020\/10\/la-sociedad-italiana-es-un-icono-la-localidad-tiene-114-anos-y-brinda-servicios-mas-dos-mil-socios.jpg","jetpack_shortlink":"https:\/\/wp.me\/p62QDO-7c0","jetpack_sharing_enabled":true,"amp_enabled":true,"_links":{"self":[{"href":"https:\/\/armstrongyregion.com.ar\/diario\/wp-json\/wp\/v2\/posts\/27652","targetHints":{"allow":["GET"]}}],"collection":[{"href":"https:\/\/armstrongyregion.com.ar\/diario\/wp-json\/wp\/v2\/posts"}],"about":[{"href":"https:\/\/armstrongyregion.com.ar\/diario\/wp-json\/wp\/v2\/types\/post"}],"author":[{"embeddable":true,"href":"https:\/\/armstrongyregion.com.ar\/diario\/wp-json\/wp\/v2\/users\/1"}],"replies":[{"embeddable":true,"href":"https:\/\/armstrongyregion.com.ar\/diario\/wp-json\/wp\/v2\/comments?post=27652"}],"version-history":[{"count":1,"href":"https:\/\/armstrongyregion.com.ar\/diario\/wp-json\/wp\/v2\/posts\/27652\/revisions"}],"predecessor-version":[{"id":27655,"href":"https:\/\/armstrongyregion.com.ar\/diario\/wp-json\/wp\/v2\/posts\/27652\/revisions\/27655"}],"wp:featuredmedia":[{"embeddable":true,"href":"https:\/\/armstrongyregion.com.ar\/diario\/wp-json\/wp\/v2\/media\/27653"}],"wp:attachment":[{"href":"https:\/\/armstrongyregion.com.ar\/diario\/wp-json\/wp\/v2\/media?parent=27652"}],"wp:term":[{"taxonomy":"category","embeddable":true,"href":"https:\/\/armstrongyregion.com.ar\/diario\/wp-json\/wp\/v2\/categories?post=27652"},{"taxonomy":"post_tag","embeddable":true,"href":"https:\/\/armstrongyregion.com.ar\/diario\/wp-json\/wp\/v2\/tags?post=27652"}],"curies":[{"name":"wp","href":"https:\/\/api.w.org\/{rel}","templated":true}]}}