{"id":27639,"date":"2020-10-20T15:25:24","date_gmt":"2020-10-20T15:25:24","guid":{"rendered":"https:\/\/armstrongyregion.com.ar\/diario\/?p=27639"},"modified":"2020-10-20T20:36:40","modified_gmt":"2020-10-20T20:36:40","slug":"armstrong-construira-viviendas-sobre-lote-propio","status":"publish","type":"post","link":"https:\/\/armstrongyregion.com.ar\/diario\/armstrong-construira-viviendas-sobre-lote-propio\/","title":{"rendered":"Armstrong construir\u00e1 viviendas sobre lote propio."},"content":{"rendered":"\n<figure class=\"wp-block-image size-large\"><img loading=\"lazy\" decoding=\"async\" width=\"895\" height=\"952\" src=\"http:\/\/armstrongyregion.com.ar\/diario\/wp-content\/uploads\/2020\/10\/Pablito-Intendente.jpg\" alt=\"\" class=\"wp-image-27640\" srcset=\"https:\/\/armstrongyregion.com.ar\/diario\/wp-content\/uploads\/2020\/10\/Pablito-Intendente.jpg 895w, https:\/\/armstrongyregion.com.ar\/diario\/wp-content\/uploads\/2020\/10\/Pablito-Intendente-282x300.jpg 282w, https:\/\/armstrongyregion.com.ar\/diario\/wp-content\/uploads\/2020\/10\/Pablito-Intendente-768x817.jpg 768w\" sizes=\"auto, (max-width: 895px) 100vw, 895px\" \/><\/figure>\n\n\n\n<p>\nEl\nplan que se est\u00e1 poniendo en marcha junto con el Gobierno\nProvincial,  facilitar\u00e1 el acceso a la vivienda propia a  familias\nde Armstrong  que ya cuenten con un lote propio.<\/p>\n\n\n\n<p>\nEl\nIntendente Municipal Pablo Verdecchia declar\u00f3: \u201cEs muy preocupante\nla situaci\u00f3n que se viene observando en los \u00faltimos a\u00f1os, de que a\nmuchas familias les resulta imposible poder comprar o construir su\nvivienda propia, o acceder a un terreno,  y esto viene generando una\ngran necesidad habitacional y de tierra en nuestra ciudad. Por eso\nvenimos trabajando fuertemente en generar propuestas para intentar\nachicar ese d\u00e9ficit\u201d.   \n<\/p>\n\n\n\n<p>El Departamento Ejecutivo Municipal, envi\u00f3 al Concejo Municipal el Proyecto de Ordenanza que le autoriza al Intendente a firmar un convenio con el Gobierno Provincial que es el primer paso necesario para poder poner en marcha el plan de viviendas.  <\/p>\n\n\n\n<p>En un segundo paso, y luego de que se haya realizado la firma del convenio, se iniciar\u00e1 la etapa de inscripci\u00f3n de las familias interesadas y sorteo, que se proyecta sea en los pr\u00f3ximos d\u00edas.  <\/p>\n","protected":false},"excerpt":{"rendered":"<p>El plan que se est\u00e1 poniendo en marcha junto con el Gobierno Provincial, facilitar\u00e1 el acceso a la vivienda propia a familias de Armstrong que ya cuenten con un lote propio. El Intendente Municipal Pablo Verdecchia declar\u00f3: \u201cEs muy preocupante la situaci\u00f3n que se viene observando en los \u00faltimos a\u00f1os, de que a muchas familias <a href=\"https:\/\/armstrongyregion.com.ar\/diario\/armstrong-construira-viviendas-sobre-lote-propio\/\" title=\"Read more\" >&#8230;<\/a><\/p>\n","protected":false},"author":1,"featured_media":27640,"comment_status":"open","ping_status":"open","sticky":false,"template":"","format":"image","meta":{"_jetpack_memberships_contains_paid_content":false,"footnotes":"","jetpack_publicize_message":"","jetpack_publicize_feature_enabled":true,"jetpack_social_post_already_shared":true,"jetpack_social_options":{"image_generator_settings":{"template":"highway","default_image_id":0,"enabled":false},"version":2}},"categories":[8,1,2,7,3],"tags":[],"class_list":["post-27639","post","type-post","status-publish","format-image","has-post-thumbnail","hentry","category-deliberando","category-diario-armstrong","category-locales","category-politica","category-region","post_format-post-format-image"],"jetpack_publicize_connections":[],"jetpack_featured_media_url":"https:\/\/armstrongyregion.com.ar\/diario\/wp-content\/uploads\/2020\/10\/Pablito-Intendente.jpg","jetpack_shortlink":"https:\/\/wp.me\/p62QDO-7bN","jetpack_sharing_enabled":true,"amp_enabled":true,"_links":{"self":[{"href":"https:\/\/armstrongyregion.com.ar\/diario\/wp-json\/wp\/v2\/posts\/27639","targetHints":{"allow":["GET"]}}],"collection":[{"href":"https:\/\/armstrongyregion.com.ar\/diario\/wp-json\/wp\/v2\/posts"}],"about":[{"href":"https:\/\/armstrongyregion.com.ar\/diario\/wp-json\/wp\/v2\/types\/post"}],"author":[{"embeddable":true,"href":"https:\/\/armstrongyregion.com.ar\/diario\/wp-json\/wp\/v2\/users\/1"}],"replies":[{"embeddable":true,"href":"https:\/\/armstrongyregion.com.ar\/diario\/wp-json\/wp\/v2\/comments?post=27639"}],"version-history":[{"count":2,"href":"https:\/\/armstrongyregion.com.ar\/diario\/wp-json\/wp\/v2\/posts\/27639\/revisions"}],"predecessor-version":[{"id":27642,"href":"https:\/\/armstrongyregion.com.ar\/diario\/wp-json\/wp\/v2\/posts\/27639\/revisions\/27642"}],"wp:featuredmedia":[{"embeddable":true,"href":"https:\/\/armstrongyregion.com.ar\/diario\/wp-json\/wp\/v2\/media\/27640"}],"wp:attachment":[{"href":"https:\/\/armstrongyregion.com.ar\/diario\/wp-json\/wp\/v2\/media?parent=27639"}],"wp:term":[{"taxonomy":"category","embeddable":true,"href":"https:\/\/armstrongyregion.com.ar\/diario\/wp-json\/wp\/v2\/categories?post=27639"},{"taxonomy":"post_tag","embeddable":true,"href":"https:\/\/armstrongyregion.com.ar\/diario\/wp-json\/wp\/v2\/tags?post=27639"}],"curies":[{"name":"wp","href":"https:\/\/api.w.org\/{rel}","templated":true}]}}