{"id":27636,"date":"2020-10-20T14:43:38","date_gmt":"2020-10-20T14:43:38","guid":{"rendered":"https:\/\/armstrongyregion.com.ar\/diario\/?p=27636"},"modified":"2020-10-20T14:43:40","modified_gmt":"2020-10-20T14:43:40","slug":"clerici-disertara-en-videoconferencia-nacional-sobre-gobiernos-locales","status":"publish","type":"post","link":"https:\/\/armstrongyregion.com.ar\/diario\/clerici-disertara-en-videoconferencia-nacional-sobre-gobiernos-locales\/","title":{"rendered":"Clerici disertara en videoconferencia nacional sobre gobiernos locales."},"content":{"rendered":"\n<figure class=\"wp-block-image size-large\"><img loading=\"lazy\" decoding=\"async\" width=\"579\" height=\"640\" src=\"http:\/\/armstrongyregion.com.ar\/diario\/wp-content\/uploads\/2020\/10\/WhatsApp-Image-2020-10-20-at-08.11.31.jpg\" alt=\"\" class=\"wp-image-27637\" srcset=\"https:\/\/armstrongyregion.com.ar\/diario\/wp-content\/uploads\/2020\/10\/WhatsApp-Image-2020-10-20-at-08.11.31.jpg 579w, https:\/\/armstrongyregion.com.ar\/diario\/wp-content\/uploads\/2020\/10\/WhatsApp-Image-2020-10-20-at-08.11.31-271x300.jpg 271w\" sizes=\"auto, (max-width: 579px) 100vw, 579px\" \/><\/figure>\n\n\n\n<p>Fue convocada para exponer junto a intendentes de todo el pa\u00eds, sobre el rol de los municipios frente a la emergencia sanitaria y los desaf\u00edos de la agenda post-pandemia.<\/p>\n\n\n\n<p>La intendenta Stella Cl\u00e9rici participar\u00e1 este jueves 22 a las 16.30 hs., en el marco de la primera jornada, que forma parte del ciclo \u201cLos gobiernos locales tienen agenda\u201d, impulsada el Portal web Municipios de Argentina, Fundaci\u00f3n May\u00e9utica e IC-Latinoam\u00e9rica.<\/p>\n\n\n\n<p>En este sentido, su disertaci\u00f3n abordar\u00e1 la importancia de contar con un plan estrat\u00e9gico como herramienta central en la planificaci\u00f3n de gobierno, federalismo&nbsp; y asociativismo, pol\u00edticas p\u00fablicas de fortalecimiento institucional, as\u00ed como la articulaci\u00f3n p\u00fablico &#8211; privada para el desarrollo productivo, entre otros puntos de inter\u00e9s.<\/p>\n\n\n\n<p>Cl\u00e9rici participar\u00e1 junto a&nbsp; Javier Noguera, Intendente de Taf\u00ed Viejo, Tucum\u00e1n, y Presidente de la Federaci\u00f3n Argentina de Municipios; Daniel Passerini, Vice-intendente de C\u00f3rdoba, C\u00f3rdoba; Patricia Alessandroni, Directora de IC Latinoam\u00e9rica; Andr\u00e9s Watson, Intendente de Florencio Varela, Buenos Aires; Ra\u00fal Jorge, Intendente de San Salvador de Jujuy, Jujuy y Roberto Espinosa, de Fundaci\u00f3n Maye\u00fatica.<\/p>\n\n\n\n<p>\u201cPara nosotros es un orgullo que nos convoquen de forma constante desde distintos organismos e instituciones, para compartir con el resto del pa\u00eds nuestras experiencias. Nos sentimos muy agradecidos. Tambi\u00e9n nos enriquece intercambiar acciones con otros gobiernos locales.\u201d, manifest\u00f3 la intendenta Cl\u00e9rici, quien recientemente ha intervenido en otros foros de proyecci\u00f3n nacional, donde expuso las distintas pol\u00edticas que lleva adelante su gesti\u00f3n.<\/p>\n\n\n\n<p>La inscripci\u00f3n para participar&nbsp;se puede hacer en forma gratuita en&nbsp;<a href=\"http:\/\/ic-latinoamerica.com\/inscripcion\" target=\"_blank\" rel=\"noreferrer noopener\">http:\/\/ic-latinoamerica.com\/inscripcion<\/a>.&nbsp;<\/p>\n","protected":false},"excerpt":{"rendered":"<p>Fue convocada para exponer junto a intendentes de todo el pa\u00eds, sobre el rol de los municipios frente a la emergencia sanitaria y los desaf\u00edos de la agenda post-pandemia. La intendenta Stella Cl\u00e9rici participar\u00e1 este jueves 22 a las 16.30 hs., en el marco de la primera jornada, que forma parte del ciclo \u201cLos gobiernos <a href=\"https:\/\/armstrongyregion.com.ar\/diario\/clerici-disertara-en-videoconferencia-nacional-sobre-gobiernos-locales\/\" title=\"Read more\" >&#8230;<\/a><\/p>\n","protected":false},"author":1,"featured_media":27637,"comment_status":"open","ping_status":"open","sticky":false,"template":"","format":"image","meta":{"_jetpack_memberships_contains_paid_content":false,"footnotes":"","jetpack_publicize_message":"","jetpack_publicize_feature_enabled":true,"jetpack_social_post_already_shared":true,"jetpack_social_options":{"image_generator_settings":{"template":"highway","default_image_id":0,"enabled":false},"version":2}},"categories":[8,1,2,7,3],"tags":[],"class_list":["post-27636","post","type-post","status-publish","format-image","has-post-thumbnail","hentry","category-deliberando","category-diario-armstrong","category-locales","category-politica","category-region","post_format-post-format-image"],"jetpack_publicize_connections":[],"jetpack_featured_media_url":"https:\/\/armstrongyregion.com.ar\/diario\/wp-content\/uploads\/2020\/10\/WhatsApp-Image-2020-10-20-at-08.11.31.jpg","jetpack_shortlink":"https:\/\/wp.me\/p62QDO-7bK","jetpack_sharing_enabled":true,"amp_enabled":true,"_links":{"self":[{"href":"https:\/\/armstrongyregion.com.ar\/diario\/wp-json\/wp\/v2\/posts\/27636","targetHints":{"allow":["GET"]}}],"collection":[{"href":"https:\/\/armstrongyregion.com.ar\/diario\/wp-json\/wp\/v2\/posts"}],"about":[{"href":"https:\/\/armstrongyregion.com.ar\/diario\/wp-json\/wp\/v2\/types\/post"}],"author":[{"embeddable":true,"href":"https:\/\/armstrongyregion.com.ar\/diario\/wp-json\/wp\/v2\/users\/1"}],"replies":[{"embeddable":true,"href":"https:\/\/armstrongyregion.com.ar\/diario\/wp-json\/wp\/v2\/comments?post=27636"}],"version-history":[{"count":1,"href":"https:\/\/armstrongyregion.com.ar\/diario\/wp-json\/wp\/v2\/posts\/27636\/revisions"}],"predecessor-version":[{"id":27638,"href":"https:\/\/armstrongyregion.com.ar\/diario\/wp-json\/wp\/v2\/posts\/27636\/revisions\/27638"}],"wp:featuredmedia":[{"embeddable":true,"href":"https:\/\/armstrongyregion.com.ar\/diario\/wp-json\/wp\/v2\/media\/27637"}],"wp:attachment":[{"href":"https:\/\/armstrongyregion.com.ar\/diario\/wp-json\/wp\/v2\/media?parent=27636"}],"wp:term":[{"taxonomy":"category","embeddable":true,"href":"https:\/\/armstrongyregion.com.ar\/diario\/wp-json\/wp\/v2\/categories?post=27636"},{"taxonomy":"post_tag","embeddable":true,"href":"https:\/\/armstrongyregion.com.ar\/diario\/wp-json\/wp\/v2\/tags?post=27636"}],"curies":[{"name":"wp","href":"https:\/\/api.w.org\/{rel}","templated":true}]}}