{"id":27631,"date":"2020-10-20T14:27:22","date_gmt":"2020-10-20T14:27:22","guid":{"rendered":"https:\/\/armstrongyregion.com.ar\/diario\/?p=27631"},"modified":"2020-10-20T14:27:29","modified_gmt":"2020-10-20T14:27:29","slug":"comunicado-del-foro-por-la-legalizacion-del-auto-cultivo-de-marihuana","status":"publish","type":"post","link":"https:\/\/armstrongyregion.com.ar\/diario\/comunicado-del-foro-por-la-legalizacion-del-auto-cultivo-de-marihuana\/","title":{"rendered":"Comunicado del Foro por la Legalizaci\u00f3n del Auto Cultivo de Marihuana."},"content":{"rendered":"\n<figure class=\"wp-block-image size-large\"><img loading=\"lazy\" decoding=\"async\" width=\"480\" height=\"360\" src=\"http:\/\/armstrongyregion.com.ar\/diario\/wp-content\/uploads\/2020\/10\/legalizacion-marihuana.jpg\" alt=\"\" class=\"wp-image-27632\" srcset=\"https:\/\/armstrongyregion.com.ar\/diario\/wp-content\/uploads\/2020\/10\/legalizacion-marihuana.jpg 480w, https:\/\/armstrongyregion.com.ar\/diario\/wp-content\/uploads\/2020\/10\/legalizacion-marihuana-300x225.jpg 300w\" sizes=\"auto, (max-width: 480px) 100vw, 480px\" \/><\/figure>\n\n\n\n<p>\nEl\npasado jueves 1 de octubre el Concejo Municipal de Rosario aprob\u00f3\nuna ordenanza que avanza en la legalizaci\u00f3n del autocultivo y el\ncultivo de cannabis, y lo presenta como \u201csolidario\u201d. Existen en\nla legislatura provincial varios proyectos presentados en el mismo\nsentido. Desde el Foro de Adicciones Rosario creemos necesario\npresentar algunas observaciones y objeciones que este tipo de medidas\nnos despiertan. \n<\/p>\n\n\n\n<figure class=\"wp-block-image size-large\"><img loading=\"lazy\" decoding=\"async\" width=\"628\" height=\"960\" src=\"http:\/\/armstrongyregion.com.ar\/diario\/wp-content\/uploads\/2020\/10\/122142904_10224504851037686_7422832697649948128_n.jpg\" alt=\"\" class=\"wp-image-27634\" srcset=\"https:\/\/armstrongyregion.com.ar\/diario\/wp-content\/uploads\/2020\/10\/122142904_10224504851037686_7422832697649948128_n.jpg 628w, https:\/\/armstrongyregion.com.ar\/diario\/wp-content\/uploads\/2020\/10\/122142904_10224504851037686_7422832697649948128_n-196x300.jpg 196w\" sizes=\"auto, (max-width: 628px) 100vw, 628px\" \/><\/figure>\n\n\n\n<p>\nAntes\nque nada queremos aclarar que como Foro entendemos el dolor de tantas\nfamilias que ven sufrir a sus seres queridos y apoyamos que el Estado\ninvierta recursos para la investigaci\u00f3n y producci\u00f3n de aceite de\ncannabis para el tratamiento de aquellas dolencias que lo necesiten\nconforme al criterio m\u00e9dico.<\/p>\n\n\n\n<p>\nEl\ntema del consumo de sustancias, todav\u00eda hoy, es visto por un sector\nde la sociedad desde una \u00f3ptica moralista que estigmatiza, excluye y\nen muchos casos culpabiliza a los padres. Por otro lado, est\u00e1n\nquienes hacen un planteo individualista, incapaz de ver  las\nconsecuencias comunitarias y la vulneraci\u00f3n de los derechos de\nni\u00f1os, ni\u00f1as, adolescentes, adultos y familias enteras que viven\nsituaciones de conflictividad extrema que acarrean graves \npadecimientos en los lazos y v\u00ednculos afectivos, as\u00ed como en la\nsalud mental.<\/p>\n\n\n\n<figure class=\"wp-block-image size-large\"><img loading=\"lazy\" decoding=\"async\" width=\"480\" height=\"360\" src=\"http:\/\/armstrongyregion.com.ar\/diario\/wp-content\/uploads\/2020\/10\/legalizacion.marihuana-2-.jpg\" alt=\"\" class=\"wp-image-27633\" srcset=\"https:\/\/armstrongyregion.com.ar\/diario\/wp-content\/uploads\/2020\/10\/legalizacion.marihuana-2-.jpg 480w, https:\/\/armstrongyregion.com.ar\/diario\/wp-content\/uploads\/2020\/10\/legalizacion.marihuana-2--300x225.jpg 300w\" sizes=\"auto, (max-width: 480px) 100vw, 480px\" \/><\/figure>\n\n\n\n<p>\nQueremos\nenumerar algunas situaciones que consideramos graves y que entendemos\nque deben ser resueltas\nantes\nde avanzar con la posibilidad de la legalizaci\u00f3n solapada de la\nmarihuana, con la excusa del uso medicinal: \n<\/p>\n\n\n\n<ol class=\"wp-block-list\"><li>\n\t\n\tEstamos\n\ten una crisis sanitaria mundial que ha potenciado las desigualdades\n\ty agudizo la desintegraci\u00f3n social. \n\t\n\t<\/li><li>\n\tTodav\u00eda\n\tno se ha resuelto en nuestra provincia la reestructuraci\u00f3n de la\n\tpolic\u00eda y es de publico conocimiento la seguidilla de jefes\n\tsospechados de connivencia con el narcotrafico.  \n\t\n\t<\/li><li>\n\tParte\n\tde la justicia penal de la ciudad se encuentra atravesada por graves\n\tcasos de corrupci\u00f3n institucional.\n\t<\/li><li>\n\tLa\n\tAgencia de Prevenci\u00f3n del Consumo de Drogas y Tratamiento Integral\n\tde las Adicciones no s\u00f3lo ha contado desde su origen con un\n\tpresupuesto raqu\u00edtico para abordar el fin para el cual fue creada,\n\tsino que nunca tuvo infraestructura y personal propio.\n\t<\/li><li>\n\tLa\n\tJusticia Federal en el territorio provincial tiene una presencia\n\tdeficitaria para resolver el complejo entramado del Narcotrafico. \n\t\n<\/li><\/ol>\n\n\n\n<p>\n6.\nEn los barrios populares las infraestructuras de contenci\u00f3n,\nintegraci\u00f3n y recreaci\u00f3n de los ni\u00f1os, ni\u00f1as y adolescentes est\u00e1n\nlejos de ser proporcionales a las necesidades.<\/p>\n\n\n\n<p>\n7.\nEl sistema de salud carece de especialistas en el campo de las\nadicciones, en los tres niveles de la salud p\u00fablica. \n<\/p>\n\n\n\n<p>\n8.\nLos niveles de pobreza en nuestra ciudad son exorbitantes. \n<\/p>\n\n\n\n<p>\n9.\nTenemos elevad\u00edsimos porcentajes de abandono escolar. \n<\/p>\n\n\n\n<p>\n10.\nLas edades de inicio en el consumo y en el delito son cada mes m\u00e1s\ntempranas.<\/p>\n\n\n\n<p>\n11.\nHoy el estado es incapaz de controlar el consumo de sustancias\nlegales (como el alcohol y los psicof\u00e1rmacos) en los ni\u00f1os, ni\u00f1as\ny adolescentes. Situaci\u00f3n que se agrava por una constante apolog\u00eda\ndel consumo descontrolado que se canaliza a trav\u00e9s de los medios de\ncomunicaci\u00f3n. \n<\/p>\n\n\n\n<p>\n12.\nEn los \u00faltimos a\u00f1os el Estado Provincial ha duplicado las c\u00e1rceles\ny las ha poblado de j\u00f3venes pobres. \n<\/p>\n\n\n\n<p>\n13.\nEn Santa Fe, el estado no ha perdido ante el narcotrafico, porque\nnunca lo enfrento y por el contrario, en muchos casos lo facilito y\nfue complice. \n<\/p>\n\n\n\n<p>\nEn\neste contexto el Concejo Municipal y la legislatura provincial\nbrindan, a nuestro parecer, un mensaje que solo profundiza la\nnaturalizaci\u00f3n y la ambig\u00fcedad en el abordaje de la tem\u00e1tica de\nlas adicciones. Con este tipo de propuestas se corre el riesgo de ir\ndetr\u00e1s de los s\u00edntomas y de soluciones r\u00e1pidas \u201cpara la\ntribuna\u201d, sin ahondar en las verdaderas causas e intentar\nsoluciones integrales.<\/p>\n\n\n\n<p>\nEn\nla sesi\u00f3n del Concejo Municipal del 1 de octubre, tambi\u00e9n se dijo\nque este proyecto es la punta de lanza para tratar el tema de la\nlegalizaci\u00f3n de las drogas, lo que que favorecer\u00eda a la\npacificaci\u00f3n de la ciudad con la eliminaci\u00f3n del narcotr\u00e1fico. Nos\nparece que semejante argumento denota ingenuidad o un gran\ndesconocimiento de la realidad, dado que el negocio narco, otra\nexpresi\u00f3n de un capitalismo inescrupuloso que convierte en recurso\ndescartable a muchos ni\u00f1os, ni\u00f1as y adolescentes pobres, cuenta con\nuna gran estructura mafiosa y corrupta, que lejos de retirarse\naceptando la derrota, virara\nhacia\notros nichos del mercado negro o\nde drogas mas fuerte\nque compitan con las drogas legales como ya sucede en otros pa\u00edses.\nEs paradigmatico que sectores que defienden la intervenci\u00f3n del\nestado en el mercado, en este tema aboguen por el libre comercio. \n<\/p>\n\n\n\n<p>\nComo\nciudad seguimos diciendo: <strong>Ni\nun pibe menos por las drogas<\/strong><\/p>\n","protected":false},"excerpt":{"rendered":"<p>El pasado jueves 1 de octubre el Concejo Municipal de Rosario aprob\u00f3 una ordenanza que avanza en la legalizaci\u00f3n del autocultivo y el cultivo de cannabis, y lo presenta como \u201csolidario\u201d. Existen en la legislatura provincial varios proyectos presentados en el mismo sentido. Desde el Foro de Adicciones Rosario creemos necesario presentar algunas observaciones y <a href=\"https:\/\/armstrongyregion.com.ar\/diario\/comunicado-del-foro-por-la-legalizacion-del-auto-cultivo-de-marihuana\/\" title=\"Read more\" >&#8230;<\/a><\/p>\n","protected":false},"author":1,"featured_media":27632,"comment_status":"open","ping_status":"open","sticky":false,"template":"","format":"image","meta":{"_jetpack_memberships_contains_paid_content":false,"footnotes":"","jetpack_publicize_message":"","jetpack_publicize_feature_enabled":true,"jetpack_social_post_already_shared":true,"jetpack_social_options":{"image_generator_settings":{"template":"highway","default_image_id":0,"enabled":false},"version":2}},"categories":[8,1,2,7,3],"tags":[],"class_list":["post-27631","post","type-post","status-publish","format-image","has-post-thumbnail","hentry","category-deliberando","category-diario-armstrong","category-locales","category-politica","category-region","post_format-post-format-image"],"jetpack_publicize_connections":[],"jetpack_featured_media_url":"https:\/\/armstrongyregion.com.ar\/diario\/wp-content\/uploads\/2020\/10\/legalizacion-marihuana.jpg","jetpack_shortlink":"https:\/\/wp.me\/p62QDO-7bF","jetpack_sharing_enabled":true,"amp_enabled":true,"_links":{"self":[{"href":"https:\/\/armstrongyregion.com.ar\/diario\/wp-json\/wp\/v2\/posts\/27631","targetHints":{"allow":["GET"]}}],"collection":[{"href":"https:\/\/armstrongyregion.com.ar\/diario\/wp-json\/wp\/v2\/posts"}],"about":[{"href":"https:\/\/armstrongyregion.com.ar\/diario\/wp-json\/wp\/v2\/types\/post"}],"author":[{"embeddable":true,"href":"https:\/\/armstrongyregion.com.ar\/diario\/wp-json\/wp\/v2\/users\/1"}],"replies":[{"embeddable":true,"href":"https:\/\/armstrongyregion.com.ar\/diario\/wp-json\/wp\/v2\/comments?post=27631"}],"version-history":[{"count":1,"href":"https:\/\/armstrongyregion.com.ar\/diario\/wp-json\/wp\/v2\/posts\/27631\/revisions"}],"predecessor-version":[{"id":27635,"href":"https:\/\/armstrongyregion.com.ar\/diario\/wp-json\/wp\/v2\/posts\/27631\/revisions\/27635"}],"wp:featuredmedia":[{"embeddable":true,"href":"https:\/\/armstrongyregion.com.ar\/diario\/wp-json\/wp\/v2\/media\/27632"}],"wp:attachment":[{"href":"https:\/\/armstrongyregion.com.ar\/diario\/wp-json\/wp\/v2\/media?parent=27631"}],"wp:term":[{"taxonomy":"category","embeddable":true,"href":"https:\/\/armstrongyregion.com.ar\/diario\/wp-json\/wp\/v2\/categories?post=27631"},{"taxonomy":"post_tag","embeddable":true,"href":"https:\/\/armstrongyregion.com.ar\/diario\/wp-json\/wp\/v2\/tags?post=27631"}],"curies":[{"name":"wp","href":"https:\/\/api.w.org\/{rel}","templated":true}]}}