{"id":27617,"date":"2020-10-19T16:16:44","date_gmt":"2020-10-19T16:16:44","guid":{"rendered":"https:\/\/armstrongyregion.com.ar\/diario\/?p=27617"},"modified":"2020-10-19T16:16:47","modified_gmt":"2020-10-19T16:16:47","slug":"el-calor-no-afloja-y-rige-alerta-meteorologico-para-el-sur-de-santa-fe","status":"publish","type":"post","link":"https:\/\/armstrongyregion.com.ar\/diario\/el-calor-no-afloja-y-rige-alerta-meteorologico-para-el-sur-de-santa-fe\/","title":{"rendered":"El calor no afloja y rige alerta meteorol\u00f3gico para el sur de Santa Fe."},"content":{"rendered":"\n<figure class=\"wp-block-image size-large\"><img loading=\"lazy\" decoding=\"async\" width=\"768\" height=\"437\" src=\"http:\/\/armstrongyregion.com.ar\/diario\/wp-content\/uploads\/2016\/09\/Alerta-.jpg\" alt=\"alerta\" class=\"wp-image-9562\" srcset=\"https:\/\/armstrongyregion.com.ar\/diario\/wp-content\/uploads\/2016\/09\/Alerta-.jpg 768w, https:\/\/armstrongyregion.com.ar\/diario\/wp-content\/uploads\/2016\/09\/Alerta--300x171.jpg 300w\" sizes=\"auto, (max-width: 768px) 100vw, 768px\" \/><\/figure>\n\n\n\n<h2 class=\"wp-block-heading\"> Seg\u00fan el Servicio Meteorol\u00f3gico se esperan fuertes tormentas, pero la temperatura m\u00e1xima llegar\u00e1 a los 35 grados. <\/h2>\n\n\n\n<p> Tras un domingo agobiante y a pesar de que este lunes llega con cielo despejado y con pron\u00f3stico de un d\u00eda muy caluroso,\u00a0<strong>el sur y el centro de la provincia de Santa Fe se encuentra bajo alerta por\u00a0<a href=\"https:\/\/www.lacapital.com.ar\/tormentas-a7290\">tormentas<\/a>\u00a0fuertes<\/strong>. Pero todo todo parece indicar que a pesar de las precipitaciones no cesar\u00e1 la ola de calor . Cerca de las 7 de hoy se registraban 22,8 grados.<\/p>\n\n\n\n<p> En su parte de novedades de este lunes, el<strong>\u00a0<a href=\"https:\/\/www.lacapital.com.ar\/servicio-meteorologico-a7289.html\">Servicio Meteorol\u00f3gico<\/a><\/strong>\u00a0consign\u00f3 que para una amplia zona de Santa Fe, en la que est\u00e1 incluida Armstrong rige un aviso por fuertes tormentas. <\/p>\n","protected":false},"excerpt":{"rendered":"<p>Seg\u00fan el Servicio Meteorol\u00f3gico se esperan fuertes tormentas, pero la temperatura m\u00e1xima llegar\u00e1 a los 35 grados. Tras un domingo agobiante y a pesar de que este lunes llega con cielo despejado y con pron\u00f3stico de un d\u00eda muy caluroso,\u00a0el sur y el centro de la provincia de Santa Fe se encuentra bajo alerta por\u00a0tormentas\u00a0fuertes. <a href=\"https:\/\/armstrongyregion.com.ar\/diario\/el-calor-no-afloja-y-rige-alerta-meteorologico-para-el-sur-de-santa-fe\/\" title=\"Read more\" >&#8230;<\/a><\/p>\n","protected":false},"author":1,"featured_media":9562,"comment_status":"open","ping_status":"open","sticky":false,"template":"","format":"image","meta":{"_jetpack_memberships_contains_paid_content":false,"footnotes":"","jetpack_publicize_message":"","jetpack_publicize_feature_enabled":true,"jetpack_social_post_already_shared":true,"jetpack_social_options":{"image_generator_settings":{"template":"highway","default_image_id":0,"enabled":false},"version":2}},"categories":[8,1,2,3],"tags":[],"class_list":["post-27617","post","type-post","status-publish","format-image","has-post-thumbnail","hentry","category-deliberando","category-diario-armstrong","category-locales","category-region","post_format-post-format-image"],"jetpack_publicize_connections":[],"jetpack_featured_media_url":"https:\/\/armstrongyregion.com.ar\/diario\/wp-content\/uploads\/2016\/09\/Alerta-.jpg","jetpack_shortlink":"https:\/\/wp.me\/p62QDO-7br","jetpack_sharing_enabled":true,"amp_enabled":true,"_links":{"self":[{"href":"https:\/\/armstrongyregion.com.ar\/diario\/wp-json\/wp\/v2\/posts\/27617","targetHints":{"allow":["GET"]}}],"collection":[{"href":"https:\/\/armstrongyregion.com.ar\/diario\/wp-json\/wp\/v2\/posts"}],"about":[{"href":"https:\/\/armstrongyregion.com.ar\/diario\/wp-json\/wp\/v2\/types\/post"}],"author":[{"embeddable":true,"href":"https:\/\/armstrongyregion.com.ar\/diario\/wp-json\/wp\/v2\/users\/1"}],"replies":[{"embeddable":true,"href":"https:\/\/armstrongyregion.com.ar\/diario\/wp-json\/wp\/v2\/comments?post=27617"}],"version-history":[{"count":1,"href":"https:\/\/armstrongyregion.com.ar\/diario\/wp-json\/wp\/v2\/posts\/27617\/revisions"}],"predecessor-version":[{"id":27618,"href":"https:\/\/armstrongyregion.com.ar\/diario\/wp-json\/wp\/v2\/posts\/27617\/revisions\/27618"}],"wp:featuredmedia":[{"embeddable":true,"href":"https:\/\/armstrongyregion.com.ar\/diario\/wp-json\/wp\/v2\/media\/9562"}],"wp:attachment":[{"href":"https:\/\/armstrongyregion.com.ar\/diario\/wp-json\/wp\/v2\/media?parent=27617"}],"wp:term":[{"taxonomy":"category","embeddable":true,"href":"https:\/\/armstrongyregion.com.ar\/diario\/wp-json\/wp\/v2\/categories?post=27617"},{"taxonomy":"post_tag","embeddable":true,"href":"https:\/\/armstrongyregion.com.ar\/diario\/wp-json\/wp\/v2\/tags?post=27617"}],"curies":[{"name":"wp","href":"https:\/\/api.w.org\/{rel}","templated":true}]}}