{"id":27577,"date":"2020-10-16T23:02:28","date_gmt":"2020-10-16T23:02:28","guid":{"rendered":"https:\/\/armstrongyregion.com.ar\/diario\/?p=27577"},"modified":"2020-10-16T23:02:33","modified_gmt":"2020-10-16T23:02:33","slug":"como-sera-desde-hoy-viajar-por-el-pais-en-omnibus-de-larga-distancia-y-trenes","status":"publish","type":"post","link":"https:\/\/armstrongyregion.com.ar\/diario\/como-sera-desde-hoy-viajar-por-el-pais-en-omnibus-de-larga-distancia-y-trenes\/","title":{"rendered":"C\u00f3mo ser\u00e1 desde hoy viajar por el pa\u00eds en \u00f3mnibus de larga distancia y trenes."},"content":{"rendered":"\n<figure class=\"wp-block-image size-large\"><img loading=\"lazy\" decoding=\"async\" width=\"642\" height=\"427\" src=\"http:\/\/armstrongyregion.com.ar\/diario\/wp-content\/uploads\/2020\/10\/reanudacion-colectivos.jpg\" alt=\"\" class=\"wp-image-27578\" srcset=\"https:\/\/armstrongyregion.com.ar\/diario\/wp-content\/uploads\/2020\/10\/reanudacion-colectivos.jpg 642w, https:\/\/armstrongyregion.com.ar\/diario\/wp-content\/uploads\/2020\/10\/reanudacion-colectivos-300x200.jpg 300w\" sizes=\"auto, (max-width: 642px) 100vw, 642px\" \/><\/figure>\n\n\n\n<h2 class=\"wp-block-heading\"> El gobierno autoriz\u00f3 la reanudaci\u00f3n de los servicios a trav\u00e9s de una resoluci\u00f3n publicada en el Bolet\u00edn Oficial. <\/h2>\n\n\n\n<p> <strong>El gobierno nacional autoriz\u00f3 hoy la reanudaci\u00f3n del servicio de transporte automotor y ferroviario interurbano de pasajeros de jurisdicci\u00f3n nacional<\/strong>, que hab\u00eda sido suspendido en el inicio del aislamiento obligatorio, el 20 de marzo pasado, y estableci\u00f3 los protocolos especiales que deber\u00e1 cumplir, en el maco del aislamiento social por la pandemia de coronavirus. <\/p>\n\n\n\n<p>La decisi\u00f3n fue adoptada por el ministro de Transporte, Mario Meoni, a trav\u00e9s de la Resoluci\u00f3n 222\/2020, publicada hoy en el Bolet\u00edn Oficial.<\/p>\n\n\n\n<p>\u201cEstabl\u00e9cese que&nbsp;<strong>para la reanudaci\u00f3n de los servicios de transporte automotor y ferroviario interurbano de pasajeros de jurisdicci\u00f3n nacional deber\u00e1n aplicarse los protocolos respectivamente elaborados<\/strong>&nbsp;por el Comit\u00e9 de Crisis Prevenci\u00f3n Covid-19 para el transporte automotor y el transporte ferroviario\u201d, indica el art\u00edculo 2 de la resoluci\u00f3n.<\/p>\n\n\n\n<p>Asimismo, la norma dispone que \u201clas empresas operadoras de servicios de transporte automotor para el turismo nacional y las permisionarias de servicios de transporte automotor de car\u00e1cter p\u00fablico, de tr\u00e1fico libre y ejecutivo,&nbsp;<strong>podr\u00e1n continuar prestando los servicios de traslado de trabajadores&nbsp;<a href=\"https:\/\/www.lacapital.com.ar\/esenciales-a33526.html\">esenciales<\/a>&nbsp;de actividades exceptuadas del aislamiento social, preventivo y obligatori<\/strong>o\u201d.<\/p>\n\n\n\n<p>Tambi\u00e9n, se\u00f1ala que los pasajeros que pretendan usar los servicios de transporte deber\u00e1n portar el Certificado \u00danico Habilitante para Circulaci\u00f3n o exhibir la aplicaci\u00f3n Cuidar en su tel\u00e9fono.<\/p>\n\n\n\n<figure><iframe loading=\"lazy\" src=\"https:\/\/drive.google.com\/file\/d\/1VyWLscDQ_goVfiVHXDtLRF19qeuwK2fg\/preview\" width=\"640\" height=\"480\"><\/iframe><\/figure>\n\n\n\n<p><strong>Para la reanudaci\u00f3n, se deber\u00e1n tener en cuenta pautas como las frecuencias, que se ajustar\u00e1n de acuerdo a la demanda de los servicios,<\/strong>&nbsp;\u201cno pudiendo en ning\u00fan caso superar aquellas actualmente registradas para cada l\u00ednea\u201d.<\/p>\n\n\n\n<p><strong>Asimismo, los horarios de los servicios se programar\u00e1n tomando en cuenta las tasas de ocupaci\u00f3n de las distintas terminales de origen y destino<\/strong>, \u201cprocurando no generar aglomeraciones de personas al ascender y descender de las unidades y en la evacuaci\u00f3n de las terminales\u201d, se\u00f1ala la disposici\u00f3n..<\/p>\n\n\n\n<p><strong>Por otra parte, los veh\u00edculos de transporte automotor interurbano de pasajeros deber\u00e1n limitar su capacidad de ocupaci\u00f3n: los veh\u00edculos de categor\u00eda \u201cSemi Cama\u201d podr\u00e1n trasladar simult\u00e1neamente hasta 37 pasajeros; los de categor\u00eda \u201cCama Ejecutivo\u201d hasta 26 pasajeros; y los \u201cCama Suite\u201d hasta 18<\/strong>.<\/p>\n\n\n\n<p>En tanto,&nbsp;<strong>en el transporte ferroviario interurbano de pasajeros, deber\u00e1 limitarse la capacidad de ocupaci\u00f3n al 60% por cada coche en servicio<\/strong>.<\/p>\n\n\n\n<p><strong>En ambos casos deber\u00e1n extremarse las medidas para un mejor distanciamiento social en el interior de los mismos<\/strong>, se aclar\u00f3.<\/p>\n\n\n\n<p><strong>La resoluci\u00f3n determina que las empresas de transporte posibilitar\u00e1n que los grupos familiares adquieran pasajes para trasladarse en \u201cbutacas adyacentes o de ubicaci\u00f3n cercana<\/strong>, sin perjuicio del distanciamiento social que debe mediar respecto de los restantes pasajeros del servicio\u201d.<\/p>\n\n\n\n<p>Adem\u00e1s, se establece que las empresas de transporte, en todas las operaciones de venta o reserva de pasajes, \u201cprocurar\u00e1n utilizar medios no presenciales de compra\u201d.<\/p>\n\n\n\n<p>Por \u00faltimo, la norma establece que los operadores de los servicios, en forma previa a la iniciaci\u00f3n de cada servicio, deber\u00e1n gestionar la conformidad de los gobernadores y del jefe de la Ciudad Aut\u00f3noma de Buenos Aires.<\/p>\n\n\n\n<p>Fuente: La Capital<\/p>\n","protected":false},"excerpt":{"rendered":"<p>El gobierno autoriz\u00f3 la reanudaci\u00f3n de los servicios a trav\u00e9s de una resoluci\u00f3n publicada en el Bolet\u00edn Oficial. El gobierno nacional autoriz\u00f3 hoy la reanudaci\u00f3n del servicio de transporte automotor y ferroviario interurbano de pasajeros de jurisdicci\u00f3n nacional, que hab\u00eda sido suspendido en el inicio del aislamiento obligatorio, el 20 de marzo pasado, y estableci\u00f3 <a href=\"https:\/\/armstrongyregion.com.ar\/diario\/como-sera-desde-hoy-viajar-por-el-pais-en-omnibus-de-larga-distancia-y-trenes\/\" title=\"Read more\" >&#8230;<\/a><\/p>\n","protected":false},"author":1,"featured_media":27578,"comment_status":"open","ping_status":"open","sticky":false,"template":"","format":"image","meta":{"_jetpack_memberships_contains_paid_content":false,"footnotes":"","jetpack_publicize_message":"","jetpack_publicize_feature_enabled":true,"jetpack_social_post_already_shared":true,"jetpack_social_options":{"image_generator_settings":{"template":"highway","default_image_id":0,"enabled":false},"version":2}},"categories":[1],"tags":[],"class_list":["post-27577","post","type-post","status-publish","format-image","has-post-thumbnail","hentry","category-diario-armstrong","post_format-post-format-image"],"jetpack_publicize_connections":[],"jetpack_featured_media_url":"https:\/\/armstrongyregion.com.ar\/diario\/wp-content\/uploads\/2020\/10\/reanudacion-colectivos.jpg","jetpack_shortlink":"https:\/\/wp.me\/p62QDO-7aN","jetpack_sharing_enabled":true,"amp_enabled":true,"_links":{"self":[{"href":"https:\/\/armstrongyregion.com.ar\/diario\/wp-json\/wp\/v2\/posts\/27577","targetHints":{"allow":["GET"]}}],"collection":[{"href":"https:\/\/armstrongyregion.com.ar\/diario\/wp-json\/wp\/v2\/posts"}],"about":[{"href":"https:\/\/armstrongyregion.com.ar\/diario\/wp-json\/wp\/v2\/types\/post"}],"author":[{"embeddable":true,"href":"https:\/\/armstrongyregion.com.ar\/diario\/wp-json\/wp\/v2\/users\/1"}],"replies":[{"embeddable":true,"href":"https:\/\/armstrongyregion.com.ar\/diario\/wp-json\/wp\/v2\/comments?post=27577"}],"version-history":[{"count":1,"href":"https:\/\/armstrongyregion.com.ar\/diario\/wp-json\/wp\/v2\/posts\/27577\/revisions"}],"predecessor-version":[{"id":27579,"href":"https:\/\/armstrongyregion.com.ar\/diario\/wp-json\/wp\/v2\/posts\/27577\/revisions\/27579"}],"wp:featuredmedia":[{"embeddable":true,"href":"https:\/\/armstrongyregion.com.ar\/diario\/wp-json\/wp\/v2\/media\/27578"}],"wp:attachment":[{"href":"https:\/\/armstrongyregion.com.ar\/diario\/wp-json\/wp\/v2\/media?parent=27577"}],"wp:term":[{"taxonomy":"category","embeddable":true,"href":"https:\/\/armstrongyregion.com.ar\/diario\/wp-json\/wp\/v2\/categories?post=27577"},{"taxonomy":"post_tag","embeddable":true,"href":"https:\/\/armstrongyregion.com.ar\/diario\/wp-json\/wp\/v2\/tags?post=27577"}],"curies":[{"name":"wp","href":"https:\/\/api.w.org\/{rel}","templated":true}]}}