{"id":27574,"date":"2020-10-16T22:58:42","date_gmt":"2020-10-16T22:58:42","guid":{"rendered":"https:\/\/armstrongyregion.com.ar\/diario\/?p=27574"},"modified":"2020-10-16T22:58:45","modified_gmt":"2020-10-16T22:58:45","slug":"martorano-el-epicentro-de-la-pandemia-en-el-pais-esta-en-rosario-y-el-sur-santafesino","status":"publish","type":"post","link":"https:\/\/armstrongyregion.com.ar\/diario\/martorano-el-epicentro-de-la-pandemia-en-el-pais-esta-en-rosario-y-el-sur-santafesino\/","title":{"rendered":"Martorano: \u00abEl epicentro de la pandemia en el pa\u00eds est\u00e1 en Rosario y el sur santafesino\u00bb"},"content":{"rendered":"\n<figure class=\"wp-block-image size-large\"><img loading=\"lazy\" decoding=\"async\" width=\"642\" height=\"361\" src=\"http:\/\/armstrongyregion.com.ar\/diario\/wp-content\/uploads\/2020\/10\/sonia-martorano.jpg\" alt=\"\" class=\"wp-image-27575\" srcset=\"https:\/\/armstrongyregion.com.ar\/diario\/wp-content\/uploads\/2020\/10\/sonia-martorano.jpg 642w, https:\/\/armstrongyregion.com.ar\/diario\/wp-content\/uploads\/2020\/10\/sonia-martorano-300x169.jpg 300w\" sizes=\"auto, (max-width: 642px) 100vw, 642px\" \/><\/figure>\n\n\n\n<h2 class=\"wp-block-heading\"> La ministra de Salud desaprob\u00f3 la habilitaci\u00f3n de playas, piletas p\u00fablicas y colonias de vacaciones. Adem\u00e1s, dijo que las pr\u00f3ximas seis semanas ser\u00e1n complicadas. <\/h2>\n\n\n\n<p> <strong>\u201cEl epicentro de la\u00a0<a href=\"https:\/\/www.lacapital.com.ar\/pandemia-a21433.html\">pandemia<\/a>\u00a0de coronavirus est\u00e1 en\u00a0<a href=\"https:\/\/www.lacapital.com.ar\/rosario-a22305\">Rosario<\/a>\u00a0y el sur de la provincia\u201d<\/strong>, afirm\u00f3 hoy la ministra de Salud de la\u00a0<strong><a href=\"https:\/\/www.lacapital.com.ar\/provincia-a25133.html\">provincia<\/a>,<\/strong>\u00a0Sonia Martorano, al evaluar la situaci\u00f3n epidemiol\u00f3gica de la regi\u00f3n, y vaticin\u00f3 que este mes y el pr\u00f3ximo la situaci\u00f3n en la ciudad y la regi\u00f3n \u201cseguir\u00e1 siendo muy complicada\u201d. <\/p>\n\n\n\n<p>La funcionaria provincial brind\u00f3 declaraciones en base a los \u00faltimos registros que trascendieron a nivel general en el territorio Seg\u00fan las estad\u00edsticas oficiales, Santa Fe registr\u00f3 ayer 2.659 casos positivos de coronavirus, mientras que la ciudad de Rosario tuvo 1.247.<\/p>\n\n\n\n<p>En declaraciones al programa\u00a0<strong>\u00abEl primero de la ma\u00f1ana<\/strong>\u00bb de\u00a0<strong>LT8<\/strong>, la titular del \u00e1rea de Salud recomend\u00f3 que no se permita la actividad de las colonias de vacaciones y piletas y playas p\u00fablicas.<\/p>\n\n\n\n<p>\u00abEl panorama en el pa\u00eds es complicado. Ayer se registraron 17 mil casos y superamos los 900 mil, llegando casi al mill\u00f3n de contagios. La provincia y Rosario no est\u00e1n exentas.&nbsp;<strong>Vamos siguiendo la curva nacional con un delay. Siempre vamos a estar en el 8,5 \u00f3 10 por ciento del n\u00famero a nivel nacional. Si en el pa\u00eds se superaron los 900 mil casos, arribando casi al mill\u00f3n, esto quiere decir que vamos a tener el diez por ciento de ese n\u00famero en la provincia\u00bb<\/strong>, expres\u00f3 Martorano.<\/p>\n\n\n\n<p>La funcionaria provincial agreg\u00f3 que, en base a esa proyecci\u00f3n,\u00a0<strong>el epicentro de la pandemia en el pa\u00eds est\u00e1 en centrado en Rosario y el sur de la provincia. Estamos transcurriendo esto para lo que tanto nos preparamos. Y lo hacemos con mucho trabajo y articulaci\u00f3n entre los sectores p\u00fablicos y privados.\u00a0<\/strong>Hoy los ciudadanos pueden atenderse en sus localidades y con la prestaci\u00f3n que requieren: con camas en terapia intensiva, en salas generales, con asistencia respiratoria, pero con un sistema de salud que est\u00e1 en un momento de tensi\u00f3n y estr\u00e9s<strong>\u00ab.<\/strong><\/p>\n\n\n\n<p>Martorano consider\u00f3 que la provincia presenta indicadores aceptables como por ejemplo el tiempo de duplicaci\u00f3n de casos, que se ha estirado a niveles alentadores,<strong>&nbsp;pero aclar\u00f3 que el porcentajes de camas ocupadas \u00abes muy alto. Ese es el punto que seguimos minuto a minuto, porque es lo que preocupa para que el paciente que requiera una internaci\u00f3n de mayor jerarqu\u00eda la pueda tener. Para eso trabajamos en forma articulada entre los sectores p\u00fablicos y privados\u00bb.<\/strong><\/p>\n\n\n\n<p>En ese sentido, Martorano agreg\u00f3:<strong>\u00a0\u00abPens\u00e1bamos que est\u00e1bamos en el pico de enfermedad. Ayer tuvimos 2.600 casos. Suponemos que estos ser\u00e1n los n\u00fameros m\u00e1s altos. Quiz\u00e1s lleguemos a tres mil. Pensamos que para diciembre podr\u00edamos ingresar en la meseta y comenzar a descender. Es una enfermedad nueva y el comportamiento del virus suele cambiar. Las pr\u00f3ximas seis semanas ser\u00e1n complicadas\u00bb.<\/strong><\/p>\n","protected":false},"excerpt":{"rendered":"<p>La ministra de Salud desaprob\u00f3 la habilitaci\u00f3n de playas, piletas p\u00fablicas y colonias de vacaciones. Adem\u00e1s, dijo que las pr\u00f3ximas seis semanas ser\u00e1n complicadas. \u201cEl epicentro de la\u00a0pandemia\u00a0de coronavirus est\u00e1 en\u00a0Rosario\u00a0y el sur de la provincia\u201d, afirm\u00f3 hoy la ministra de Salud de la\u00a0provincia,\u00a0Sonia Martorano, al evaluar la situaci\u00f3n epidemiol\u00f3gica de la regi\u00f3n, y vaticin\u00f3 <a href=\"https:\/\/armstrongyregion.com.ar\/diario\/martorano-el-epicentro-de-la-pandemia-en-el-pais-esta-en-rosario-y-el-sur-santafesino\/\" title=\"Read more\" >&#8230;<\/a><\/p>\n","protected":false},"author":1,"featured_media":27575,"comment_status":"open","ping_status":"open","sticky":false,"template":"","format":"image","meta":{"_jetpack_memberships_contains_paid_content":false,"footnotes":"","jetpack_publicize_message":"","jetpack_publicize_feature_enabled":true,"jetpack_social_post_already_shared":true,"jetpack_social_options":{"image_generator_settings":{"template":"highway","default_image_id":0,"enabled":false},"version":2}},"categories":[8,1,2,7,3],"tags":[],"class_list":["post-27574","post","type-post","status-publish","format-image","has-post-thumbnail","hentry","category-deliberando","category-diario-armstrong","category-locales","category-politica","category-region","post_format-post-format-image"],"jetpack_publicize_connections":[],"jetpack_featured_media_url":"https:\/\/armstrongyregion.com.ar\/diario\/wp-content\/uploads\/2020\/10\/sonia-martorano.jpg","jetpack_shortlink":"https:\/\/wp.me\/p62QDO-7aK","jetpack_sharing_enabled":true,"amp_enabled":true,"_links":{"self":[{"href":"https:\/\/armstrongyregion.com.ar\/diario\/wp-json\/wp\/v2\/posts\/27574","targetHints":{"allow":["GET"]}}],"collection":[{"href":"https:\/\/armstrongyregion.com.ar\/diario\/wp-json\/wp\/v2\/posts"}],"about":[{"href":"https:\/\/armstrongyregion.com.ar\/diario\/wp-json\/wp\/v2\/types\/post"}],"author":[{"embeddable":true,"href":"https:\/\/armstrongyregion.com.ar\/diario\/wp-json\/wp\/v2\/users\/1"}],"replies":[{"embeddable":true,"href":"https:\/\/armstrongyregion.com.ar\/diario\/wp-json\/wp\/v2\/comments?post=27574"}],"version-history":[{"count":1,"href":"https:\/\/armstrongyregion.com.ar\/diario\/wp-json\/wp\/v2\/posts\/27574\/revisions"}],"predecessor-version":[{"id":27576,"href":"https:\/\/armstrongyregion.com.ar\/diario\/wp-json\/wp\/v2\/posts\/27574\/revisions\/27576"}],"wp:featuredmedia":[{"embeddable":true,"href":"https:\/\/armstrongyregion.com.ar\/diario\/wp-json\/wp\/v2\/media\/27575"}],"wp:attachment":[{"href":"https:\/\/armstrongyregion.com.ar\/diario\/wp-json\/wp\/v2\/media?parent=27574"}],"wp:term":[{"taxonomy":"category","embeddable":true,"href":"https:\/\/armstrongyregion.com.ar\/diario\/wp-json\/wp\/v2\/categories?post=27574"},{"taxonomy":"post_tag","embeddable":true,"href":"https:\/\/armstrongyregion.com.ar\/diario\/wp-json\/wp\/v2\/tags?post=27574"}],"curies":[{"name":"wp","href":"https:\/\/api.w.org\/{rel}","templated":true}]}}