{"id":2756,"date":"2015-06-23T20:28:49","date_gmt":"2015-06-23T20:28:49","guid":{"rendered":"https:\/\/armstrongyregion.com.ar\/diario\/?p=2756"},"modified":"2015-06-23T20:28:49","modified_gmt":"2015-06-23T20:28:49","slug":"canada-de-gomez-incendio-en-el-area-industrial","status":"publish","type":"post","link":"https:\/\/armstrongyregion.com.ar\/diario\/canada-de-gomez-incendio-en-el-area-industrial\/","title":{"rendered":"Ca\u00f1ada de G\u00f3mez. Incendio en el Area Industrial."},"content":{"rendered":"<p><a href=\"http:\/\/armstrongyregion.com.ar\/diario\/wp-content\/uploads\/2015\/06\/IMG-20150623-WA0006-1.jpg\"><img loading=\"lazy\" decoding=\"async\" class=\"alignnone size-medium wp-image-2757\" src=\"http:\/\/armstrongyregion.com.ar\/diario\/wp-content\/uploads\/2015\/06\/IMG-20150623-WA0006-1-300x208.jpg\" alt=\"incendio en Ca\u00f1ada\" width=\"300\" height=\"208\" srcset=\"https:\/\/armstrongyregion.com.ar\/diario\/wp-content\/uploads\/2015\/06\/IMG-20150623-WA0006-1-300x208.jpg 300w, https:\/\/armstrongyregion.com.ar\/diario\/wp-content\/uploads\/2015\/06\/IMG-20150623-WA0006-1.jpg 768w\" sizes=\"auto, (max-width: 300px) 100vw, 300px\" \/><\/a>Se produjo en un galp\u00f3n perteneciente a la empresa Perfiles Revestidos. El fuego se origin\u00f3 mientras se realizaban tareas de mantenimiento, y en el lugar trabajan Bomberos de la ciudad y varias localidades vecinas.<br \/>\nEl incendio en la planta de Atennea, de la empresa Perfiles Revestidos, comenz\u00f3 mientras se realizaban tareas de soldadura del galp\u00f3n que la firma posee en el \u00e1rea industrial, una estructura de 300 m2.<br \/>\nAl lugar se dirigieron dotaciones de Bomberos de Ca\u00f1ada de G\u00f3mez, Las Rosas Carcara\u00f1\u00e1, Correa, Bustinza, Villa Elo\u00edsa y Las Parejas, que luego de una ardua tarea circunscribieron el fuego, aunque a media ma\u00f1ana segu\u00edan trabajando en el lugar.<br \/>\nFuente, Otro dia.com<\/p>\n","protected":false},"excerpt":{"rendered":"<p>Se produjo en un galp\u00f3n perteneciente a la empresa Perfiles Revestidos. El fuego se origin\u00f3 mientras se realizaban tareas de mantenimiento, y en el lugar trabajan Bomberos de la ciudad y varias localidades vecinas. El incendio en la planta de Atennea, de la empresa Perfiles Revestidos, comenz\u00f3 mientras se realizaban tareas de soldadura del galp\u00f3n <a href=\"https:\/\/armstrongyregion.com.ar\/diario\/canada-de-gomez-incendio-en-el-area-industrial\/\" title=\"Read more\" >&#8230;<\/a><\/p>\n","protected":false},"author":2,"featured_media":2757,"comment_status":"open","ping_status":"open","sticky":false,"template":"","format":"standard","meta":{"_jetpack_memberships_contains_paid_content":false,"footnotes":"","jetpack_publicize_message":"","jetpack_publicize_feature_enabled":true,"jetpack_social_post_already_shared":false,"jetpack_social_options":{"image_generator_settings":{"template":"highway","default_image_id":0,"enabled":false},"version":2}},"categories":[1,3],"tags":[903,163,19,16,15,164,449,22],"class_list":["post-2756","post","type-post","status-publish","format-standard","has-post-thumbnail","hentry","category-diario-armstrong","category-region","tag-area","tag-canada","tag-de","tag-el","tag-en","tag-gomez","tag-incendio","tag-industrial"],"jetpack_publicize_connections":[],"jetpack_featured_media_url":"https:\/\/armstrongyregion.com.ar\/diario\/wp-content\/uploads\/2015\/06\/IMG-20150623-WA0006-1.jpg","jetpack_shortlink":"https:\/\/wp.me\/p62QDO-Is","jetpack_sharing_enabled":true,"amp_enabled":true,"_links":{"self":[{"href":"https:\/\/armstrongyregion.com.ar\/diario\/wp-json\/wp\/v2\/posts\/2756","targetHints":{"allow":["GET"]}}],"collection":[{"href":"https:\/\/armstrongyregion.com.ar\/diario\/wp-json\/wp\/v2\/posts"}],"about":[{"href":"https:\/\/armstrongyregion.com.ar\/diario\/wp-json\/wp\/v2\/types\/post"}],"author":[{"embeddable":true,"href":"https:\/\/armstrongyregion.com.ar\/diario\/wp-json\/wp\/v2\/users\/2"}],"replies":[{"embeddable":true,"href":"https:\/\/armstrongyregion.com.ar\/diario\/wp-json\/wp\/v2\/comments?post=2756"}],"version-history":[{"count":0,"href":"https:\/\/armstrongyregion.com.ar\/diario\/wp-json\/wp\/v2\/posts\/2756\/revisions"}],"wp:featuredmedia":[{"embeddable":true,"href":"https:\/\/armstrongyregion.com.ar\/diario\/wp-json\/wp\/v2\/media\/2757"}],"wp:attachment":[{"href":"https:\/\/armstrongyregion.com.ar\/diario\/wp-json\/wp\/v2\/media?parent=2756"}],"wp:term":[{"taxonomy":"category","embeddable":true,"href":"https:\/\/armstrongyregion.com.ar\/diario\/wp-json\/wp\/v2\/categories?post=2756"},{"taxonomy":"post_tag","embeddable":true,"href":"https:\/\/armstrongyregion.com.ar\/diario\/wp-json\/wp\/v2\/tags?post=2756"}],"curies":[{"name":"wp","href":"https:\/\/api.w.org\/{rel}","templated":true}]}}