{"id":27552,"date":"2020-10-14T14:53:03","date_gmt":"2020-10-14T14:53:03","guid":{"rendered":"https:\/\/armstrongyregion.com.ar\/diario\/?p=27552"},"modified":"2020-10-14T14:53:07","modified_gmt":"2020-10-14T14:53:07","slug":"la-provincia-mantuvo-un-nuevo-encuentro-paritario-con-los-gremios-docentes","status":"publish","type":"post","link":"https:\/\/armstrongyregion.com.ar\/diario\/la-provincia-mantuvo-un-nuevo-encuentro-paritario-con-los-gremios-docentes\/","title":{"rendered":"La provincia mantuvo un nuevo encuentro paritario con los gremios docentes."},"content":{"rendered":"\n<figure class=\"wp-block-image size-large\"><img loading=\"lazy\" decoding=\"async\" width=\"810\" height=\"540\" src=\"http:\/\/armstrongyregion.com.ar\/diario\/wp-content\/uploads\/2020\/10\/unnamed-35.jpg\" alt=\"\" class=\"wp-image-27553\" srcset=\"https:\/\/armstrongyregion.com.ar\/diario\/wp-content\/uploads\/2020\/10\/unnamed-35.jpg 810w, https:\/\/armstrongyregion.com.ar\/diario\/wp-content\/uploads\/2020\/10\/unnamed-35-300x200.jpg 300w, https:\/\/armstrongyregion.com.ar\/diario\/wp-content\/uploads\/2020\/10\/unnamed-35-768x512.jpg 768w\" sizes=\"auto, (max-width: 810px) 100vw, 810px\" \/><\/figure>\n\n\n\n<h2 class=\"wp-block-heading\"> Se avanz\u00f3 en la organizaci\u00f3n de un plan pedag\u00f3gico para el ciclo restante 2020 y la articulaci\u00f3n con el ciclo lectivo 2021 y los formatos escolares en tiempo de pandemia. <\/h2>\n\n\n\n<p>\n\nLa ministra de Educaci\u00f3n de la provincia, Adriana Cantero, mantuvo un nuevo encuentro con la totalidad de los sindicatos docentes, dando continuidad a los temas planteados en el acta de la paritaria del sector.<\/p>\n\n\n\n<p>En la reuni\u00f3n se trabaj\u00f3 en los criterios que el Ministerio de Educaci\u00f3n est\u00e1 pensando para la organizaci\u00f3n de un plan pedag\u00f3gico para el ciclo restante 2020, la articulaci\u00f3n con el ciclo lectivo 2021 y los formatos escolares que habilitan modos de trabajo, tanto en la presencialidad como en la no presencialidad en un sistema educativo que se ha redefinido en tiempos de pandemia.<\/p>\n\n\n\n<p>Al respecto, la ministra Cantero manifest\u00f3 que \u201cse compartieron los criterios de organizaci\u00f3n pedag\u00f3gica para esta \u00faltima etapa del ciclo 2020 y las alternativas posibles para la posible vuelta a clases que se enmarca en esas mismas orientaciones\u201d.<\/p>\n\n\n\n<p>\u201cPor ejemplo \u2013continu\u00f3 la ministra\u2013, la organizaci\u00f3n para las 50 escuelas seleccionadas para el retorno a la aulas, as\u00ed como la disposici\u00f3n para el trabajo en la distancia, en el marco de todas las resoluciones federales y las propuestas que se trabajan desde la provincia.<\/p>\n\n\n\n<p><strong>PROCESOS DE CONCURSOS<\/strong><\/p>\n\n\n\n<p>Por otra parte, la titular de la cartera educativa santafesina se refiri\u00f3 al avance del proceso de concursos manifestando que \u201cen el encuentro se trabaj\u00f3 acerca de las titularizaciones progresivas y crecientes que van a iniciarse, en el caso de las escuelas oficiales con la educaci\u00f3n secundaria de un modo in\u00e9dito porque ser\u00e1 de modo online, y en el caso de las escuelas de gesti\u00f3n privada hemos armado un dispositivo de encuentros para construir la convocatoria para un concurso de ascenso a cargos de supervisi\u00f3n\u201d.<\/p>\n\n\n\n<p><strong>FONDOS PARA MEJORAR LAS CONDICIONES<\/strong><\/p>\n\n\n\n<p>Cantero se\u00f1al\u00f3 que se realiz\u00f3 una enumeraci\u00f3n exhaustiva de todos los fondos nacionales y provinciales que se est\u00e1n invirtiendo para poner en condiciones a todos los establecimientos educativos para la escuela post pandemia.<\/p>\n\n\n\n<p>En referencia a ello, la ministra confirm\u00f3 \u201cque primeramente las delegaciones regionales y desde esta semana las escuelas est\u00e1n recibiendo las partidas provinciales provenientes de los fondos Covid\u201d.<\/p>\n\n\n\n<p><strong>PRESENTES<\/strong><\/p>\n\n\n\n<p>Del encuentro paritario participaron, que se realiz\u00f3 por videoconferencia, los secretarios de Trabajo, Juan Manuel Pusineri; de Educaci\u00f3n, V\u00edctor Debloc; de Gesti\u00f3n Territorial Educativa, Rosario Cristiani; y de Administraci\u00f3n, Cristian Kuverling; el director provincial de Educaci\u00f3n Privada, Rodolfo Fabucci; y representantes de los gremios Amsafe, Sadop Santa Fe y Rosario, UDA y Amet.<\/p>\n","protected":false},"excerpt":{"rendered":"<p>Se avanz\u00f3 en la organizaci\u00f3n de un plan pedag\u00f3gico para el ciclo restante 2020 y la articulaci\u00f3n con el ciclo lectivo 2021 y los formatos escolares en tiempo de pandemia. La ministra de Educaci\u00f3n de la provincia, Adriana Cantero, mantuvo un nuevo encuentro con la totalidad de los sindicatos docentes, dando continuidad a los temas <a href=\"https:\/\/armstrongyregion.com.ar\/diario\/la-provincia-mantuvo-un-nuevo-encuentro-paritario-con-los-gremios-docentes\/\" title=\"Read more\" >&#8230;<\/a><\/p>\n","protected":false},"author":1,"featured_media":27553,"comment_status":"open","ping_status":"open","sticky":false,"template":"","format":"image","meta":{"_jetpack_memberships_contains_paid_content":false,"footnotes":"","jetpack_publicize_message":"","jetpack_publicize_feature_enabled":true,"jetpack_social_post_already_shared":true,"jetpack_social_options":{"image_generator_settings":{"template":"highway","default_image_id":0,"enabled":false},"version":2}},"categories":[8,1,2,7,3],"tags":[],"class_list":["post-27552","post","type-post","status-publish","format-image","has-post-thumbnail","hentry","category-deliberando","category-diario-armstrong","category-locales","category-politica","category-region","post_format-post-format-image"],"jetpack_publicize_connections":[],"jetpack_featured_media_url":"https:\/\/armstrongyregion.com.ar\/diario\/wp-content\/uploads\/2020\/10\/unnamed-35.jpg","jetpack_shortlink":"https:\/\/wp.me\/p62QDO-7ao","jetpack_sharing_enabled":true,"amp_enabled":true,"_links":{"self":[{"href":"https:\/\/armstrongyregion.com.ar\/diario\/wp-json\/wp\/v2\/posts\/27552","targetHints":{"allow":["GET"]}}],"collection":[{"href":"https:\/\/armstrongyregion.com.ar\/diario\/wp-json\/wp\/v2\/posts"}],"about":[{"href":"https:\/\/armstrongyregion.com.ar\/diario\/wp-json\/wp\/v2\/types\/post"}],"author":[{"embeddable":true,"href":"https:\/\/armstrongyregion.com.ar\/diario\/wp-json\/wp\/v2\/users\/1"}],"replies":[{"embeddable":true,"href":"https:\/\/armstrongyregion.com.ar\/diario\/wp-json\/wp\/v2\/comments?post=27552"}],"version-history":[{"count":1,"href":"https:\/\/armstrongyregion.com.ar\/diario\/wp-json\/wp\/v2\/posts\/27552\/revisions"}],"predecessor-version":[{"id":27554,"href":"https:\/\/armstrongyregion.com.ar\/diario\/wp-json\/wp\/v2\/posts\/27552\/revisions\/27554"}],"wp:featuredmedia":[{"embeddable":true,"href":"https:\/\/armstrongyregion.com.ar\/diario\/wp-json\/wp\/v2\/media\/27553"}],"wp:attachment":[{"href":"https:\/\/armstrongyregion.com.ar\/diario\/wp-json\/wp\/v2\/media?parent=27552"}],"wp:term":[{"taxonomy":"category","embeddable":true,"href":"https:\/\/armstrongyregion.com.ar\/diario\/wp-json\/wp\/v2\/categories?post=27552"},{"taxonomy":"post_tag","embeddable":true,"href":"https:\/\/armstrongyregion.com.ar\/diario\/wp-json\/wp\/v2\/tags?post=27552"}],"curies":[{"name":"wp","href":"https:\/\/api.w.org\/{rel}","templated":true}]}}