{"id":27495,"date":"2020-10-10T00:08:10","date_gmt":"2020-10-10T00:08:10","guid":{"rendered":"https:\/\/armstrongyregion.com.ar\/diario\/?p=27495"},"modified":"2020-10-10T00:08:12","modified_gmt":"2020-10-10T00:08:12","slug":"situacion-epidemiologica-de-la-provincia-de-santa-fe-en-relacion-al-coronavirus-20","status":"publish","type":"post","link":"https:\/\/armstrongyregion.com.ar\/diario\/situacion-epidemiologica-de-la-provincia-de-santa-fe-en-relacion-al-coronavirus-20\/","title":{"rendered":"Situaci\u00f3n epidemiol\u00f3gica de la provincia de Santa Fe en relaci\u00f3n al coronavirus."},"content":{"rendered":"\n<figure class=\"wp-block-image size-large\"><img loading=\"lazy\" decoding=\"async\" width=\"768\" height=\"402\" src=\"http:\/\/armstrongyregion.com.ar\/diario\/wp-content\/uploads\/2020\/03\/coronavirus-graphic-web-feature_1.jpg\" alt=\"\" class=\"wp-image-25112\" srcset=\"https:\/\/armstrongyregion.com.ar\/diario\/wp-content\/uploads\/2020\/03\/coronavirus-graphic-web-feature_1.jpg 768w, https:\/\/armstrongyregion.com.ar\/diario\/wp-content\/uploads\/2020\/03\/coronavirus-graphic-web-feature_1-300x157.jpg 300w\" sizes=\"auto, (max-width: 768px) 100vw, 768px\" \/><\/figure>\n\n\n\n<h2 class=\"wp-block-heading\"> Informe actualizado al viernes 9 de octubre a las 19hs. <\/h2>\n\n\n\n<p>\n\nEl Ministerio de Salud de Santa Fe, a trav\u00e9s de la Direcci\u00f3n Provincial de Epidemiolog\u00eda, informa a la poblaci\u00f3n que en el d\u00eda de la fecha&nbsp;<strong>se han confirmado 2.182 casos nuevos de COVID-19<\/strong>, en el territorio provincial.<\/p>\n\n\n\n<p><strong>Casos nuevos confirmados por localidades:<\/strong><\/p>\n\n\n\n<ul class=\"wp-block-list\"><li>1011 de ROSARIO<\/li><li>181 de SANTA FE<\/li><li>110 de VENADO TUERTO<\/li><li>79 de VILLA GOBERNADOR GALVEZ<\/li><li>57 de RAFAELA<\/li><li>42 de VILLA CONSTITUCION (3 casos notificados en otra jurisdicci\u00f3n)<\/li><li>38 de GRANADERO BAIGORRIA<\/li><li>36 de ESPERANZA<\/li><li>36 de SAN LORENZO<\/li><li>30 de PEREZ<\/li><li>28 de PUERTO GENERAL SAN MARTIN<\/li><li>25 de CASILDA<\/li><li>25 de SANTO TOME<\/li><li>24 de CARCARA\u00d1A<\/li><li>23 de CAPITAN BERMUDEZ<\/li><li>23 de CARLOS PELLEGRINI<\/li><li>22 de CA\u00d1ADA DE GOMEZ<\/li><li>19 de FUNES<\/li><li>17 de FRAY LUIS BELTRAN<\/li><li>17 de ROLDAN<\/li><li>15 de MONTES DE OCA<\/li><li>14 de CORONDA<\/li><li>12 de GALVEZ<\/li><li>12 de SAN JORGE<\/li><li>11 de EMPALME VILLA CONSTITUCION (2 casos notificados en otra jurisdicci\u00f3n)<\/li><li>11 de FIRMAT<\/li><li>11 de ZAVALLA<\/li><li>9 de RECREO<\/li><li>8 de ARROYO SECO (1 caso notificado en otra jurisdicci\u00f3n)<\/li><li>8 de MACIEL<\/li><li>8 de MELINCUE<\/li><li>8 de PI\u00d1ERO<\/li><li>8 de RECONQUISTA<\/li><li>7 de ALVAREZ<\/li><li>6 de ARMSTRONG<\/li><li>6 de BIGAND<\/li><li>6 de DESVIO ARIJON<\/li><li>6 de PIAMONTE<\/li><li>6 de SAN CARLOS CENTRO<\/li><li>6 de SAN JOSE DEL RINCON<\/li><li>5 de ALVEAR<\/li><li>5 de BARRANCAS<\/li><li>5 de VILLA CA\u00d1AS<\/li><li>4 de CHABAS<\/li><li>4 de CORONEL BOGADO<\/li><li>4 de ELORTONDO (1 caso notificado en otra jurisdicci\u00f3n)<\/li><li>4 de PAVON<\/li><li>4 de PUEBLO ESTHER<\/li><li>4 de SAN FABIAN<\/li><li>4 de SAN GENARO<\/li><li>4 de SUNCHALES<\/li><li>4 de TEODELINA<\/li><li>4 de TOSTADO<\/li><li>4 de TOTORAS<\/li><li>3 de AMENABAR<\/li><li>3 de AREQUITO<\/li><li>3 de CARRIZALES<\/li><li>3 de EL TREBOL<\/li><li>3 de LAS PAREJAS<\/li><li>3 de MARIA TERESA<\/li><li>3 de MONJE<\/li><li>3 de MONTE VERA<\/li><li>3 de OLIVEROS<\/li><li>3 de SAUCE VIEJO<\/li><li>3 de SOLDINI<\/li><li>3 de VILLA ELOISA<\/li><li>2 de ARROYO LEYES<\/li><li>2 de ARTEAGA<\/li><li>2 de CERES<\/li><li>2 de CHA\u00d1AR LADEADO<\/li><li>2 de CORREA<\/li><li>2 de FRONTERA<\/li><li>2 de HELVECIA<\/li><li>2 de IBARLUCEA<\/li><li>2 de LAGUNA PAIVA<\/li><li>2 de LAS ROSAS<\/li><li>2 de LOS QUIRQUINCHOS<\/li><li>2 de MAXIMO PAZ<\/li><li>2 de PUJATO<\/li><li>2 de RICARDONE<\/li><li>2 de SANTA ISABEL<\/li><li>2 de WHEELWRIGHT<\/li><li>1 de ACEBAL<\/li><li>1 de ALCORTA<\/li><li>1 de ANGEL GALLARDO<\/li><li>1 de AVELLANEDA<\/li><li>1 de BOUQUET<\/li><li>1 de CEPEDA<\/li><li>1 de CORONEL ARNOLD<\/li><li>1 de CORONEL RODOLFO S. DOMINGUEZ<\/li><li>1 de FIGHIERA<\/li><li>1 de GABOTO<\/li><li>1 de GENERAL LAGOS (notificado en otra jurisdicci\u00f3n)<\/li><li>1 de GODEKEN<\/li><li>1 de HUMBERTO PRIMO<\/li><li>1 de HUMBOLDT<\/li><li>1 de JOSEFINA<\/li><li>1 de LA GALLARETA<\/li><li>1 de LEHMANN<\/li><li>1 de MURPHY<\/li><li>1 de PEYRANO<\/li><li>1 de PUEBLO ANDINO<\/li><li>1 de SAN FRANCISCO DE SANTA FE<\/li><li>1 de SAN JOSE DE LA ESQUINA<\/li><li>1 de SAN JUSTO<\/li><li>1 de SANCTI SPIRITU<\/li><li>1 de SANFORD<\/li><li>1 de SERODINO<\/li><li>1 de SOLEDAD<\/li><li>1 de TACURAL<\/li><li>1 de THEOBALD<\/li><li>1 de TIMBUES<\/li><li>1 de VILLA ANA<\/li><li>1 de VILLA GUILLERMINA<\/li><li>1 de VILLA OCAMPO<\/li><li>1 de VILLA TRINIDAD<\/li><\/ul>\n\n\n\n<p><strong>Casos totales confirmados<\/strong><\/p>\n\n\n\n<p>El total de casos desde el comienzo de la pandemia a la fecha es&nbsp;<strong>59.307<\/strong>, de los cuales 5.170 casos fueron confirmados por criterio cl\u00ednico-epidemiol\u00f3gico y 54.137 por laboratorio.<\/p>\n\n\n\n<p><strong>Fallecidos<\/strong><\/p>\n\n\n\n<p>En el d\u00eda de la fecha se informa el fallecimiento de veintiuno (21) personas con COVID-19:<\/p>\n\n\n\n<p>-12 pacientes (67 a\u00f1os, 69 a\u00f1os, 72 a\u00f1os, 73 a\u00f1os, 74 a\u00f1os, 82 a\u00f1os, 84 a\u00f1os, 86 a\u00f1os, 87 a\u00f1os, 93 a\u00f1os, 95 a\u00f1os, 99 a\u00f1os) con residencia en la localidad de Rosario.<\/p>\n\n\n\n<p>-6 pacientes (50 a\u00f1os, 65 a\u00f1os, 2 de 78 a\u00f1os, 91 a\u00f1os, 95 a\u00f1os) con residencia en la localidad de Santa Fe.<\/p>\n\n\n\n<p>-1 paciente (81 a\u00f1os) con residencia en la localidad de Casilda.<\/p>\n\n\n\n<p>-1 paciente (65 a\u00f1os) con residencia en la localidad de Villa Constituci\u00f3n.<\/p>\n\n\n\n<p>-1 paciente (75 a\u00f1os) con residencia en la localidad de El Tr\u00e9bol.<\/p>\n\n\n\n<p>Hasta la fecha se registran un total de seiscientos diecinueve (619) fallecidos en la provincia.<\/p>\n\n\n\n<p><strong>Recuperados<\/strong><\/p>\n\n\n\n<p>Hay un total de 44.835 pacientes recuperados.<\/p>\n\n\n\n<p><strong>Activos<\/strong><\/p>\n\n\n\n<p>Hay un total de 13.853 pacientes activos.<\/p>\n\n\n\n<p><strong>Notificaciones<\/strong><\/p>\n\n\n\n<p>En la provincia se registraron 114.019 notificaciones de las cuales 47.093 fueron descartadas.<\/p>\n","protected":false},"excerpt":{"rendered":"<p>Informe actualizado al viernes 9 de octubre a las 19hs. El Ministerio de Salud de Santa Fe, a trav\u00e9s de la Direcci\u00f3n Provincial de Epidemiolog\u00eda, informa a la poblaci\u00f3n que en el d\u00eda de la fecha&nbsp;se han confirmado 2.182 casos nuevos de COVID-19, en el territorio provincial. Casos nuevos confirmados por localidades: 1011 de ROSARIO <a href=\"https:\/\/armstrongyregion.com.ar\/diario\/situacion-epidemiologica-de-la-provincia-de-santa-fe-en-relacion-al-coronavirus-20\/\" title=\"Read more\" >&#8230;<\/a><\/p>\n","protected":false},"author":1,"featured_media":25112,"comment_status":"open","ping_status":"open","sticky":false,"template":"","format":"image","meta":{"_jetpack_memberships_contains_paid_content":false,"footnotes":"","jetpack_publicize_message":"","jetpack_publicize_feature_enabled":true,"jetpack_social_post_already_shared":true,"jetpack_social_options":{"image_generator_settings":{"template":"highway","default_image_id":0,"enabled":false},"version":2}},"categories":[8,1,2,4,3],"tags":[],"class_list":["post-27495","post","type-post","status-publish","format-image","has-post-thumbnail","hentry","category-deliberando","category-diario-armstrong","category-locales","category-prevencion-salud","category-region","post_format-post-format-image"],"jetpack_publicize_connections":[],"jetpack_featured_media_url":"https:\/\/armstrongyregion.com.ar\/diario\/wp-content\/uploads\/2020\/03\/coronavirus-graphic-web-feature_1.jpg","jetpack_shortlink":"https:\/\/wp.me\/p62QDO-79t","jetpack_sharing_enabled":true,"amp_enabled":true,"_links":{"self":[{"href":"https:\/\/armstrongyregion.com.ar\/diario\/wp-json\/wp\/v2\/posts\/27495","targetHints":{"allow":["GET"]}}],"collection":[{"href":"https:\/\/armstrongyregion.com.ar\/diario\/wp-json\/wp\/v2\/posts"}],"about":[{"href":"https:\/\/armstrongyregion.com.ar\/diario\/wp-json\/wp\/v2\/types\/post"}],"author":[{"embeddable":true,"href":"https:\/\/armstrongyregion.com.ar\/diario\/wp-json\/wp\/v2\/users\/1"}],"replies":[{"embeddable":true,"href":"https:\/\/armstrongyregion.com.ar\/diario\/wp-json\/wp\/v2\/comments?post=27495"}],"version-history":[{"count":1,"href":"https:\/\/armstrongyregion.com.ar\/diario\/wp-json\/wp\/v2\/posts\/27495\/revisions"}],"predecessor-version":[{"id":27496,"href":"https:\/\/armstrongyregion.com.ar\/diario\/wp-json\/wp\/v2\/posts\/27495\/revisions\/27496"}],"wp:featuredmedia":[{"embeddable":true,"href":"https:\/\/armstrongyregion.com.ar\/diario\/wp-json\/wp\/v2\/media\/25112"}],"wp:attachment":[{"href":"https:\/\/armstrongyregion.com.ar\/diario\/wp-json\/wp\/v2\/media?parent=27495"}],"wp:term":[{"taxonomy":"category","embeddable":true,"href":"https:\/\/armstrongyregion.com.ar\/diario\/wp-json\/wp\/v2\/categories?post=27495"},{"taxonomy":"post_tag","embeddable":true,"href":"https:\/\/armstrongyregion.com.ar\/diario\/wp-json\/wp\/v2\/tags?post=27495"}],"curies":[{"name":"wp","href":"https:\/\/api.w.org\/{rel}","templated":true}]}}