{"id":27492,"date":"2020-10-10T00:01:27","date_gmt":"2020-10-10T00:01:27","guid":{"rendered":"https:\/\/armstrongyregion.com.ar\/diario\/?p=27492"},"modified":"2020-10-10T00:01:31","modified_gmt":"2020-10-10T00:01:31","slug":"la-camara-de-senadores-aprobo-tres-proyectos-de-cornaglia","status":"publish","type":"post","link":"https:\/\/armstrongyregion.com.ar\/diario\/la-camara-de-senadores-aprobo-tres-proyectos-de-cornaglia\/","title":{"rendered":"La C\u00e1mara de Senadores aprob\u00f3 tres proyectos de Cornaglia."},"content":{"rendered":"\n<figure class=\"wp-block-image size-large\"><img loading=\"lazy\" decoding=\"async\" width=\"960\" height=\"504\" src=\"http:\/\/armstrongyregion.com.ar\/diario\/wp-content\/uploads\/2020\/10\/GC-2020-10-09-Fb-Cornaglia.jpg\" alt=\"\" class=\"wp-image-27493\" srcset=\"https:\/\/armstrongyregion.com.ar\/diario\/wp-content\/uploads\/2020\/10\/GC-2020-10-09-Fb-Cornaglia.jpg 960w, https:\/\/armstrongyregion.com.ar\/diario\/wp-content\/uploads\/2020\/10\/GC-2020-10-09-Fb-Cornaglia-300x158.jpg 300w, https:\/\/armstrongyregion.com.ar\/diario\/wp-content\/uploads\/2020\/10\/GC-2020-10-09-Fb-Cornaglia-768x403.jpg 768w\" sizes=\"auto, (max-width: 960px) 100vw, 960px\" \/><\/figure>\n\n\n\n<h2 class=\"wp-block-heading\"><strong>En los mismos, se solicita al gobierno provincial la evaluaci\u00f3n del retorno a clases presenciales para los \u00faltimos a\u00f1os de cada nivel educativo, la utilizaci\u00f3n de Ivermectina en el tratamiento de pacientes con covid-19 y la implementaci\u00f3n de la ley que crea el Juzgado en Las Rosas.<\/strong><\/h2>\n\n\n\n<p>El senador provincial Guillermo Cornaglia solicit\u00f3 al Poder Ejecutivo que analice la posibilidad de que las y los estudiantes que se encuentran cursando su \u00faltimo a\u00f1o de ense\u00f1anza secundaria puedan regresar a la semipresencialidad de las clases de manera prioritaria, cuando las condiciones epidemiol\u00f3gicas lo permitan, pudiendo tomar clases en espacios abiertos, con cierta periodicidad o en turnos de cantidad reducida de alumnos.<\/p>\n\n\n\n<p>\u201cLo que se pretende en este proyecto es expresar la preocupaci\u00f3n ante la incertidumbre de la apertura de las instituciones educativas en este a\u00f1o escolar y atender al trayecto educativo de los y las estudiantes, as\u00ed como a las habilidades emocionales y cognitivas que permite el intercambio humano, las interacciones sociales y que se ve limitado por la virtualidad\u201d, manifest\u00f3 Cornaglia.<\/p>\n\n\n\n<p>El legislador por el departamento Belgrano pidi\u00f3 tambi\u00e9n al Gobierno de Santa Fe que, a trav\u00e9s del Ministerio de Salud y con intervenci\u00f3n del Comit\u00e9 de Expertos, eval\u00fae la conveniencia de la incorporaci\u00f3n de la Ivermectina a las pr\u00e1cticas aplicables en el marco de los protocolos de tratamiento de la enfermedad COVID-19 en nuestra provincia. \u201cEsta pandemia solo se la podr\u00e1 doblegar si se encara la batalla contra el virus con una bater\u00eda completa de asistencia terap\u00e9uticas, vacunas y el acompa\u00f1amiento de los avances cient\u00edficos\u201d, expuso.<\/p>\n\n\n\n<p>Por \u00faltimo, Cornaglia solicit\u00f3 a la Provincia que proceda a implementar de manera inmediata un Juzgado de Familia y un Juzgado en lo Penal de Instrucci\u00f3n y Correccional, creados en la ley 13.834 en el Distrito Judicial N\u00b0 23, con asiento en Las Rosas, departamento Belgrano. \u201cLa comunidad viene reclamando la presencia de nuevos juzgados para hacer frente a todo un mapa de litigiosidad que tiene la regi\u00f3n y que, no dudamos, dar\u00e1n agilidad a las distintas causas en proceso\u201d, concluy\u00f3.<\/p>\n","protected":false},"excerpt":{"rendered":"<p>En los mismos, se solicita al gobierno provincial la evaluaci\u00f3n del retorno a clases presenciales para los \u00faltimos a\u00f1os de cada nivel educativo, la utilizaci\u00f3n de Ivermectina en el tratamiento de pacientes con covid-19 y la implementaci\u00f3n de la ley que crea el Juzgado en Las Rosas. El senador provincial Guillermo Cornaglia solicit\u00f3 al Poder <a href=\"https:\/\/armstrongyregion.com.ar\/diario\/la-camara-de-senadores-aprobo-tres-proyectos-de-cornaglia\/\" title=\"Read more\" >&#8230;<\/a><\/p>\n","protected":false},"author":1,"featured_media":27493,"comment_status":"open","ping_status":"open","sticky":false,"template":"","format":"image","meta":{"_jetpack_memberships_contains_paid_content":false,"footnotes":"","jetpack_publicize_message":"","jetpack_publicize_feature_enabled":true,"jetpack_social_post_already_shared":true,"jetpack_social_options":{"image_generator_settings":{"template":"highway","default_image_id":0,"enabled":false},"version":2}},"categories":[8,1,2,7,3],"tags":[],"class_list":["post-27492","post","type-post","status-publish","format-image","has-post-thumbnail","hentry","category-deliberando","category-diario-armstrong","category-locales","category-politica","category-region","post_format-post-format-image"],"jetpack_publicize_connections":[],"jetpack_featured_media_url":"https:\/\/armstrongyregion.com.ar\/diario\/wp-content\/uploads\/2020\/10\/GC-2020-10-09-Fb-Cornaglia.jpg","jetpack_shortlink":"https:\/\/wp.me\/p62QDO-79q","jetpack_sharing_enabled":true,"amp_enabled":true,"_links":{"self":[{"href":"https:\/\/armstrongyregion.com.ar\/diario\/wp-json\/wp\/v2\/posts\/27492","targetHints":{"allow":["GET"]}}],"collection":[{"href":"https:\/\/armstrongyregion.com.ar\/diario\/wp-json\/wp\/v2\/posts"}],"about":[{"href":"https:\/\/armstrongyregion.com.ar\/diario\/wp-json\/wp\/v2\/types\/post"}],"author":[{"embeddable":true,"href":"https:\/\/armstrongyregion.com.ar\/diario\/wp-json\/wp\/v2\/users\/1"}],"replies":[{"embeddable":true,"href":"https:\/\/armstrongyregion.com.ar\/diario\/wp-json\/wp\/v2\/comments?post=27492"}],"version-history":[{"count":1,"href":"https:\/\/armstrongyregion.com.ar\/diario\/wp-json\/wp\/v2\/posts\/27492\/revisions"}],"predecessor-version":[{"id":27494,"href":"https:\/\/armstrongyregion.com.ar\/diario\/wp-json\/wp\/v2\/posts\/27492\/revisions\/27494"}],"wp:featuredmedia":[{"embeddable":true,"href":"https:\/\/armstrongyregion.com.ar\/diario\/wp-json\/wp\/v2\/media\/27493"}],"wp:attachment":[{"href":"https:\/\/armstrongyregion.com.ar\/diario\/wp-json\/wp\/v2\/media?parent=27492"}],"wp:term":[{"taxonomy":"category","embeddable":true,"href":"https:\/\/armstrongyregion.com.ar\/diario\/wp-json\/wp\/v2\/categories?post=27492"},{"taxonomy":"post_tag","embeddable":true,"href":"https:\/\/armstrongyregion.com.ar\/diario\/wp-json\/wp\/v2\/tags?post=27492"}],"curies":[{"name":"wp","href":"https:\/\/api.w.org\/{rel}","templated":true}]}}