{"id":27486,"date":"2020-10-09T14:50:48","date_gmt":"2020-10-09T14:50:48","guid":{"rendered":"https:\/\/armstrongyregion.com.ar\/diario\/?p=27486"},"modified":"2020-10-09T14:50:52","modified_gmt":"2020-10-09T14:50:52","slug":"diputados-dio-media-sancion-al-proyecto-de-educacion-sexual-integral","status":"publish","type":"post","link":"https:\/\/armstrongyregion.com.ar\/diario\/diputados-dio-media-sancion-al-proyecto-de-educacion-sexual-integral\/","title":{"rendered":"Diputados dio media sanci\u00f3n al proyecto de Educaci\u00f3n Sexual Integral."},"content":{"rendered":"\n<figure class=\"wp-block-image size-large\"><img loading=\"lazy\" decoding=\"async\" width=\"800\" height=\"450\" src=\"http:\/\/armstrongyregion.com.ar\/diario\/wp-content\/uploads\/2020\/10\/legislatura_1.jpg_1756841869.jpg\" alt=\"\" class=\"wp-image-27487\" srcset=\"https:\/\/armstrongyregion.com.ar\/diario\/wp-content\/uploads\/2020\/10\/legislatura_1.jpg_1756841869.jpg 800w, https:\/\/armstrongyregion.com.ar\/diario\/wp-content\/uploads\/2020\/10\/legislatura_1.jpg_1756841869-300x169.jpg 300w, https:\/\/armstrongyregion.com.ar\/diario\/wp-content\/uploads\/2020\/10\/legislatura_1.jpg_1756841869-768x432.jpg 768w\" sizes=\"auto, (max-width: 800px) 100vw, 800px\" \/><\/figure>\n\n\n\n<h2 class=\"wp-block-heading\"> La iniciativa sali\u00f3 de la c\u00e1mara Baja santafesina con 37 votos a favor y 8 en contra. Ahora el debate seguir\u00e1 en el Senado provincial.<\/h2>\n\n\n\n<p> El proyecto de la ley de\u00a0<strong>Educaci\u00f3n Sexual Integral (ESI)\u00a0<\/strong>obtuvo este jueves\u00a0<strong>media sanci\u00f3n<\/strong>\u00a0en la C\u00e1mara de Diputados de Santa Fe, donde se registraron\u00a0<strong>37 votos a favor y 8 en contra<\/strong>. La iniciativa ahora pas\u00f3 al Senado provincial.\u00a0 <\/p>\n\n\n\n<p>La implementaci\u00f3n de la ESI, seg\u00fan el proyecto, estar\u00e1 a cargo de una autoridad de aplicaci\u00f3n nueva, que es la Direcci\u00f3n Provincial de Educaci\u00f3n Sexual Integral. Adem\u00e1s, se crear\u00e1 por ley el Programa Provincial de Educaci\u00f3n Sexual Integral.<\/p>\n\n\n\n<p>De acuerdo a la informaci\u00f3n publicada por\u00a0<em>Aire de Santa Fe<\/em>, los espacios deber\u00e1n trabajar los contenidos curriculares asegurando la transversalidad e interdisciplinariedad, y evitando caer en limitaciones propuestas por el llamado \u00abideario institucional\u00bb.<\/p>\n\n\n\n<p>La iniciativa de la ESI fue presentada por la diputada del bloque Socialista Gisel Mahmud y luego se le sumaron dos proyectos planteados por el bloque Igualdad y Participaci\u00f3n y el bloque Justicialista.<\/p>\n\n\n\n<p>Para garantizar el cumplimiento de la ESI se deber\u00e1 promover el involucramiento y articulaci\u00f3n con las familias, los efectores de salud, gobiernos locales y organizaciones sociales. La autoridad de aplicaci\u00f3n a su vez tendr\u00e1 que hacer un informe anual sobre la aplicaci\u00f3n del programa.<\/p>\n\n\n\n<p><\/p>\n","protected":false},"excerpt":{"rendered":"<p>La iniciativa sali\u00f3 de la c\u00e1mara Baja santafesina con 37 votos a favor y 8 en contra. Ahora el debate seguir\u00e1 en el Senado provincial. El proyecto de la ley de\u00a0Educaci\u00f3n Sexual Integral (ESI)\u00a0obtuvo este jueves\u00a0media sanci\u00f3n\u00a0en la C\u00e1mara de Diputados de Santa Fe, donde se registraron\u00a037 votos a favor y 8 en contra. La <a href=\"https:\/\/armstrongyregion.com.ar\/diario\/diputados-dio-media-sancion-al-proyecto-de-educacion-sexual-integral\/\" title=\"Read more\" >&#8230;<\/a><\/p>\n","protected":false},"author":1,"featured_media":27487,"comment_status":"open","ping_status":"open","sticky":false,"template":"","format":"image","meta":{"_jetpack_memberships_contains_paid_content":false,"footnotes":"","jetpack_publicize_message":"","jetpack_publicize_feature_enabled":true,"jetpack_social_post_already_shared":true,"jetpack_social_options":{"image_generator_settings":{"template":"highway","default_image_id":0,"enabled":false},"version":2}},"categories":[8,1,2,7,4,3],"tags":[],"class_list":["post-27486","post","type-post","status-publish","format-image","has-post-thumbnail","hentry","category-deliberando","category-diario-armstrong","category-locales","category-politica","category-prevencion-salud","category-region","post_format-post-format-image"],"jetpack_publicize_connections":[],"jetpack_featured_media_url":"https:\/\/armstrongyregion.com.ar\/diario\/wp-content\/uploads\/2020\/10\/legislatura_1.jpg_1756841869.jpg","jetpack_shortlink":"https:\/\/wp.me\/p62QDO-79k","jetpack_sharing_enabled":true,"amp_enabled":true,"_links":{"self":[{"href":"https:\/\/armstrongyregion.com.ar\/diario\/wp-json\/wp\/v2\/posts\/27486","targetHints":{"allow":["GET"]}}],"collection":[{"href":"https:\/\/armstrongyregion.com.ar\/diario\/wp-json\/wp\/v2\/posts"}],"about":[{"href":"https:\/\/armstrongyregion.com.ar\/diario\/wp-json\/wp\/v2\/types\/post"}],"author":[{"embeddable":true,"href":"https:\/\/armstrongyregion.com.ar\/diario\/wp-json\/wp\/v2\/users\/1"}],"replies":[{"embeddable":true,"href":"https:\/\/armstrongyregion.com.ar\/diario\/wp-json\/wp\/v2\/comments?post=27486"}],"version-history":[{"count":1,"href":"https:\/\/armstrongyregion.com.ar\/diario\/wp-json\/wp\/v2\/posts\/27486\/revisions"}],"predecessor-version":[{"id":27488,"href":"https:\/\/armstrongyregion.com.ar\/diario\/wp-json\/wp\/v2\/posts\/27486\/revisions\/27488"}],"wp:featuredmedia":[{"embeddable":true,"href":"https:\/\/armstrongyregion.com.ar\/diario\/wp-json\/wp\/v2\/media\/27487"}],"wp:attachment":[{"href":"https:\/\/armstrongyregion.com.ar\/diario\/wp-json\/wp\/v2\/media?parent=27486"}],"wp:term":[{"taxonomy":"category","embeddable":true,"href":"https:\/\/armstrongyregion.com.ar\/diario\/wp-json\/wp\/v2\/categories?post=27486"},{"taxonomy":"post_tag","embeddable":true,"href":"https:\/\/armstrongyregion.com.ar\/diario\/wp-json\/wp\/v2\/tags?post=27486"}],"curies":[{"name":"wp","href":"https:\/\/api.w.org\/{rel}","templated":true}]}}