{"id":27483,"date":"2020-10-09T14:47:35","date_gmt":"2020-10-09T14:47:35","guid":{"rendered":"https:\/\/armstrongyregion.com.ar\/diario\/?p=27483"},"modified":"2020-10-09T14:47:40","modified_gmt":"2020-10-09T14:47:40","slug":"coronavirus-de-cara-a-los-anuncios-la-ministra-de-salud-pidio-circular-lo-indispensable","status":"publish","type":"post","link":"https:\/\/armstrongyregion.com.ar\/diario\/coronavirus-de-cara-a-los-anuncios-la-ministra-de-salud-pidio-circular-lo-indispensable\/","title":{"rendered":"Coronavirus: de cara a los anuncios la ministra de Salud pidi\u00f3 \u00abcircular lo indispensable\u00bb"},"content":{"rendered":"\n<figure class=\"wp-block-image size-large\"><img loading=\"lazy\" decoding=\"async\" width=\"800\" height=\"450\" src=\"http:\/\/armstrongyregion.com.ar\/diario\/wp-content\/uploads\/2020\/10\/martoranosandra1_crop1592404695159.jpg_1756841869.jpg\" alt=\"\" class=\"wp-image-27484\" srcset=\"https:\/\/armstrongyregion.com.ar\/diario\/wp-content\/uploads\/2020\/10\/martoranosandra1_crop1592404695159.jpg_1756841869.jpg 800w, https:\/\/armstrongyregion.com.ar\/diario\/wp-content\/uploads\/2020\/10\/martoranosandra1_crop1592404695159.jpg_1756841869-300x169.jpg 300w, https:\/\/armstrongyregion.com.ar\/diario\/wp-content\/uploads\/2020\/10\/martoranosandra1_crop1592404695159.jpg_1756841869-768x432.jpg 768w\" sizes=\"auto, (max-width: 800px) 100vw, 800px\" \/><\/figure>\n\n\n\n<h2 class=\"wp-block-heading\"> Sonia Martorano\u00a0se\u00f1al\u00f3 que se mantendr\u00e1n las actuales restricciones y que la recomendaci\u00f3n es circular lo menos posible. Este viernes, el gobernador Omar Perotti dar\u00e1 precisiones con una nueva estrategia de comunicaci\u00f3n.<\/h2>\n\n\n\n<p> <strong>La ministra de Salud, Sonia Martorano, confirm\u00f3 que se extender\u00e1 la cuarentena en Santa Fe, con las mismas restricciones<\/strong>. La funcionaria advirti\u00f3 que no se sumar\u00e1n nuevas habilitaciones y advirti\u00f3 que el sistema de salud todav\u00eda est\u00e1 bajo mucha tensi\u00f3n y que hasta noviembre, los d\u00edas ser\u00e1n cr\u00edticos. Este viernes,\u00a0<a rel=\"noreferrer noopener\" href=\"https:\/\/www.rosario3.com\/informaciongeneral\/Coronavirus-en-Rosario-expectativa-por-los-anuncios-del-gobernador-sobre-la-proxima-etapa-de-la-cuarentena-20201007-0076.html\" target=\"_blank\">el gobernador Omar Perotti dar\u00e1 precisiones<\/a>\u00a0con una nueva estrategia de comunicaci\u00f3n: no har\u00e1 un anuncio en vivo, sino que ser\u00e1 por comunicado y gacetilla.\u00a0 <\/p>\n\n\n\n<p>\u201c<strong>No se van a agregar cosas nuevas<\/strong>, se mantienen las mismas restricciones. La recomendaci\u00f3n es circular si es necesario&nbsp; y cuidarnos\u201d, adelant\u00f3 Martorano en contacto con el programa&nbsp;<em>Radi\u00f3polis&nbsp;<\/em>(Radio 2).<\/p>\n\n\n\n<p>\u201c<strong>Estamos en el momento m\u00e1s \u00e1lgido y lo que uno busca es disminuir la circulaci\u00f3n<\/strong>, que sea la menor posible para evitar contagios y otras cosas que tienen que ver con la siniestralidad, la accidentolog\u00eda porque todo eso ocupa camas que despu\u00e9s faltan para casos de covid\u201d, observ\u00f3.<\/p>\n\n\n\n<p>Martorano se\u00f1al\u00f3 que, aunque los d\u00edas de duplicaci\u00f3n \u201cno son malos\u201d, el sistema de salud sigue muy exigido:<strong>&nbsp;la ocupaci\u00f3n de camas es todav\u00eda muy alta y los equipos est\u00e1n \u201cmuy tensionados\u201d.<\/strong><\/p>\n\n\n\n<p>\u201cQue cada ciudadano intente circular lo indispensable\u201d, pidi\u00f3.<\/p>\n","protected":false},"excerpt":{"rendered":"<p>Sonia Martorano\u00a0se\u00f1al\u00f3 que se mantendr\u00e1n las actuales restricciones y que la recomendaci\u00f3n es circular lo menos posible. Este viernes, el gobernador Omar Perotti dar\u00e1 precisiones con una nueva estrategia de comunicaci\u00f3n. La ministra de Salud, Sonia Martorano, confirm\u00f3 que se extender\u00e1 la cuarentena en Santa Fe, con las mismas restricciones. La funcionaria advirti\u00f3 que no <a href=\"https:\/\/armstrongyregion.com.ar\/diario\/coronavirus-de-cara-a-los-anuncios-la-ministra-de-salud-pidio-circular-lo-indispensable\/\" title=\"Read more\" >&#8230;<\/a><\/p>\n","protected":false},"author":1,"featured_media":27484,"comment_status":"open","ping_status":"open","sticky":false,"template":"","format":"image","meta":{"_jetpack_memberships_contains_paid_content":false,"footnotes":"","jetpack_publicize_message":"","jetpack_publicize_feature_enabled":true,"jetpack_social_post_already_shared":true,"jetpack_social_options":{"image_generator_settings":{"template":"highway","default_image_id":0,"enabled":false},"version":2}},"categories":[8,1,2,7,3],"tags":[],"class_list":["post-27483","post","type-post","status-publish","format-image","has-post-thumbnail","hentry","category-deliberando","category-diario-armstrong","category-locales","category-politica","category-region","post_format-post-format-image"],"jetpack_publicize_connections":[],"jetpack_featured_media_url":"https:\/\/armstrongyregion.com.ar\/diario\/wp-content\/uploads\/2020\/10\/martoranosandra1_crop1592404695159.jpg_1756841869.jpg","jetpack_shortlink":"https:\/\/wp.me\/p62QDO-79h","jetpack_sharing_enabled":true,"amp_enabled":true,"_links":{"self":[{"href":"https:\/\/armstrongyregion.com.ar\/diario\/wp-json\/wp\/v2\/posts\/27483","targetHints":{"allow":["GET"]}}],"collection":[{"href":"https:\/\/armstrongyregion.com.ar\/diario\/wp-json\/wp\/v2\/posts"}],"about":[{"href":"https:\/\/armstrongyregion.com.ar\/diario\/wp-json\/wp\/v2\/types\/post"}],"author":[{"embeddable":true,"href":"https:\/\/armstrongyregion.com.ar\/diario\/wp-json\/wp\/v2\/users\/1"}],"replies":[{"embeddable":true,"href":"https:\/\/armstrongyregion.com.ar\/diario\/wp-json\/wp\/v2\/comments?post=27483"}],"version-history":[{"count":1,"href":"https:\/\/armstrongyregion.com.ar\/diario\/wp-json\/wp\/v2\/posts\/27483\/revisions"}],"predecessor-version":[{"id":27485,"href":"https:\/\/armstrongyregion.com.ar\/diario\/wp-json\/wp\/v2\/posts\/27483\/revisions\/27485"}],"wp:featuredmedia":[{"embeddable":true,"href":"https:\/\/armstrongyregion.com.ar\/diario\/wp-json\/wp\/v2\/media\/27484"}],"wp:attachment":[{"href":"https:\/\/armstrongyregion.com.ar\/diario\/wp-json\/wp\/v2\/media?parent=27483"}],"wp:term":[{"taxonomy":"category","embeddable":true,"href":"https:\/\/armstrongyregion.com.ar\/diario\/wp-json\/wp\/v2\/categories?post=27483"},{"taxonomy":"post_tag","embeddable":true,"href":"https:\/\/armstrongyregion.com.ar\/diario\/wp-json\/wp\/v2\/tags?post=27483"}],"curies":[{"name":"wp","href":"https:\/\/api.w.org\/{rel}","templated":true}]}}