{"id":2747,"date":"2015-06-23T20:08:07","date_gmt":"2015-06-23T20:08:07","guid":{"rendered":"https:\/\/armstrongyregion.com.ar\/diario\/?p=2747"},"modified":"2015-06-23T20:08:07","modified_gmt":"2015-06-23T20:08:07","slug":"alerta-alimentaria-del-23-de-junio","status":"publish","type":"post","link":"https:\/\/armstrongyregion.com.ar\/diario\/alerta-alimentaria-del-23-de-junio\/","title":{"rendered":"Alerta Alimentaria del 23 de junio."},"content":{"rendered":"<p><a href=\"http:\/\/armstrongyregion.com.ar\/diario\/wp-content\/uploads\/2015\/06\/Peras-en-Mitades-02.jpg\"><img loading=\"lazy\" decoding=\"async\" class=\"alignnone size-full wp-image-2748\" src=\"http:\/\/armstrongyregion.com.ar\/diario\/wp-content\/uploads\/2015\/06\/Peras-en-Mitades-02.jpg\" alt=\"Peras en Mitades 02\" width=\"300\" height=\"225\" \/><\/a>La Municipalidad de Armstrong, por intermedio del \u00c1rea de Bromatolog\u00eda, comunica a la poblaci\u00f3n que la Agencia Santafesina de Seguridad Alimentaria (ASSAl), ha enviado una Alerta Alimentaria por el siguiente producto, en todas sus presentaciones:<\/p>\n<p><strong>Producto: <\/strong>Peras en Mitades<\/p>\n<p><strong>Marca<\/strong>: AR Frutas Desecadas<\/p>\n<p><strong>RNE N\u00ba: <\/strong>49363-5<\/p>\n<p><strong>RNP N\u00ba<\/strong>: 21-030620<\/p>\n<p><strong>Fraccionado: <\/strong>Osvaldo A. Rodr\u00edguez<\/p>\n<p><strong>Domiciliado<\/strong>: H. Irigoyen N\u00ba 993<\/p>\n<p><strong>Localidad: <\/strong>Rafaela<\/p>\n<p><strong>Provincia:<\/strong>SantaFe<br \/>\n<strong>Motivo:<\/strong> y cualquier otro producto con el RNE antes mencionado, debido a que no cumplen con la Legislaci\u00f3n Alimentaria Vigente: carece de RNPA.<\/p>\n<p>Se solicita a los expendedores y distribuidores de dichos productos que los mismos sean retirados de la venta al p\u00fablico.<br \/>\nLa falta de estos registros no permite la trazabilidad y seguridad de los alimentos. La ASSAl debe garantizar que los r\u00f3tulos cuenten con toda la informaci\u00f3n obligatoria y que la misma sea cierta y correcta a fin de brindar herramientas a los consumidores de alimentos.<\/p>\n<p>Ante cualquier duda pueden consultar al mail: <a href=\"mailto:bromatologiaarmstrong@hotmail.com\">bromatologiaarmstrong@hotmail.com<\/a><\/p>\n<p>&nbsp;<\/p>\n<p>&nbsp;<\/p>\n","protected":false},"excerpt":{"rendered":"<p>La Municipalidad de Armstrong, por intermedio del \u00c1rea de Bromatolog\u00eda, comunica a la poblaci\u00f3n que la Agencia Santafesina de Seguridad Alimentaria (ASSAl), ha enviado una Alerta Alimentaria por el siguiente producto, en todas sus presentaciones: Producto: Peras en Mitades Marca: AR Frutas Desecadas RNE N\u00ba: 49363-5 RNP N\u00ba: 21-030620 Fraccionado: Osvaldo A. Rodr\u00edguez Domiciliado: H. <a href=\"https:\/\/armstrongyregion.com.ar\/diario\/alerta-alimentaria-del-23-de-junio\/\" title=\"Read more\" >&#8230;<\/a><\/p>\n","protected":false},"author":2,"featured_media":2748,"comment_status":"open","ping_status":"open","sticky":false,"template":"","format":"standard","meta":{"_jetpack_memberships_contains_paid_content":false,"footnotes":"","jetpack_publicize_message":"","jetpack_publicize_feature_enabled":true,"jetpack_social_post_already_shared":false,"jetpack_social_options":{"image_generator_settings":{"template":"highway","default_image_id":0,"enabled":false},"version":2}},"categories":[1,2],"tags":[2056,230,1193,19,53,1889],"class_list":["post-2747","post","type-post","status-publish","format-standard","has-post-thumbnail","hentry","category-diario-armstrong","category-locales","tag-2056","tag-alerta","tag-alimentaria","tag-de","tag-del","tag-junio"],"jetpack_publicize_connections":[],"jetpack_featured_media_url":"https:\/\/armstrongyregion.com.ar\/diario\/wp-content\/uploads\/2015\/06\/Peras-en-Mitades-02.jpg","jetpack_shortlink":"https:\/\/wp.me\/p62QDO-Ij","jetpack_sharing_enabled":true,"amp_enabled":true,"_links":{"self":[{"href":"https:\/\/armstrongyregion.com.ar\/diario\/wp-json\/wp\/v2\/posts\/2747","targetHints":{"allow":["GET"]}}],"collection":[{"href":"https:\/\/armstrongyregion.com.ar\/diario\/wp-json\/wp\/v2\/posts"}],"about":[{"href":"https:\/\/armstrongyregion.com.ar\/diario\/wp-json\/wp\/v2\/types\/post"}],"author":[{"embeddable":true,"href":"https:\/\/armstrongyregion.com.ar\/diario\/wp-json\/wp\/v2\/users\/2"}],"replies":[{"embeddable":true,"href":"https:\/\/armstrongyregion.com.ar\/diario\/wp-json\/wp\/v2\/comments?post=2747"}],"version-history":[{"count":0,"href":"https:\/\/armstrongyregion.com.ar\/diario\/wp-json\/wp\/v2\/posts\/2747\/revisions"}],"wp:featuredmedia":[{"embeddable":true,"href":"https:\/\/armstrongyregion.com.ar\/diario\/wp-json\/wp\/v2\/media\/2748"}],"wp:attachment":[{"href":"https:\/\/armstrongyregion.com.ar\/diario\/wp-json\/wp\/v2\/media?parent=2747"}],"wp:term":[{"taxonomy":"category","embeddable":true,"href":"https:\/\/armstrongyregion.com.ar\/diario\/wp-json\/wp\/v2\/categories?post=2747"},{"taxonomy":"post_tag","embeddable":true,"href":"https:\/\/armstrongyregion.com.ar\/diario\/wp-json\/wp\/v2\/tags?post=2747"}],"curies":[{"name":"wp","href":"https:\/\/api.w.org\/{rel}","templated":true}]}}