{"id":27460,"date":"2020-10-07T22:19:37","date_gmt":"2020-10-07T22:19:37","guid":{"rendered":"https:\/\/armstrongyregion.com.ar\/diario\/?p=27460"},"modified":"2020-10-07T22:19:41","modified_gmt":"2020-10-07T22:19:41","slug":"comunicado-por-recoleccion-de-residuos","status":"publish","type":"post","link":"https:\/\/armstrongyregion.com.ar\/diario\/comunicado-por-recoleccion-de-residuos\/","title":{"rendered":"Comunicado por recolecci\u00f3n de residuos."},"content":{"rendered":"\n<figure class=\"wp-block-image size-large\"><img decoding=\"async\" src=\"http:\/\/armstrongyregion.com.ar\/diario\/wp-content\/uploads\/2019\/11\/comunicados-2018-2.jpg\" alt=\"\" class=\"wp-image-23842\"\/><\/figure>\n\n\n\n<p>La Municipalidad de Armstrong informa a la comunidad, que debido a la medida de fuerza lanzada por la FESTRAM, en toda la provincia de Santa Fe, de paro de empleados municipales los d\u00edas 8, 9, 13, 14, 15 y 16 de octubre se modificar\u00e1 el cronograma de recolecci\u00f3n de residuos domiciliarios.&nbsp;<\/p>\n\n\n\n<p>Durante el resto de esta semana y la siguiente semana la recolecci\u00f3n se realizar\u00e1 los siguientes d\u00edas:<\/p>\n\n\n\n<p>&#8211; Viernes&nbsp; 09\/10 a partir de las 23 hs.<\/p>\n\n\n\n<p>&#8211; Lunes&nbsp; 12\/10 a partir de las 23 hs.&nbsp;<\/p>\n\n\n\n<p>&#8211; Viernes&nbsp; 16\/10 a partir de las 23 hs.&nbsp;<\/p>\n\n\n\n<p>Luego de finalizada la medida fuerza el cronograma retomar\u00e1 los d\u00edas y horarios habituales.&nbsp;<\/p>\n\n\n\n<p>Por dudas o consultas, llamar a Mesa de Entradas del municipio 03471 461626 \/ 204 \/ 316.&nbsp;<\/p>\n\n\n\n<p>MUNICIPALIDAD DE ARMSTRONG.<br><\/p>\n","protected":false},"excerpt":{"rendered":"<p>La Municipalidad de Armstrong informa a la comunidad, que debido a la medida de fuerza lanzada por la FESTRAM, en toda la provincia de Santa Fe, de paro de empleados municipales los d\u00edas 8, 9, 13, 14, 15 y 16 de octubre se modificar\u00e1 el cronograma de recolecci\u00f3n de residuos domiciliarios.&nbsp; Durante el resto de <a href=\"https:\/\/armstrongyregion.com.ar\/diario\/comunicado-por-recoleccion-de-residuos\/\" title=\"Read more\" >&#8230;<\/a><\/p>\n","protected":false},"author":1,"featured_media":0,"comment_status":"open","ping_status":"open","sticky":false,"template":"","format":"image","meta":{"_jetpack_memberships_contains_paid_content":false,"footnotes":"","jetpack_publicize_message":"","jetpack_publicize_feature_enabled":true,"jetpack_social_post_already_shared":true,"jetpack_social_options":{"image_generator_settings":{"template":"highway","default_image_id":0,"enabled":false},"version":2}},"categories":[8,1,2,3],"tags":[],"class_list":["post-27460","post","type-post","status-publish","format-image","hentry","category-deliberando","category-diario-armstrong","category-locales","category-region","post_format-post-format-image"],"jetpack_publicize_connections":[],"jetpack_featured_media_url":"","jetpack_shortlink":"https:\/\/wp.me\/p62QDO-78U","jetpack_sharing_enabled":true,"amp_enabled":true,"_links":{"self":[{"href":"https:\/\/armstrongyregion.com.ar\/diario\/wp-json\/wp\/v2\/posts\/27460","targetHints":{"allow":["GET"]}}],"collection":[{"href":"https:\/\/armstrongyregion.com.ar\/diario\/wp-json\/wp\/v2\/posts"}],"about":[{"href":"https:\/\/armstrongyregion.com.ar\/diario\/wp-json\/wp\/v2\/types\/post"}],"author":[{"embeddable":true,"href":"https:\/\/armstrongyregion.com.ar\/diario\/wp-json\/wp\/v2\/users\/1"}],"replies":[{"embeddable":true,"href":"https:\/\/armstrongyregion.com.ar\/diario\/wp-json\/wp\/v2\/comments?post=27460"}],"version-history":[{"count":1,"href":"https:\/\/armstrongyregion.com.ar\/diario\/wp-json\/wp\/v2\/posts\/27460\/revisions"}],"predecessor-version":[{"id":27461,"href":"https:\/\/armstrongyregion.com.ar\/diario\/wp-json\/wp\/v2\/posts\/27460\/revisions\/27461"}],"wp:attachment":[{"href":"https:\/\/armstrongyregion.com.ar\/diario\/wp-json\/wp\/v2\/media?parent=27460"}],"wp:term":[{"taxonomy":"category","embeddable":true,"href":"https:\/\/armstrongyregion.com.ar\/diario\/wp-json\/wp\/v2\/categories?post=27460"},{"taxonomy":"post_tag","embeddable":true,"href":"https:\/\/armstrongyregion.com.ar\/diario\/wp-json\/wp\/v2\/tags?post=27460"}],"curies":[{"name":"wp","href":"https:\/\/api.w.org\/{rel}","templated":true}]}}