{"id":27434,"date":"2020-10-05T11:38:09","date_gmt":"2020-10-05T11:38:09","guid":{"rendered":"https:\/\/armstrongyregion.com.ar\/diario\/?p=27434"},"modified":"2020-10-05T11:40:21","modified_gmt":"2020-10-05T11:40:21","slug":"armstrong-se-suicido-un-joven-en-nuestra-ciudad","status":"publish","type":"post","link":"https:\/\/armstrongyregion.com.ar\/diario\/armstrong-se-suicido-un-joven-en-nuestra-ciudad\/","title":{"rendered":"Armstrong. Se suicido un joven en nuestra ciudad."},"content":{"rendered":"\n<figure class=\"wp-block-image size-large\"><img loading=\"lazy\" decoding=\"async\" width=\"1024\" height=\"552\" src=\"http:\/\/armstrongyregion.com.ar\/diario\/wp-content\/uploads\/2016\/09\/comisaria-armstrong-y-region1-1024x552.jpg\" alt=\"comisaria-armstrong-y-region1\" class=\"wp-image-9575\" srcset=\"https:\/\/armstrongyregion.com.ar\/diario\/wp-content\/uploads\/2016\/09\/comisaria-armstrong-y-region1-1024x552.jpg 1024w, https:\/\/armstrongyregion.com.ar\/diario\/wp-content\/uploads\/2016\/09\/comisaria-armstrong-y-region1-300x162.jpg 300w, https:\/\/armstrongyregion.com.ar\/diario\/wp-content\/uploads\/2016\/09\/comisaria-armstrong-y-region1.jpg 1855w\" sizes=\"auto, (max-width: 1024px) 100vw, 1024px\" \/><\/figure>\n\n\n\n<h2 class=\"wp-block-heading\"> Se suicido un joven en nuestra ciudad.  El hecho se registr\u00f3 anoche  \u00a023:55 cuando comisar\u00eda Tercera recibe un llamado telef\u00f3nico dando cuenta que en un domicilio de calle Schaer al 1900  una persona de sexo masculino se habr\u00eda quitado la vida, de un disparo, con arma de fuego. Oficiales presentes en el lugar se entrevistaron con la novia de la victima fatal, quien refiere haber encontrado al joven.<\/h2>\n\n\n\n<h2 class=\"wp-block-heading\">Se hace presente el Samco local quien constata el deceso del mismo. <\/h2>\n\n\n\n<h2 class=\"wp-block-heading\">Se evacua consulta con la Dra Lezcano, fiscal en turno, quien dispone, se haga presente en el lugar medico de polic\u00eda y cient\u00edfica forense, quienes realizan examen, peritaje y secuestro correspondiente. <\/h2>\n\n\n\n<h2 class=\"wp-block-heading\"> Interv. UFI Cda de G\u00f3mez.  <\/h2>\n","protected":false},"excerpt":{"rendered":"<p>Se suicido un joven en nuestra ciudad. El hecho se registr\u00f3 anoche \u00a023:55 cuando comisar\u00eda Tercera recibe un llamado telef\u00f3nico dando cuenta que en un domicilio de calle Schaer al 1900 una persona de sexo masculino se habr\u00eda quitado la vida, de un disparo, con arma de fuego. Oficiales presentes en el lugar se entrevistaron <a href=\"https:\/\/armstrongyregion.com.ar\/diario\/armstrong-se-suicido-un-joven-en-nuestra-ciudad\/\" title=\"Read more\" >&#8230;<\/a><\/p>\n","protected":false},"author":1,"featured_media":9575,"comment_status":"open","ping_status":"open","sticky":false,"template":"","format":"image","meta":{"_jetpack_memberships_contains_paid_content":false,"footnotes":"","jetpack_publicize_message":"","jetpack_publicize_feature_enabled":true,"jetpack_social_post_already_shared":true,"jetpack_social_options":{"image_generator_settings":{"template":"highway","default_image_id":0,"enabled":false},"version":2}},"categories":[8,1,2,2852],"tags":[],"class_list":["post-27434","post","type-post","status-publish","format-image","has-post-thumbnail","hentry","category-deliberando","category-diario-armstrong","category-locales","category-policiales","post_format-post-format-image"],"jetpack_publicize_connections":[],"jetpack_featured_media_url":"https:\/\/armstrongyregion.com.ar\/diario\/wp-content\/uploads\/2016\/09\/comisaria-armstrong-y-region1.jpg","jetpack_shortlink":"https:\/\/wp.me\/p62QDO-78u","jetpack_sharing_enabled":true,"amp_enabled":true,"_links":{"self":[{"href":"https:\/\/armstrongyregion.com.ar\/diario\/wp-json\/wp\/v2\/posts\/27434","targetHints":{"allow":["GET"]}}],"collection":[{"href":"https:\/\/armstrongyregion.com.ar\/diario\/wp-json\/wp\/v2\/posts"}],"about":[{"href":"https:\/\/armstrongyregion.com.ar\/diario\/wp-json\/wp\/v2\/types\/post"}],"author":[{"embeddable":true,"href":"https:\/\/armstrongyregion.com.ar\/diario\/wp-json\/wp\/v2\/users\/1"}],"replies":[{"embeddable":true,"href":"https:\/\/armstrongyregion.com.ar\/diario\/wp-json\/wp\/v2\/comments?post=27434"}],"version-history":[{"count":2,"href":"https:\/\/armstrongyregion.com.ar\/diario\/wp-json\/wp\/v2\/posts\/27434\/revisions"}],"predecessor-version":[{"id":27436,"href":"https:\/\/armstrongyregion.com.ar\/diario\/wp-json\/wp\/v2\/posts\/27434\/revisions\/27436"}],"wp:featuredmedia":[{"embeddable":true,"href":"https:\/\/armstrongyregion.com.ar\/diario\/wp-json\/wp\/v2\/media\/9575"}],"wp:attachment":[{"href":"https:\/\/armstrongyregion.com.ar\/diario\/wp-json\/wp\/v2\/media?parent=27434"}],"wp:term":[{"taxonomy":"category","embeddable":true,"href":"https:\/\/armstrongyregion.com.ar\/diario\/wp-json\/wp\/v2\/categories?post=27434"},{"taxonomy":"post_tag","embeddable":true,"href":"https:\/\/armstrongyregion.com.ar\/diario\/wp-json\/wp\/v2\/tags?post=27434"}],"curies":[{"name":"wp","href":"https:\/\/api.w.org\/{rel}","templated":true}]}}