{"id":27428,"date":"2020-10-05T10:36:15","date_gmt":"2020-10-05T10:36:15","guid":{"rendered":"https:\/\/armstrongyregion.com.ar\/diario\/?p=27428"},"modified":"2020-10-05T10:36:19","modified_gmt":"2020-10-05T10:36:19","slug":"cuidado-de-manos-y-unas-permanentes-y-semipermanentes-por-florencia-venier","status":"publish","type":"post","link":"https:\/\/armstrongyregion.com.ar\/diario\/cuidado-de-manos-y-unas-permanentes-y-semipermanentes-por-florencia-venier\/","title":{"rendered":"Cuidado de Manos y U\u00f1as Permanentes y Semipermanentes. Por Florencia Venier."},"content":{"rendered":"\n<figure class=\"wp-block-image size-large\"><img loading=\"lazy\" decoding=\"async\" width=\"503\" height=\"320\" src=\"http:\/\/armstrongyregion.com.ar\/diario\/wp-content\/uploads\/2020\/10\/Flor-Venier-Octubre-2020.jpg\" alt=\"\" class=\"wp-image-27429\" srcset=\"https:\/\/armstrongyregion.com.ar\/diario\/wp-content\/uploads\/2020\/10\/Flor-Venier-Octubre-2020.jpg 503w, https:\/\/armstrongyregion.com.ar\/diario\/wp-content\/uploads\/2020\/10\/Flor-Venier-Octubre-2020-300x191.jpg 300w\" sizes=\"auto, (max-width: 503px) 100vw, 503px\" \/><\/figure>\n\n\n\n<h3 class=\"wp-block-heading\">UN PAR DE DATOS QUE ES BUENO SABER ACERCA DE LA PIEL DE TUS MANOS<\/h3>\n\n\n\n<ul class=\"wp-block-list\"><li>La piel de las manos es casi tan sensible como la del rostro y, sin embargo, tiene que ser capaz de resistir muchas m\u00e1s cosas, ya que usamos las manos constantemente.<\/li><li>La piel del dorso de las manos es muy fina y contiene muy poco tejido adiposo en la hipodermis. Esto hace que sea muy sensible y envejezca f\u00e1cilmente.<\/li><li>En las palmas de las manos, la piel tiene m\u00e1s tejido graso y conjuntivo y es m\u00e1s robusta. Sin embargo, como carece de vello y gl\u00e1ndulas seb\u00e1ceas, le resulta dif\u00edcil absorber la hidrataci\u00f3n.<\/li><li>Los agentes externos \u2013como el sol, el fr\u00edo, el calor y el agua\u2013 afectan negativamente a su barrera de protecci\u00f3n natural.<\/li><li>El objetivo del cuidado de las manos es impedir que se resequen y mantener su nivel de hidrataci\u00f3n.<\/li><\/ul>\n\n\n\n<p>U\u00f1as Permanentes y Semipermanentes.<\/p>\n\n\n\n<p> \u00bfQu\u00e9 son las u\u00f1as semipermanentes? La manicura\u00a0<strong>semipermanente<\/strong>, a simple vista parece una manicura con esmaltado normal, pero se utiliza la luz ultravioleta para secarse. Lo que significa que dura un poco m\u00e1s que la cl\u00e1sica.<\/p>\n\n\n\n<p> Por su parte, las de gel, son extensiones que se pegan direcamente a la\u00a0<strong>u\u00f1a<\/strong>. <\/p>\n\n\n\n<p>Florencia Venier tambi\u00e9n  nos informara sobre el dictado de talleres en su gabinete sobre Manicura, Preparaci\u00f3n De U\u00f1as, Pasos Y Elementos.<\/p>\n\n\n\n<p>Fuente: Programa Televisivo \u201cPrevenci\u00f3n y Salud\u201d.<\/p>\n\n\n\n<p>Cuidado de Manos y U\u00f1as Permanentes y Semipermanentes. <\/p>\n\n\n\n<p>Por Florencia Venier.<\/p>\n\n\n\n<p>Lunes 5 de Octubre 13,30hs. Por Cable Imagen Armstrong.<\/p>\n","protected":false},"excerpt":{"rendered":"<p>UN PAR DE DATOS QUE ES BUENO SABER ACERCA DE LA PIEL DE TUS MANOS La piel de las manos es casi tan sensible como la del rostro y, sin embargo, tiene que ser capaz de resistir muchas m\u00e1s cosas, ya que usamos las manos constantemente. La piel del dorso de las manos es muy <a href=\"https:\/\/armstrongyregion.com.ar\/diario\/cuidado-de-manos-y-unas-permanentes-y-semipermanentes-por-florencia-venier\/\" title=\"Read more\" >&#8230;<\/a><\/p>\n","protected":false},"author":1,"featured_media":27429,"comment_status":"open","ping_status":"open","sticky":false,"template":"","format":"image","meta":{"_jetpack_memberships_contains_paid_content":false,"footnotes":"","jetpack_publicize_message":"","jetpack_publicize_feature_enabled":true,"jetpack_social_post_already_shared":true,"jetpack_social_options":{"image_generator_settings":{"template":"highway","default_image_id":0,"enabled":false},"version":2}},"categories":[8,1,2,4,3],"tags":[],"class_list":["post-27428","post","type-post","status-publish","format-image","has-post-thumbnail","hentry","category-deliberando","category-diario-armstrong","category-locales","category-prevencion-salud","category-region","post_format-post-format-image"],"jetpack_publicize_connections":[],"jetpack_featured_media_url":"https:\/\/armstrongyregion.com.ar\/diario\/wp-content\/uploads\/2020\/10\/Flor-Venier-Octubre-2020.jpg","jetpack_shortlink":"https:\/\/wp.me\/p62QDO-78o","jetpack_sharing_enabled":true,"amp_enabled":true,"_links":{"self":[{"href":"https:\/\/armstrongyregion.com.ar\/diario\/wp-json\/wp\/v2\/posts\/27428","targetHints":{"allow":["GET"]}}],"collection":[{"href":"https:\/\/armstrongyregion.com.ar\/diario\/wp-json\/wp\/v2\/posts"}],"about":[{"href":"https:\/\/armstrongyregion.com.ar\/diario\/wp-json\/wp\/v2\/types\/post"}],"author":[{"embeddable":true,"href":"https:\/\/armstrongyregion.com.ar\/diario\/wp-json\/wp\/v2\/users\/1"}],"replies":[{"embeddable":true,"href":"https:\/\/armstrongyregion.com.ar\/diario\/wp-json\/wp\/v2\/comments?post=27428"}],"version-history":[{"count":1,"href":"https:\/\/armstrongyregion.com.ar\/diario\/wp-json\/wp\/v2\/posts\/27428\/revisions"}],"predecessor-version":[{"id":27430,"href":"https:\/\/armstrongyregion.com.ar\/diario\/wp-json\/wp\/v2\/posts\/27428\/revisions\/27430"}],"wp:featuredmedia":[{"embeddable":true,"href":"https:\/\/armstrongyregion.com.ar\/diario\/wp-json\/wp\/v2\/media\/27429"}],"wp:attachment":[{"href":"https:\/\/armstrongyregion.com.ar\/diario\/wp-json\/wp\/v2\/media?parent=27428"}],"wp:term":[{"taxonomy":"category","embeddable":true,"href":"https:\/\/armstrongyregion.com.ar\/diario\/wp-json\/wp\/v2\/categories?post=27428"},{"taxonomy":"post_tag","embeddable":true,"href":"https:\/\/armstrongyregion.com.ar\/diario\/wp-json\/wp\/v2\/tags?post=27428"}],"curies":[{"name":"wp","href":"https:\/\/api.w.org\/{rel}","templated":true}]}}