{"id":27401,"date":"2020-10-02T20:36:49","date_gmt":"2020-10-02T20:36:49","guid":{"rendered":"https:\/\/armstrongyregion.com.ar\/diario\/?p=27401"},"modified":"2020-10-02T20:36:53","modified_gmt":"2020-10-02T20:36:53","slug":"santa-fe-trabaja-junto-a-faiart-verbano-en-el-reinicio-productivo-de-la-unica-fabrica-de-porcelana-del-pais","status":"publish","type":"post","link":"https:\/\/armstrongyregion.com.ar\/diario\/santa-fe-trabaja-junto-a-faiart-verbano-en-el-reinicio-productivo-de-la-unica-fabrica-de-porcelana-del-pais\/","title":{"rendered":"Santa Fe trabaja junto a Faiart-Verbano en el reinicio productivo de la \u00fanica f\u00e1brica de porcelana del pa\u00eds"},"content":{"rendered":"\n<figure class=\"wp-block-image size-large\"><img loading=\"lazy\" decoding=\"async\" width=\"570\" height=\"320\" src=\"http:\/\/armstrongyregion.com.ar\/diario\/wp-content\/uploads\/2020\/10\/cogno-octubre-2020.jpg\" alt=\"\" class=\"wp-image-27402\" srcset=\"https:\/\/armstrongyregion.com.ar\/diario\/wp-content\/uploads\/2020\/10\/cogno-octubre-2020.jpg 570w, https:\/\/armstrongyregion.com.ar\/diario\/wp-content\/uploads\/2020\/10\/cogno-octubre-2020-300x168.jpg 300w\" sizes=\"auto, (max-width: 570px) 100vw, 570px\" \/><\/figure>\n\n\n\n<h2 class=\"wp-block-heading\"> El secretario de Industria recorri\u00f3 las instalaciones de la planta en Capit\u00e1n Berm\u00fadez y destac\u00f3 las acciones ejecutadas desde el gobierno provincial. <\/h2>\n\n\n\n<p>Este jueves, el secretario de Industria del Ministerio de Producci\u00f3n, Ciencia y Tecnolog\u00eda, Claudio Mossuz, visit\u00f3 las instalaciones de la empresa Faiart-Verbano, radicada en la localidad de Capit\u00e1n Berm\u00fadez. En ese marco, el funcionario destac\u00f3 la potencialidad de dicha firma, \u00fanica dedicada a la fabricaci\u00f3n de porcelana en el pa\u00eds, y puso de relieve la articulaci\u00f3n realizada con el gobierno de Santa Fe para poner nuevamente operativa su planta.<\/p>\n\n\n\n<p>De la recorrida participaron tambi\u00e9n el director Provincial de Infraestructura y Fortalecimiento Industrial, Marcelo Cogno; el intendente local, Daniel Cinalli; y el nuevo gerenciador de la empresa, Gerardo Glusman.<\/p>\n\n\n\n<p>La empresa Faiart-Verbano, 2016 comenz\u00f3 en 2016 a transitar dificultades en su continuidad productiva, como consecuencia de la apertura de las importaciones y la ca\u00edda del mercado interno. En marzo de este a\u00f1o, tras las medidas sanitarias adoptadas en el pa\u00eds como consecuencia de la pandemia Covid-19, la planta ces\u00f3 su producci\u00f3n y en junio fue puesta en venta. Luego, en el mes de agosto, un grupo inversor tom\u00f3 el gerenciamiento de la firma, hecho que permiti\u00f3 el reinicio de sus actividades.<\/p>\n\n\n\n<p>\u201cA partir de la situaci\u00f3n de cuarentena, tomamos contacto para acercarles una ayuda financiera a fin de que puedan recomponer su capital de trabajo mediante la obtenci\u00f3n de cr\u00e9ditos con fluidez. Santa Fe es la \u00fanica provincia que tiene un fondo espec\u00edfico dentro de una sociedad de garant\u00edas rec\u00edprocas con el Banco Naci\u00f3n como principal socio, lo cual consideramos una herramienta de suma importancia\u201d, explic\u00f3 Mossuz.<\/p>\n\n\n\n<p>En consonancia, record\u00f3 que \u201ca su vez, desde el gobierno de la provincia hemos dispuesto consideraciones en lo tributario, planes de pago con plazos de hasta 24 meses para paliar la situaci\u00f3n de algunos sectores\u201d.<\/p>\n\n\n\n<p>Finalmente, celebr\u00f3 la puesta operativa de planta: \u201cCon la empresa Faiart-Verbano estamos tratando de recomponer situaciones de dificultades con la esperanza de que vuelva a transitar el camino que siempre marc\u00f3 y que hace que hoy sea la \u00fanica planta que fabrica porcelana en el pa\u00eds. Hoy est\u00e1 funcionando a pleno, tiene una potencialidad y un futuro muy importantes\u201d.<\/p>\n\n\n\n<p>Por su parte, Glusman agradeci\u00f3 la visita de los funcionarios de la provincia, en tanto rescat\u00f3: \u201cCuento con el apoyo y el compromiso de que utilizando herramientas provinciales y nacionales en conjunto podamos sostener y avanzar en esta empresa de tantos a\u00f1os con el objetivo de volver a tener un lugar de relevancia en Argentina y en Sudam\u00e9rica\u201d.<\/p>\n","protected":false},"excerpt":{"rendered":"<p>El secretario de Industria recorri\u00f3 las instalaciones de la planta en Capit\u00e1n Berm\u00fadez y destac\u00f3 las acciones ejecutadas desde el gobierno provincial. Este jueves, el secretario de Industria del Ministerio de Producci\u00f3n, Ciencia y Tecnolog\u00eda, Claudio Mossuz, visit\u00f3 las instalaciones de la empresa Faiart-Verbano, radicada en la localidad de Capit\u00e1n Berm\u00fadez. En ese marco, el <a href=\"https:\/\/armstrongyregion.com.ar\/diario\/santa-fe-trabaja-junto-a-faiart-verbano-en-el-reinicio-productivo-de-la-unica-fabrica-de-porcelana-del-pais\/\" title=\"Read more\" >&#8230;<\/a><\/p>\n","protected":false},"author":1,"featured_media":27402,"comment_status":"open","ping_status":"open","sticky":false,"template":"","format":"image","meta":{"_jetpack_memberships_contains_paid_content":false,"footnotes":"","jetpack_publicize_message":"","jetpack_publicize_feature_enabled":true,"jetpack_social_post_already_shared":true,"jetpack_social_options":{"image_generator_settings":{"template":"highway","default_image_id":0,"enabled":false},"version":2}},"categories":[8,1,2,7,3],"tags":[],"class_list":["post-27401","post","type-post","status-publish","format-image","has-post-thumbnail","hentry","category-deliberando","category-diario-armstrong","category-locales","category-politica","category-region","post_format-post-format-image"],"jetpack_publicize_connections":[],"jetpack_featured_media_url":"https:\/\/armstrongyregion.com.ar\/diario\/wp-content\/uploads\/2020\/10\/cogno-octubre-2020.jpg","jetpack_shortlink":"https:\/\/wp.me\/p62QDO-77X","jetpack_sharing_enabled":true,"amp_enabled":true,"_links":{"self":[{"href":"https:\/\/armstrongyregion.com.ar\/diario\/wp-json\/wp\/v2\/posts\/27401","targetHints":{"allow":["GET"]}}],"collection":[{"href":"https:\/\/armstrongyregion.com.ar\/diario\/wp-json\/wp\/v2\/posts"}],"about":[{"href":"https:\/\/armstrongyregion.com.ar\/diario\/wp-json\/wp\/v2\/types\/post"}],"author":[{"embeddable":true,"href":"https:\/\/armstrongyregion.com.ar\/diario\/wp-json\/wp\/v2\/users\/1"}],"replies":[{"embeddable":true,"href":"https:\/\/armstrongyregion.com.ar\/diario\/wp-json\/wp\/v2\/comments?post=27401"}],"version-history":[{"count":1,"href":"https:\/\/armstrongyregion.com.ar\/diario\/wp-json\/wp\/v2\/posts\/27401\/revisions"}],"predecessor-version":[{"id":27403,"href":"https:\/\/armstrongyregion.com.ar\/diario\/wp-json\/wp\/v2\/posts\/27401\/revisions\/27403"}],"wp:featuredmedia":[{"embeddable":true,"href":"https:\/\/armstrongyregion.com.ar\/diario\/wp-json\/wp\/v2\/media\/27402"}],"wp:attachment":[{"href":"https:\/\/armstrongyregion.com.ar\/diario\/wp-json\/wp\/v2\/media?parent=27401"}],"wp:term":[{"taxonomy":"category","embeddable":true,"href":"https:\/\/armstrongyregion.com.ar\/diario\/wp-json\/wp\/v2\/categories?post=27401"},{"taxonomy":"post_tag","embeddable":true,"href":"https:\/\/armstrongyregion.com.ar\/diario\/wp-json\/wp\/v2\/tags?post=27401"}],"curies":[{"name":"wp","href":"https:\/\/api.w.org\/{rel}","templated":true}]}}