{"id":27378,"date":"2020-09-29T15:34:32","date_gmt":"2020-09-29T15:34:32","guid":{"rendered":"https:\/\/armstrongyregion.com.ar\/diario\/?p=27378"},"modified":"2020-09-29T15:34:35","modified_gmt":"2020-09-29T15:34:35","slug":"rosense-logro-importante-mejoria-ante-covid-19-utilizando-ivermectina","status":"publish","type":"post","link":"https:\/\/armstrongyregion.com.ar\/diario\/rosense-logro-importante-mejoria-ante-covid-19-utilizando-ivermectina\/","title":{"rendered":"Rosense logr\u00f3 importante mejor\u00eda ante Covid 19 utilizando ivermectina."},"content":{"rendered":"\n<figure class=\"wp-block-image size-large\"><img loading=\"lazy\" decoding=\"async\" width=\"540\" height=\"318\" src=\"http:\/\/armstrongyregion.com.ar\/diario\/wp-content\/uploads\/2020\/09\/foto-dignani.jpg\" alt=\"\" class=\"wp-image-27380\" srcset=\"https:\/\/armstrongyregion.com.ar\/diario\/wp-content\/uploads\/2020\/09\/foto-dignani.jpg 540w, https:\/\/armstrongyregion.com.ar\/diario\/wp-content\/uploads\/2020\/09\/foto-dignani-300x177.jpg 300w\" sizes=\"auto, (max-width: 540px) 100vw, 540px\" \/><\/figure>\n\n\n\n<h2 class=\"wp-block-heading\"> Enrique Dignani es m\u00e9dico veterinario, y present\u00f3 s\u00edntomas compatibles con Covid-19. Al informarse sobre las propiedades de esta medicina, decidi\u00f3 utilizarla, y en menos de 18 horas not\u00f3 una mejor\u00eda total. <\/h2>\n\n\n\n<p><\/p>\n\n\n\n<figure class=\"wp-block-audio\"><audio controls src=\"http:\/\/armstrongyregion.com.ar\/diario\/wp-content\/uploads\/2020\/09\/multimedia.audio_.9da6f6962b777115.6d756c74696d656469612e617564696f2e6265623464653130626662623430382e6d7033.mp3\"><\/audio><figcaption> En Renacer Regional FM <\/figcaption><\/figure>\n\n\n\n<p>El profesional rosense, qui\u00e9n es concejal en Las Rosas, explic\u00f3 las circunstancias que lo llevaron a probar el uso de ivermectina, relatando los s\u00edntomas que ten\u00eda y como se enter\u00f3 de las posibilidades de este medicamento en el tratamiento del covid 19.<\/p>\n\n\n\n<p>Dignani est\u00e1 convencido de haberse curado de coronavirus tras tomar ivermectina. Si bien la infecci\u00f3n por el virus nunca fue confirmada, ya que la respuesta dilatada del 0800 no permiti\u00f3 corroborar el diagn\u00f3stico, manifest\u00f3 haber presentado todos los s\u00edntomas de la enfermedad.<\/p>\n\n\n\n<p><em>\u201cMe empec\u00e9 a sentir con fiebre, tos, el cuerpo absolutamente inutilizado, catarro, sin apetito. Un d\u00eda veo en las noticias que el gobierno de la provincia de Corrientes iniciaba el reparto pastillas de ivermectina y ah\u00ed me empezaron a despertar la inquietud, porque yo en la veterinaria ten\u00eda litros del medicamento\u201d.<\/em><\/p>\n\n\n\n<p>Luego el veterinario rosense expresa que tom\u00f3 dos cent\u00edmetros del f\u00e1rmaco con agua y lim\u00f3n.&nbsp;<em>\u201cEnseguida empec\u00e9 a tener ganas de comer y al otro d\u00eda a las ocho de la ma\u00f1ana estaba totalmente recuperado, como si nunca hubiera tenido nada. Desde ese d\u00eda no volv\u00ed a tomar nada, conmigo el resultado fue incre\u00edble\u201d.<\/em><\/p>\n\n\n\n<p>Dignani cont\u00f3 que tras conocerse su caso recibi\u00f3 mensajes de otros lugares y casos donde se us\u00f3 este antiparasitario, obteniendo resultado similares en el tratamiento del Covid.&nbsp;Lo cierto es que la ivermectina no est\u00e1 aprobada por la ANMAT, sin embargo, para \u00e9l&nbsp;<em>\u201cesperar la vacuna con estos niveles es una locura, esta droga es muy buena y barata, hay que darlos ya, la provincia de Santa Fe tiene las m\u00e1quinas para hacer los comprimidos y los tienen que hacer ya, para empezar a d\u00e1rselos al personal de salud y a la gente directamente\u201d,<\/em>&nbsp;concluy\u00f3.<\/p>\n\n\n\n<p>Se recomienda escuchar el audio completo que tiene un desarrollo interesante sobre su experiencia y resultados.<\/p>\n\n\n\n<hr class=\"wp-block-separator\"\/>\n\n\n\n<p><strong>Coronavirus: En Correa comenzaron a tratar a contactos estrechos con Ivermectina<\/strong><br><br>En una entrevista realizada en el programa Enfoque, que se emite por Correa Radiovisi\u00f3n, el Dr. Carlos Alonso revel\u00f3 que est\u00e1 llevando adelante tratamientos preventivos con Ivermectina en relaci\u00f3n al Covid-19.<\/p>\n\n\n\n<p><em>\u201cEs un tratamiento experimental, opcional, con criterio m\u00e9dico y aprobaci\u00f3n del paciente\u201d,<\/em>&nbsp;detall\u00f3 el profesional, que resalt\u00f3 que los estudios&nbsp;<em>\u201chan demostrado, experimentalmente, su eficacia\u201d.<\/em><\/p>\n\n\n\n<p><em>\u201cSi no tenemos otra cosa y la vacuna se va a demorar, \u00bfPor qu\u00e9 no intentar prevenci\u00f3n con un medicamento que no tiene practicamente reacciones adversas importantes y no es costoso?\u201d,<\/em>&nbsp;expres\u00f3 Alonso, que recalc\u00f3 el car\u00e1cter experimental del tratamiento.<\/p>\n\n\n\n<p>Por \u00faltimo, el m\u00e9dico explic\u00f3 que el suministro del medicamento se ha enfocado en personas que han tenido contacto estrecho pacientes que comienzan a tener s\u00edntomas de Covid.<\/p>\n\n\n\n<p>Alonso cont\u00f3 que hace un mes ofreci\u00f3 el tratamiento a las autoridades m\u00e9dicas de la localidad y hasta el momento ha trabajado con unos 15 pacientes en la localidad de Correa, siguiendo un protocolo provincial.<\/p>\n\n\n\n<p>Fuente:&nbsp;<a href=\"https:\/\/atento.net.ar\/2020\/09\/26\/coronavirus-en-correa-comenzaron-a-tratar-a-contactos-estrechos-con-ivermectina\/\" rel=\"noreferrer noopener\" target=\"_blank\">Atento.net.ar<\/a><\/p>\n","protected":false},"excerpt":{"rendered":"<p>Enrique Dignani es m\u00e9dico veterinario, y present\u00f3 s\u00edntomas compatibles con Covid-19. Al informarse sobre las propiedades de esta medicina, decidi\u00f3 utilizarla, y en menos de 18 horas not\u00f3 una mejor\u00eda total. El profesional rosense, qui\u00e9n es concejal en Las Rosas, explic\u00f3 las circunstancias que lo llevaron a probar el uso de ivermectina, relatando los s\u00edntomas <a href=\"https:\/\/armstrongyregion.com.ar\/diario\/rosense-logro-importante-mejoria-ante-covid-19-utilizando-ivermectina\/\" title=\"Read more\" >&#8230;<\/a><\/p>\n","protected":false},"author":1,"featured_media":27380,"comment_status":"open","ping_status":"open","sticky":false,"template":"","format":"image","meta":{"_jetpack_memberships_contains_paid_content":false,"footnotes":"","jetpack_publicize_message":"","jetpack_publicize_feature_enabled":true,"jetpack_social_post_already_shared":true,"jetpack_social_options":{"image_generator_settings":{"template":"highway","default_image_id":0,"enabled":false},"version":2}},"categories":[8,1,2,4,3],"tags":[],"class_list":["post-27378","post","type-post","status-publish","format-image","has-post-thumbnail","hentry","category-deliberando","category-diario-armstrong","category-locales","category-prevencion-salud","category-region","post_format-post-format-image"],"jetpack_publicize_connections":[],"jetpack_featured_media_url":"https:\/\/armstrongyregion.com.ar\/diario\/wp-content\/uploads\/2020\/09\/foto-dignani.jpg","jetpack_shortlink":"https:\/\/wp.me\/p62QDO-77A","jetpack_sharing_enabled":true,"amp_enabled":true,"_links":{"self":[{"href":"https:\/\/armstrongyregion.com.ar\/diario\/wp-json\/wp\/v2\/posts\/27378","targetHints":{"allow":["GET"]}}],"collection":[{"href":"https:\/\/armstrongyregion.com.ar\/diario\/wp-json\/wp\/v2\/posts"}],"about":[{"href":"https:\/\/armstrongyregion.com.ar\/diario\/wp-json\/wp\/v2\/types\/post"}],"author":[{"embeddable":true,"href":"https:\/\/armstrongyregion.com.ar\/diario\/wp-json\/wp\/v2\/users\/1"}],"replies":[{"embeddable":true,"href":"https:\/\/armstrongyregion.com.ar\/diario\/wp-json\/wp\/v2\/comments?post=27378"}],"version-history":[{"count":1,"href":"https:\/\/armstrongyregion.com.ar\/diario\/wp-json\/wp\/v2\/posts\/27378\/revisions"}],"predecessor-version":[{"id":27381,"href":"https:\/\/armstrongyregion.com.ar\/diario\/wp-json\/wp\/v2\/posts\/27378\/revisions\/27381"}],"wp:featuredmedia":[{"embeddable":true,"href":"https:\/\/armstrongyregion.com.ar\/diario\/wp-json\/wp\/v2\/media\/27380"}],"wp:attachment":[{"href":"https:\/\/armstrongyregion.com.ar\/diario\/wp-json\/wp\/v2\/media?parent=27378"}],"wp:term":[{"taxonomy":"category","embeddable":true,"href":"https:\/\/armstrongyregion.com.ar\/diario\/wp-json\/wp\/v2\/categories?post=27378"},{"taxonomy":"post_tag","embeddable":true,"href":"https:\/\/armstrongyregion.com.ar\/diario\/wp-json\/wp\/v2\/tags?post=27378"}],"curies":[{"name":"wp","href":"https:\/\/api.w.org\/{rel}","templated":true}]}}