{"id":27375,"date":"2020-09-29T14:59:34","date_gmt":"2020-09-29T14:59:34","guid":{"rendered":"https:\/\/armstrongyregion.com.ar\/diario\/?p=27375"},"modified":"2020-09-29T14:59:39","modified_gmt":"2020-09-29T14:59:39","slug":"deliberando-secretaria-de-gobierno-municipalidad-de-armstrong-2","status":"publish","type":"post","link":"https:\/\/armstrongyregion.com.ar\/diario\/deliberando-secretaria-de-gobierno-municipalidad-de-armstrong-2\/","title":{"rendered":"Deliberando: Secretaria de Gobierno Municipalidad de Armstrong."},"content":{"rendered":"\n<figure class=\"wp-block-image size-large\"><img loading=\"lazy\" decoding=\"async\" width=\"532\" height=\"320\" src=\"http:\/\/armstrongyregion.com.ar\/diario\/wp-content\/uploads\/2020\/09\/Dani-Perez-Septiembre-2020.jpg\" alt=\"\" class=\"wp-image-27376\" srcset=\"https:\/\/armstrongyregion.com.ar\/diario\/wp-content\/uploads\/2020\/09\/Dani-Perez-Septiembre-2020.jpg 532w, https:\/\/armstrongyregion.com.ar\/diario\/wp-content\/uploads\/2020\/09\/Dani-Perez-Septiembre-2020-300x180.jpg 300w\" sizes=\"auto, (max-width: 532px) 100vw, 532px\" \/><\/figure>\n\n\n\n<p>En la noche de Hoy, participara de nuestro programa Daniela P\u00e9rez, Secretaria de Gobierno de la municipalidad de Armstrong.<\/p>\n\n\n\n<p>Quien nos informara sobre temas que tienen que ver con las competencias de su funci\u00f3n, tambi\u00e9n es integrante del Comit\u00e9 de Emergencia Sanitaria Local.<\/p>\n\n\n\n<p>Dialogaremos sobre Econom\u00eda y Salud de nuestra ciudad durante el confinamiento  por COVID 19.<\/p>\n\n\n\n<p>La secretaria de Gobierno, se referir\u00e1 a la demora en la carga de datos que hay a nivel provincial respecto a la informaci\u00f3n municipal, los frentes de obras abiertos, la continuaci\u00f3n de las mismas, arcas municipales, incorporaci\u00f3n de nuevo personal y proyectos que tienen que ver con loteo para la ciudad y obras cloacales.<\/p>\n\n\n\n<p>Deliberando: Martes 29 de Septiembre, 21hs Por Cable Imagen Armtrong.<\/p>\n","protected":false},"excerpt":{"rendered":"<p>En la noche de Hoy, participara de nuestro programa Daniela P\u00e9rez, Secretaria de Gobierno de la municipalidad de Armstrong. Quien nos informara sobre temas que tienen que ver con las competencias de su funci\u00f3n, tambi\u00e9n es integrante del Comit\u00e9 de Emergencia Sanitaria Local. Dialogaremos sobre Econom\u00eda y Salud de nuestra ciudad durante el confinamiento por <a href=\"https:\/\/armstrongyregion.com.ar\/diario\/deliberando-secretaria-de-gobierno-municipalidad-de-armstrong-2\/\" title=\"Read more\" >&#8230;<\/a><\/p>\n","protected":false},"author":1,"featured_media":27376,"comment_status":"open","ping_status":"open","sticky":false,"template":"","format":"image","meta":{"_jetpack_memberships_contains_paid_content":false,"footnotes":"","jetpack_publicize_message":"","jetpack_publicize_feature_enabled":true,"jetpack_social_post_already_shared":true,"jetpack_social_options":{"image_generator_settings":{"template":"highway","default_image_id":0,"enabled":false},"version":2}},"categories":[8,1,2,7,3],"tags":[],"class_list":["post-27375","post","type-post","status-publish","format-image","has-post-thumbnail","hentry","category-deliberando","category-diario-armstrong","category-locales","category-politica","category-region","post_format-post-format-image"],"jetpack_publicize_connections":[],"jetpack_featured_media_url":"https:\/\/armstrongyregion.com.ar\/diario\/wp-content\/uploads\/2020\/09\/Dani-Perez-Septiembre-2020.jpg","jetpack_shortlink":"https:\/\/wp.me\/p62QDO-77x","jetpack_sharing_enabled":true,"amp_enabled":true,"_links":{"self":[{"href":"https:\/\/armstrongyregion.com.ar\/diario\/wp-json\/wp\/v2\/posts\/27375","targetHints":{"allow":["GET"]}}],"collection":[{"href":"https:\/\/armstrongyregion.com.ar\/diario\/wp-json\/wp\/v2\/posts"}],"about":[{"href":"https:\/\/armstrongyregion.com.ar\/diario\/wp-json\/wp\/v2\/types\/post"}],"author":[{"embeddable":true,"href":"https:\/\/armstrongyregion.com.ar\/diario\/wp-json\/wp\/v2\/users\/1"}],"replies":[{"embeddable":true,"href":"https:\/\/armstrongyregion.com.ar\/diario\/wp-json\/wp\/v2\/comments?post=27375"}],"version-history":[{"count":1,"href":"https:\/\/armstrongyregion.com.ar\/diario\/wp-json\/wp\/v2\/posts\/27375\/revisions"}],"predecessor-version":[{"id":27377,"href":"https:\/\/armstrongyregion.com.ar\/diario\/wp-json\/wp\/v2\/posts\/27375\/revisions\/27377"}],"wp:featuredmedia":[{"embeddable":true,"href":"https:\/\/armstrongyregion.com.ar\/diario\/wp-json\/wp\/v2\/media\/27376"}],"wp:attachment":[{"href":"https:\/\/armstrongyregion.com.ar\/diario\/wp-json\/wp\/v2\/media?parent=27375"}],"wp:term":[{"taxonomy":"category","embeddable":true,"href":"https:\/\/armstrongyregion.com.ar\/diario\/wp-json\/wp\/v2\/categories?post=27375"},{"taxonomy":"post_tag","embeddable":true,"href":"https:\/\/armstrongyregion.com.ar\/diario\/wp-json\/wp\/v2\/tags?post=27375"}],"curies":[{"name":"wp","href":"https:\/\/api.w.org\/{rel}","templated":true}]}}