{"id":27365,"date":"2020-09-28T23:54:44","date_gmt":"2020-09-28T23:54:44","guid":{"rendered":"https:\/\/armstrongyregion.com.ar\/diario\/?p=27365"},"modified":"2020-09-28T23:54:57","modified_gmt":"2020-09-28T23:54:57","slug":"situacion-epidemiologica-de-la-provincia-de-santa-fe-en-relacion-al-coronavirus-18","status":"publish","type":"post","link":"https:\/\/armstrongyregion.com.ar\/diario\/situacion-epidemiologica-de-la-provincia-de-santa-fe-en-relacion-al-coronavirus-18\/","title":{"rendered":"Situaci\u00f3n epidemiol\u00f3gica de la provincia de Santa Fe en relaci\u00f3n al coronavirus."},"content":{"rendered":"\n<figure class=\"wp-block-image size-large\"><img loading=\"lazy\" decoding=\"async\" width=\"768\" height=\"402\" src=\"http:\/\/armstrongyregion.com.ar\/diario\/wp-content\/uploads\/2020\/03\/coronavirus-graphic-web-feature_1.jpg\" alt=\"\" class=\"wp-image-25112\" srcset=\"https:\/\/armstrongyregion.com.ar\/diario\/wp-content\/uploads\/2020\/03\/coronavirus-graphic-web-feature_1.jpg 768w, https:\/\/armstrongyregion.com.ar\/diario\/wp-content\/uploads\/2020\/03\/coronavirus-graphic-web-feature_1-300x157.jpg 300w\" sizes=\"auto, (max-width: 768px) 100vw, 768px\" \/><\/figure>\n\n\n\n<h2 class=\"wp-block-heading\"> Informe actualizado al lunes 28 de septiembre a las 19 hs. <\/h2>\n\n\n\n<p>\n\nEl Ministerio de Salud de Santa Fe, a trav\u00e9s de la Direcci\u00f3n Provincial de Epidemiolog\u00eda, informa a la poblaci\u00f3n que en el d\u00eda de la fecha&nbsp;<strong>se han confirmado 1.574 casos nuevos de COVID-19<\/strong>, en el territorio provincial.&nbsp;<\/p>\n\n\n\n<p><strong>Casos nuevos confirmados por localidades:<\/strong><\/p>\n\n\n\n<ul class=\"wp-block-list\"><li>836 de ROSARIO<\/li><li>84 de SANTA FE (2 casos notificados en otra jurisdicci\u00f3n)<\/li><li>51 de CASILDA<\/li><li>47 de VILLA GOBERNADOR GALVEZ<\/li><li>45 de RAFAELA<\/li><li>42 de VENADO TUERTO (1 caso notificado en otra jurisdicci\u00f3n)<\/li><li>37 de SAN LORENZO<\/li><li>37 de SANTO TOME<\/li><li>30 de VILLA CONSTITUCION<\/li><li>25 de CA\u00d1ADA DE GOMEZ<\/li><li>16 de FUNES<\/li><li>16 de PEREZ<\/li><li>15 de GRANADERO BAIGORRIA<\/li><li>14 de CARLOS PELLEGRINI<\/li><li>12 de CORONDA<\/li><li>12 de ESPERANZA<\/li><li>12 de TIMBUES<\/li><li>11 de SUNCHALES<\/li><li>10 de CAPITAN BERMUDEZ<\/li><li>8 de AREQUITO<\/li><li>8 de FRAY LUIS BELTRAN<\/li><li>7 de HUMBOLDT<\/li><li>6 de ARTEAGA<\/li><li>6 de CA\u00d1ADA ROSQUIN<\/li><li>6 de PUEBLO ESTHER<\/li><li>6 de ROLDAN<\/li><li>5 de BARRANCAS<\/li><li>5 de GALVEZ<\/li><li>5 de HUMBERTO PRIMO<\/li><li>5 de IBARLUCEA<\/li><li>5 de MURPHY<\/li><li>5 de PUERTO GENERAL SAN MARTIN<\/li><li>5 de RUFINO<\/li><li>5 de SALTO GRANDE<\/li><li>4 de BOMBAL<\/li><li>4 de FIRMAT<\/li><li>4 de PROGRESO<\/li><li>4 de SAN JAVIER<\/li><li>4 de SAN JERONIMO SUD<\/li><li>4 de SAUCE VIEJO<\/li><li>4 de TEODELINA<\/li><li>4 de VILLA CA\u00d1AS<\/li><li>3 de CORONEL ARNOLD<\/li><li>3 de EL TREBOL<\/li><li>3 de EMPALME VILLA CONSTITUCION<\/li><li>3 de FRANCK<\/li><li>3 de SANTA ROSA DE CALCHINES<\/li><li>3 de SOLDINI<\/li><li>2 de ACEBAL<\/li><li>2 de ARMSTRONG<\/li><li>2 de AROCENA<\/li><li>2 de BIGAND<\/li><li>2 de CASAS<\/li><li>2 de CAYASTA (1 caso notificado en otra jurisdicci\u00f3n)<\/li><li>2 de CHA\u00d1AR LADEADO<\/li><li>2 de HUGHES<\/li><li>2 de LAGUNA PAIVA<\/li><li>2 de LAS PAREJAS<\/li><li>2 de LAS TOSCAS<\/li><li>2 de MACIEL<\/li><li>2 de MELINCUE<\/li><li>2 de NELSON<\/li><li>2 de OLIVEROS<\/li><li>2 de RECONQUISTA<\/li><li>2 de RECREO<\/li><li>2 de SAN CARLOS CENTRO<\/li><li>2 de SAN JERONIMO NORTE<\/li><li>2 de SAN JOSE DEL RINCON<\/li><li>2 de SANFORD<\/li><li>2 de SASTRE<\/li><li>2 de TOSTADO<\/li><li>2 de TOTORAS<\/li><li>2 de VILLA AMELIA<\/li><li>2 de WHEELWRIGHT<\/li><li>2 de ZAVALLA<\/li><li>1 de ALVAREZ<\/li><li>1 de ALVEAR<\/li><li>1 de ARROYO SECO<\/li><li>1 de ATALIVA<\/li><li>1 de CALCHAQUI<\/li><li>1 de CA\u00d1ADA RICA<\/li><li>1 de CARRIZALES<\/li><li>1 de CERES<\/li><li>1 de CHABAS<\/li><li>1 de CORREA<\/li><li>1 de ELORTONDO<\/li><li>1 de EMILIA<\/li><li>1 de FIGHIERA<\/li><li>1 de FRONTERA (notificado en otra jurisdicci\u00f3n)<\/li><li>1 de JUNCAL<\/li><li>1 de LAS ROSAS<\/li><li>1 de LUIS PALACIOS<\/li><li>1 de MANUCHO<\/li><li>1 de MARIA SUSANA<\/li><li>1 de PAVON<\/li><li>1 de PUEBLO ANDINO<\/li><li>1 de RICARDONE<\/li><li>1 de SAN CARLOS NORTE<\/li><li>1 de SAN CARLOS SUD<\/li><li>1 de SAN JORGE<\/li><li>1 de SAN JOSE DE LA ESQUINA<\/li><li>1 de SANCTI SPIRITU<\/li><li>1 de SANTA ISABEL<\/li><li>1 de TRAILL<\/li><li>1 de VILLA GUILLERMINA<\/li><li>1 de VILLA MUGUETA<\/li><\/ul>\n\n\n\n<p><strong>Casos totales confirmados&nbsp;<\/strong><\/p>\n\n\n\n<p>El total de casos desde el comienzo de la pandemia a la fecha es&nbsp;<strong>38.369<\/strong>, de los cuales 1.867 casos fueron confirmados por criterio cl\u00ednico-epidemiol\u00f3gico y 36.502 por laboratorio.<\/p>\n\n\n\n<p><strong>Fallecidos<\/strong><\/p>\n\n\n\n<p>En el d\u00eda de la fecha se informa el fallecimiento de veintis\u00e9is (26) personas con COVID-19: 21 pacientes (57 a\u00f1os, 58 a\u00f1os, 59 a\u00f1os, 66 a\u00f1os, 69 a\u00f1os, 78 a\u00f1os, 79 a\u00f1os, 80 a\u00f1os, 81 a\u00f1os, 3 de 82 a\u00f1os, 83 a\u00f1os, 85 a\u00f1os, 86 a\u00f1os, 2 de 87 a\u00f1os, 88 a\u00f1os, 2 de 89 a\u00f1os y 90 a\u00f1os ) con residencia en la localidad de Rosario, 2 pacientes (50 a\u00f1os y 66 a\u00f1os) con residencia en la localidad de Chabas, 1 paciente (63 a\u00f1os) con residencia en la localidad de Las Rosas, 1 paciente (68 a\u00f1os) con residencia en la localidad de San Lorenzo y 1 paciente (58 a\u00f1os) con residencia en la localidad de Cilla Constituci\u00f3n.<\/p>\n\n\n\n<p>Hasta la fecha se registran un total de cuatrocientos once (411) fallecidos en la provincia.&nbsp;<\/p>\n\n\n\n<p><strong>Internados<\/strong><\/p>\n\n\n\n<p>Los pacientes internados y notificados en efectores p\u00fablicos son: ciento ochenta y tres (183) pacientes en Cuidados Intensivos (172 con asistencia respiratoria mec\u00e1nica y 11 sin asistencia respiratoria mec\u00e1nica) y trescientos setenta y cinco (375) en sala general.<\/p>\n\n\n\n<p>Los dem\u00e1s casos confirmados presentan una evoluci\u00f3n favorable.<\/p>\n\n\n\n<p><strong>Recuperados<\/strong><\/p>\n\n\n\n<p>Hay un total de 28.094 pacientes recuperados.<\/p>\n\n\n\n<p><strong>Activos<\/strong><\/p>\n\n\n\n<p>Hay un total de 9.864 pacientes activos.<\/p>\n\n\n\n<p><strong>Notificaciones<\/strong><\/p>\n\n\n\n<p>En la provincia se registraron 86.410 notificaciones de las cuales 41.478 fueron descartadas.<\/p>\n","protected":false},"excerpt":{"rendered":"<p>Informe actualizado al lunes 28 de septiembre a las 19 hs. El Ministerio de Salud de Santa Fe, a trav\u00e9s de la Direcci\u00f3n Provincial de Epidemiolog\u00eda, informa a la poblaci\u00f3n que en el d\u00eda de la fecha&nbsp;se han confirmado 1.574 casos nuevos de COVID-19, en el territorio provincial.&nbsp; Casos nuevos confirmados por localidades: 836 de <a href=\"https:\/\/armstrongyregion.com.ar\/diario\/situacion-epidemiologica-de-la-provincia-de-santa-fe-en-relacion-al-coronavirus-18\/\" title=\"Read more\" >&#8230;<\/a><\/p>\n","protected":false},"author":1,"featured_media":25112,"comment_status":"open","ping_status":"open","sticky":false,"template":"","format":"image","meta":{"_jetpack_memberships_contains_paid_content":false,"footnotes":"","jetpack_publicize_message":"","jetpack_publicize_feature_enabled":true,"jetpack_social_post_already_shared":true,"jetpack_social_options":{"image_generator_settings":{"template":"highway","default_image_id":0,"enabled":false},"version":2}},"categories":[8,1,2,7,4,3],"tags":[],"class_list":["post-27365","post","type-post","status-publish","format-image","has-post-thumbnail","hentry","category-deliberando","category-diario-armstrong","category-locales","category-politica","category-prevencion-salud","category-region","post_format-post-format-image"],"jetpack_publicize_connections":[],"jetpack_featured_media_url":"https:\/\/armstrongyregion.com.ar\/diario\/wp-content\/uploads\/2020\/03\/coronavirus-graphic-web-feature_1.jpg","jetpack_shortlink":"https:\/\/wp.me\/p62QDO-77n","jetpack_sharing_enabled":true,"amp_enabled":true,"_links":{"self":[{"href":"https:\/\/armstrongyregion.com.ar\/diario\/wp-json\/wp\/v2\/posts\/27365","targetHints":{"allow":["GET"]}}],"collection":[{"href":"https:\/\/armstrongyregion.com.ar\/diario\/wp-json\/wp\/v2\/posts"}],"about":[{"href":"https:\/\/armstrongyregion.com.ar\/diario\/wp-json\/wp\/v2\/types\/post"}],"author":[{"embeddable":true,"href":"https:\/\/armstrongyregion.com.ar\/diario\/wp-json\/wp\/v2\/users\/1"}],"replies":[{"embeddable":true,"href":"https:\/\/armstrongyregion.com.ar\/diario\/wp-json\/wp\/v2\/comments?post=27365"}],"version-history":[{"count":2,"href":"https:\/\/armstrongyregion.com.ar\/diario\/wp-json\/wp\/v2\/posts\/27365\/revisions"}],"predecessor-version":[{"id":27367,"href":"https:\/\/armstrongyregion.com.ar\/diario\/wp-json\/wp\/v2\/posts\/27365\/revisions\/27367"}],"wp:featuredmedia":[{"embeddable":true,"href":"https:\/\/armstrongyregion.com.ar\/diario\/wp-json\/wp\/v2\/media\/25112"}],"wp:attachment":[{"href":"https:\/\/armstrongyregion.com.ar\/diario\/wp-json\/wp\/v2\/media?parent=27365"}],"wp:term":[{"taxonomy":"category","embeddable":true,"href":"https:\/\/armstrongyregion.com.ar\/diario\/wp-json\/wp\/v2\/categories?post=27365"},{"taxonomy":"post_tag","embeddable":true,"href":"https:\/\/armstrongyregion.com.ar\/diario\/wp-json\/wp\/v2\/tags?post=27365"}],"curies":[{"name":"wp","href":"https:\/\/api.w.org\/{rel}","templated":true}]}}