{"id":27363,"date":"2020-09-28T21:46:44","date_gmt":"2020-09-28T21:46:44","guid":{"rendered":"https:\/\/armstrongyregion.com.ar\/diario\/?p=27363"},"modified":"2020-09-28T21:46:48","modified_gmt":"2020-09-28T21:46:48","slug":"la-intendenta-de-canada-de-gomez-contrajo-coronavirus","status":"publish","type":"post","link":"https:\/\/armstrongyregion.com.ar\/diario\/la-intendenta-de-canada-de-gomez-contrajo-coronavirus\/","title":{"rendered":"La intendenta de Ca\u00f1ada de G\u00f3mez contrajo coronavirus."},"content":{"rendered":"\n<figure class=\"wp-block-image size-large\"><img loading=\"lazy\" decoding=\"async\" width=\"413\" height=\"232\" src=\"http:\/\/armstrongyregion.com.ar\/diario\/wp-content\/uploads\/2020\/08\/Stella-Clerici-agosto-2020.jpg\" alt=\"\" class=\"wp-image-26852\" srcset=\"https:\/\/armstrongyregion.com.ar\/diario\/wp-content\/uploads\/2020\/08\/Stella-Clerici-agosto-2020.jpg 413w, https:\/\/armstrongyregion.com.ar\/diario\/wp-content\/uploads\/2020\/08\/Stella-Clerici-agosto-2020-300x169.jpg 300w\" sizes=\"auto, (max-width: 413px) 100vw, 413px\" \/><\/figure>\n\n\n\n<h2 class=\"wp-block-heading\"> Stella Cl\u00e9rici asegur\u00f3 que se encuentra en buen estado de salud. <\/h2>\n\n\n\n<p><strong>La intendenta de de Ca\u00f1ada de G\u00f3mez, Stella Cl\u00e9rici, confirm\u00f3 que se contagi\u00f3\u00a0<a href=\"https:\/\/www.lacapital.com.ar\/coronavirus-a21197.html\">coronavirus<\/a>\u00a0Covid-19<\/strong>. Lo hizo a trav\u00e9s de un mensaje en su perfil de la red social\u00a0<a href=\"https:\/\/www.lacapital.com.ar\/facebook-a6729.html\">Facebook<\/a>.<\/p>\n\n\n\n<p><strong>La funcionaria peronista indic\u00f3 que se encuentra \u00abbien en general\u00bb y respetando \u00ablos protocolos sanitarios correspondientes\u00bb.<\/strong><\/p>\n\n\n\n<p>Adem\u00e1s, manifest\u00f3 que \u00abdurante todos estos meses estuve trabajando intensamente en la administraci\u00f3n del municipio, esto implica cierta exposici\u00f3n a\u00fan cumpliendo con las medidas preventivas recomendadas por los especialistas\u00bb y aclar\u00f3 que sigue \u00abdesempe\u00f1ando mi trabajo desde casa, por mi ciudad\u00bb.<\/p>\n\n\n\n<p> <strong>\u00abQuiero pedirles que contin\u00faen respetando las medidas de prevenci\u00f3n, que se cuiden y cuiden a los dem\u00e1s\u00bb<\/strong>, finaliz\u00f3. <\/p>\n\n\n\n<p><\/p>\n","protected":false},"excerpt":{"rendered":"<p>Stella Cl\u00e9rici asegur\u00f3 que se encuentra en buen estado de salud. La intendenta de de Ca\u00f1ada de G\u00f3mez, Stella Cl\u00e9rici, confirm\u00f3 que se contagi\u00f3\u00a0coronavirus\u00a0Covid-19. Lo hizo a trav\u00e9s de un mensaje en su perfil de la red social\u00a0Facebook. La funcionaria peronista indic\u00f3 que se encuentra \u00abbien en general\u00bb y respetando \u00ablos protocolos sanitarios correspondientes\u00bb. Adem\u00e1s, <a href=\"https:\/\/armstrongyregion.com.ar\/diario\/la-intendenta-de-canada-de-gomez-contrajo-coronavirus\/\" title=\"Read more\" >&#8230;<\/a><\/p>\n","protected":false},"author":1,"featured_media":26852,"comment_status":"open","ping_status":"open","sticky":false,"template":"","format":"image","meta":{"_jetpack_memberships_contains_paid_content":false,"footnotes":"","jetpack_publicize_message":"","jetpack_publicize_feature_enabled":true,"jetpack_social_post_already_shared":true,"jetpack_social_options":{"image_generator_settings":{"template":"highway","default_image_id":0,"enabled":false},"version":2}},"categories":[8,1,2,7,3],"tags":[],"class_list":["post-27363","post","type-post","status-publish","format-image","has-post-thumbnail","hentry","category-deliberando","category-diario-armstrong","category-locales","category-politica","category-region","post_format-post-format-image"],"jetpack_publicize_connections":[],"jetpack_featured_media_url":"https:\/\/armstrongyregion.com.ar\/diario\/wp-content\/uploads\/2020\/08\/Stella-Clerici-agosto-2020.jpg","jetpack_shortlink":"https:\/\/wp.me\/p62QDO-77l","jetpack_sharing_enabled":true,"amp_enabled":true,"_links":{"self":[{"href":"https:\/\/armstrongyregion.com.ar\/diario\/wp-json\/wp\/v2\/posts\/27363","targetHints":{"allow":["GET"]}}],"collection":[{"href":"https:\/\/armstrongyregion.com.ar\/diario\/wp-json\/wp\/v2\/posts"}],"about":[{"href":"https:\/\/armstrongyregion.com.ar\/diario\/wp-json\/wp\/v2\/types\/post"}],"author":[{"embeddable":true,"href":"https:\/\/armstrongyregion.com.ar\/diario\/wp-json\/wp\/v2\/users\/1"}],"replies":[{"embeddable":true,"href":"https:\/\/armstrongyregion.com.ar\/diario\/wp-json\/wp\/v2\/comments?post=27363"}],"version-history":[{"count":1,"href":"https:\/\/armstrongyregion.com.ar\/diario\/wp-json\/wp\/v2\/posts\/27363\/revisions"}],"predecessor-version":[{"id":27364,"href":"https:\/\/armstrongyregion.com.ar\/diario\/wp-json\/wp\/v2\/posts\/27363\/revisions\/27364"}],"wp:featuredmedia":[{"embeddable":true,"href":"https:\/\/armstrongyregion.com.ar\/diario\/wp-json\/wp\/v2\/media\/26852"}],"wp:attachment":[{"href":"https:\/\/armstrongyregion.com.ar\/diario\/wp-json\/wp\/v2\/media?parent=27363"}],"wp:term":[{"taxonomy":"category","embeddable":true,"href":"https:\/\/armstrongyregion.com.ar\/diario\/wp-json\/wp\/v2\/categories?post=27363"},{"taxonomy":"post_tag","embeddable":true,"href":"https:\/\/armstrongyregion.com.ar\/diario\/wp-json\/wp\/v2\/tags?post=27363"}],"curies":[{"name":"wp","href":"https:\/\/api.w.org\/{rel}","templated":true}]}}