{"id":27360,"date":"2020-09-28T21:40:40","date_gmt":"2020-09-28T21:40:40","guid":{"rendered":"https:\/\/armstrongyregion.com.ar\/diario\/?p=27360"},"modified":"2020-09-28T21:40:44","modified_gmt":"2020-09-28T21:40:44","slug":"la-comunidad-de-godeken-le-dio-el-ultimo-adios-a-su-jefe-comunal","status":"publish","type":"post","link":"https:\/\/armstrongyregion.com.ar\/diario\/la-comunidad-de-godeken-le-dio-el-ultimo-adios-a-su-jefe-comunal\/","title":{"rendered":"La comunidad de G\u00f6deken le dio el \u00faltimo adi\u00f3s a su jefe comunal."},"content":{"rendered":"\n<figure class=\"wp-block-image size-large\"><img loading=\"lazy\" decoding=\"async\" width=\"642\" height=\"361\" src=\"http:\/\/armstrongyregion.com.ar\/diario\/wp-content\/uploads\/2020\/09\/rosselljpg.jpg\" alt=\"\" class=\"wp-image-27361\" srcset=\"https:\/\/armstrongyregion.com.ar\/diario\/wp-content\/uploads\/2020\/09\/rosselljpg.jpg 642w, https:\/\/armstrongyregion.com.ar\/diario\/wp-content\/uploads\/2020\/09\/rosselljpg-300x169.jpg 300w\" sizes=\"auto, (max-width: 642px) 100vw, 642px\" \/><\/figure>\n\n\n\n<h2 class=\"wp-block-heading\"> Jorge Rossell falleci\u00f3 ayer en Casilda a causa del Covid-19 y esta ma\u00f1ana fue despedido en su pueblo entre muestras de gratitud y reconocimiento.<\/h2>\n\n\n\n<p><strong>En un clima de profunda congoja la peque\u00f1a comunidad de G\u00f6deken despidi\u00f3 esta ma\u00f1ana los restos de su&nbsp;<a href=\"https:\/\/www.lacapital.com.ar\/jefe-comunal-a30127\">jefe comunal<\/a>, Jorge Rossell, quien falleci\u00f3 ayer a los 64 a\u00f1os en el Sanatorio Primordial de Casilda a causa del&nbsp;<a href=\"https:\/\/www.lacapital.com.ar\/coronavirus-a21197.html\">coronavirus<\/a>.<\/strong><\/p>\n\n\n\n<p>El caudillo peronista que gobern\u00f3 por m\u00e1s de dos d\u00e9cadas a esa localidad del departamento Caseros fue destinatario de muestras de respeto y agradecimiento de numerosos vecinos que se movilizaron espont\u00e1neamente para darle el \u00faltimo adi\u00f3s.<\/p>\n\n\n\n<p><strong>El reconocimiento a su figura qued\u00f3 visibilizado con un cerrado aplauso cuando el coche f\u00fanebre se detuvo unos minutos frente el edificio comunal para luego pasar por la iglesia y finalmente trasladarse hasta el cementerio local donde solo ingresaron familiares para una despedida \u00edntima.<\/strong><\/p>\n\n\n\n<p>En ese trayecto hacia su morada final, el cortejo f\u00fanebre fue escoltado por una larga caravana de autom\u00f3viles que se extendi\u00f3 unas diez cuadras.<\/p>\n\n\n\n<p><strong>Aunque no hubo velatorio debido a las restricciones impuestas por la&nbsp;<a href=\"https:\/\/www.lacapital.com.ar\/pandemia-a21433.html\">pandemia<\/a>, la comunidad no se priv\u00f3 de salir a la calle<\/strong>, respetando las medidas de prevenci\u00f3n sanitaria, para demostrarle su afecto al hombre que desde 1999 estuvo al frente de la comuna y marc\u00f3 huellas.<\/p>\n\n\n\n<p>Y esa gratitud popular al extinto pol\u00edtico que honr\u00f3 su cargo con acciones tambi\u00e9n puso de relieve la calidez humana de Rossell, quien no solo era valorado en su pago chico sino tambi\u00e9n por dirigentes de toda la regi\u00f3n que rescataron sus cualidades a trav\u00e9s de mensajes de despedida en las redes sociales.<\/p>\n\n\n\n<p><strong>En ese marco el jefe comunal de Bigand, Alejandro Ruggeri, poste\u00f3 en su cuente de Facebook que lo \u201cadmiraba por su sabidur\u00eda, y siempre nos aconsejaba sobre gesti\u00f3n a los m\u00e1s j\u00f3venes\u201d.<\/strong><\/p>\n\n\n\n<p>No menos elocuente fue&nbsp;<strong>el ex jefe comunal de la vecina localidad de Berabev\u00fa, Leonardo Bagnasco, al sostener que \u201cla gente de G\u00f6deken est\u00e1 destrozada porque Jorge (Rossell) no s\u00f3lo fue un dirigente de fuste sino un tipo excepcional al que todos quer\u00edan\u201d.<\/strong><\/p>\n\n\n\n<p>Y en esa misma l\u00ednea lo defini\u00f3 como \u201cun hombre sensible, conciliador y abierto que ten\u00eda todas las cualidadescomo pol\u00edtico adem\u00e1s de ser una gran persona que amaba a su familia y se desviv\u00eda por sus nietos\u201d.<\/p>\n\n\n\n<p>Bagnasco, quien estuvo en la despida y actualmente forma parte del equipo de trabajo del senador del departamento Caseros, Eduardo Rosconi, tambi\u00e9n record\u00f3 que \u201cviaj\u00e1bamos siempre juntos con Jorge a Santa Fe para realizar gestiones por nuestros pueblos y tuve la dicha de estrechar una amistad que agradecer\u00e9 toda la vida\u201d.<\/p>\n\n\n\n<p>A causa del fallecimiento de Rossell, el gobierno local decret\u00f3 tres d\u00edas de luto al tiempo que las banderas permanecen a media asta en todos los espacios p\u00fablicos y fueron suspendidas las actividades comunales.<\/p>\n\n\n\n<p><strong>Sucesi\u00f3n<\/strong><\/p>\n\n\n\n<p>Aunque no fue confirmado, trascendi\u00f3 que la comisi\u00f3n comunal de G\u00f6deken se reunir\u00eda en breve para tratar y definir la sucesi\u00f3n en el cargo que dej\u00f3 vacante el jefe comunal fallecido.<\/p>\n","protected":false},"excerpt":{"rendered":"<p>Jorge Rossell falleci\u00f3 ayer en Casilda a causa del Covid-19 y esta ma\u00f1ana fue despedido en su pueblo entre muestras de gratitud y reconocimiento. En un clima de profunda congoja la peque\u00f1a comunidad de G\u00f6deken despidi\u00f3 esta ma\u00f1ana los restos de su&nbsp;jefe comunal, Jorge Rossell, quien falleci\u00f3 ayer a los 64 a\u00f1os en el Sanatorio <a href=\"https:\/\/armstrongyregion.com.ar\/diario\/la-comunidad-de-godeken-le-dio-el-ultimo-adios-a-su-jefe-comunal\/\" title=\"Read more\" >&#8230;<\/a><\/p>\n","protected":false},"author":1,"featured_media":27361,"comment_status":"open","ping_status":"open","sticky":false,"template":"","format":"image","meta":{"_jetpack_memberships_contains_paid_content":false,"footnotes":"","jetpack_publicize_message":"","jetpack_publicize_feature_enabled":true,"jetpack_social_post_already_shared":true,"jetpack_social_options":{"image_generator_settings":{"template":"highway","default_image_id":0,"enabled":false},"version":2}},"categories":[8,1,7,4,3],"tags":[],"class_list":["post-27360","post","type-post","status-publish","format-image","has-post-thumbnail","hentry","category-deliberando","category-diario-armstrong","category-politica","category-prevencion-salud","category-region","post_format-post-format-image"],"jetpack_publicize_connections":[],"jetpack_featured_media_url":"https:\/\/armstrongyregion.com.ar\/diario\/wp-content\/uploads\/2020\/09\/rosselljpg.jpg","jetpack_shortlink":"https:\/\/wp.me\/p62QDO-77i","jetpack_sharing_enabled":true,"amp_enabled":true,"_links":{"self":[{"href":"https:\/\/armstrongyregion.com.ar\/diario\/wp-json\/wp\/v2\/posts\/27360","targetHints":{"allow":["GET"]}}],"collection":[{"href":"https:\/\/armstrongyregion.com.ar\/diario\/wp-json\/wp\/v2\/posts"}],"about":[{"href":"https:\/\/armstrongyregion.com.ar\/diario\/wp-json\/wp\/v2\/types\/post"}],"author":[{"embeddable":true,"href":"https:\/\/armstrongyregion.com.ar\/diario\/wp-json\/wp\/v2\/users\/1"}],"replies":[{"embeddable":true,"href":"https:\/\/armstrongyregion.com.ar\/diario\/wp-json\/wp\/v2\/comments?post=27360"}],"version-history":[{"count":1,"href":"https:\/\/armstrongyregion.com.ar\/diario\/wp-json\/wp\/v2\/posts\/27360\/revisions"}],"predecessor-version":[{"id":27362,"href":"https:\/\/armstrongyregion.com.ar\/diario\/wp-json\/wp\/v2\/posts\/27360\/revisions\/27362"}],"wp:featuredmedia":[{"embeddable":true,"href":"https:\/\/armstrongyregion.com.ar\/diario\/wp-json\/wp\/v2\/media\/27361"}],"wp:attachment":[{"href":"https:\/\/armstrongyregion.com.ar\/diario\/wp-json\/wp\/v2\/media?parent=27360"}],"wp:term":[{"taxonomy":"category","embeddable":true,"href":"https:\/\/armstrongyregion.com.ar\/diario\/wp-json\/wp\/v2\/categories?post=27360"},{"taxonomy":"post_tag","embeddable":true,"href":"https:\/\/armstrongyregion.com.ar\/diario\/wp-json\/wp\/v2\/tags?post=27360"}],"curies":[{"name":"wp","href":"https:\/\/api.w.org\/{rel}","templated":true}]}}