{"id":2735,"date":"2015-06-22T21:06:27","date_gmt":"2015-06-22T21:06:27","guid":{"rendered":"https:\/\/armstrongyregion.com.ar\/diario\/?p=2735"},"modified":"2015-06-22T21:06:27","modified_gmt":"2015-06-22T21:06:27","slug":"las-rosas-taller-de-secaderos-solares-actividad-de-autoconstruccion-%e2%80%8f","status":"publish","type":"post","link":"https:\/\/armstrongyregion.com.ar\/diario\/las-rosas-taller-de-secaderos-solares-actividad-de-autoconstruccion-%e2%80%8f\/","title":{"rendered":"Las Rosas. Taller de Secaderos Solares, actividad de autoconstrucci\u00f3n.\u200f"},"content":{"rendered":"<p><a href=\"http:\/\/armstrongyregion.com.ar\/diario\/wp-content\/uploads\/2015\/06\/SECADOR-SOLAR-PARA-CACAO-COLOMBIA.jpg\"><img loading=\"lazy\" decoding=\"async\" class=\"alignnone size-medium wp-image-2736\" src=\"http:\/\/armstrongyregion.com.ar\/diario\/wp-content\/uploads\/2015\/06\/SECADOR-SOLAR-PARA-CACAO-COLOMBIA-300x187.jpg\" alt=\"SECADOR SOLAR\" width=\"300\" height=\"187\" srcset=\"https:\/\/armstrongyregion.com.ar\/diario\/wp-content\/uploads\/2015\/06\/SECADOR-SOLAR-PARA-CACAO-COLOMBIA-300x187.jpg 300w, https:\/\/armstrongyregion.com.ar\/diario\/wp-content\/uploads\/2015\/06\/SECADOR-SOLAR-PARA-CACAO-COLOMBIA.jpg 500w\" sizes=\"auto, (max-width: 300px) 100vw, 300px\" \/><\/a>Desde la Secretaria de Estado de la Energ\u00eda, a trav\u00e9s de la Subsecretar\u00eda de Energ\u00edas Renovables, y el Area de Producci\u00f3n y Medio Ambiente de la Municipalidad, se invita a la Comunidad a participar del Taller de Secadero Solar, a dictarse el 17-18\/07.<\/p>\n<p>Los secaderos solares son dispositivos tecnol\u00f3gicos sencillos que permiten el aprovechamiento de la energ\u00eda solar t\u00e9rmica para la deshidrataci\u00f3n y\/o secado de diversos productos, como frutas, hortalizas, hierbas arom\u00e1ticas, carnes y pescado. De esta manera, los alimentos puedan ser almacenados y consumidos tiempo despu\u00e9s, as\u00ed es posible agregarles valor, adem\u00e1s de fomentar el uso de una energ\u00eda limpia y renovable.<\/p>\n<p>El Taller ser\u00e1 desarrollado por especialistas y estar\u00e1 orientado a productores de frutas, verduras, plantas arom\u00e1ticas, etc., docentes de escuelas agrot\u00e9cnicas, personas de instituciones vinculadas a actividades de promoci\u00f3n de energ\u00edas renovables y\/o de educaci\u00f3n ambiental.<\/p>\n<p>La metodolog\u00eda incluye contenidos te\u00f3ricos y un m\u00f3dulo pr\u00e1ctico, en el cual se fabricar\u00e1 un secadero solar, de 2m2 de colector que quedar\u00e1 en funcionamiento en una Instituci\u00f3n operativa.<\/p>\n<p>Los cupos son limitados, para consultas e inscripciones:produccion@lasrosas.gob.ar o 451001 Int.121<\/p>\n","protected":false},"excerpt":{"rendered":"<p>Desde la Secretaria de Estado de la Energ\u00eda, a trav\u00e9s de la Subsecretar\u00eda de Energ\u00edas Renovables, y el Area de Producci\u00f3n y Medio Ambiente de la Municipalidad, se invita a la Comunidad a participar del Taller de Secadero Solar, a dictarse el 17-18\/07. Los secaderos solares son dispositivos tecnol\u00f3gicos sencillos que permiten el aprovechamiento de <a href=\"https:\/\/armstrongyregion.com.ar\/diario\/las-rosas-taller-de-secaderos-solares-actividad-de-autoconstruccion-%e2%80%8f\/\" title=\"Read more\" >&#8230;<\/a><\/p>\n","protected":false},"author":2,"featured_media":2736,"comment_status":"open","ping_status":"open","sticky":false,"template":"","format":"standard","meta":{"_jetpack_memberships_contains_paid_content":false,"footnotes":"","jetpack_publicize_message":"","jetpack_publicize_feature_enabled":true,"jetpack_social_post_already_shared":false,"jetpack_social_options":{"image_generator_settings":{"template":"highway","default_image_id":0,"enabled":false},"version":2}},"categories":[1,3],"tags":[170,2045,19,23,361,2043,2044,129],"class_list":["post-2735","post","type-post","status-publish","format-standard","has-post-thumbnail","hentry","category-diario-armstrong","category-region","tag-actividad","tag-autoconstruccion-","tag-de","tag-las","tag-rosas","tag-secaderos","tag-solares","tag-taller"],"jetpack_publicize_connections":[],"jetpack_featured_media_url":"https:\/\/armstrongyregion.com.ar\/diario\/wp-content\/uploads\/2015\/06\/SECADOR-SOLAR-PARA-CACAO-COLOMBIA.jpg","jetpack_shortlink":"https:\/\/wp.me\/p62QDO-I7","jetpack_sharing_enabled":true,"amp_enabled":true,"_links":{"self":[{"href":"https:\/\/armstrongyregion.com.ar\/diario\/wp-json\/wp\/v2\/posts\/2735","targetHints":{"allow":["GET"]}}],"collection":[{"href":"https:\/\/armstrongyregion.com.ar\/diario\/wp-json\/wp\/v2\/posts"}],"about":[{"href":"https:\/\/armstrongyregion.com.ar\/diario\/wp-json\/wp\/v2\/types\/post"}],"author":[{"embeddable":true,"href":"https:\/\/armstrongyregion.com.ar\/diario\/wp-json\/wp\/v2\/users\/2"}],"replies":[{"embeddable":true,"href":"https:\/\/armstrongyregion.com.ar\/diario\/wp-json\/wp\/v2\/comments?post=2735"}],"version-history":[{"count":0,"href":"https:\/\/armstrongyregion.com.ar\/diario\/wp-json\/wp\/v2\/posts\/2735\/revisions"}],"wp:featuredmedia":[{"embeddable":true,"href":"https:\/\/armstrongyregion.com.ar\/diario\/wp-json\/wp\/v2\/media\/2736"}],"wp:attachment":[{"href":"https:\/\/armstrongyregion.com.ar\/diario\/wp-json\/wp\/v2\/media?parent=2735"}],"wp:term":[{"taxonomy":"category","embeddable":true,"href":"https:\/\/armstrongyregion.com.ar\/diario\/wp-json\/wp\/v2\/categories?post=2735"},{"taxonomy":"post_tag","embeddable":true,"href":"https:\/\/armstrongyregion.com.ar\/diario\/wp-json\/wp\/v2\/tags?post=2735"}],"curies":[{"name":"wp","href":"https:\/\/api.w.org\/{rel}","templated":true}]}}